{"id":2281,"date":"2023-10-18T14:55:58","date_gmt":"2023-10-18T12:55:58","guid":{"rendered":"https:\/\/pasaenmendoza.com\/?p=2281"},"modified":"2023-10-18T14:55:59","modified_gmt":"2023-10-18T12:55:59","slug":"dos-ninos-graves-tras-un-accidente-en-guaymallen","status":"publish","type":"post","link":"https:\/\/pasaenmendoza.com\/?p=2281","title":{"rendered":"Dos ni\u00f1os graves tras un accidente en Guaymall\u00e9n"},"content":{"rendered":"\n<p>Dos menores est\u00e1n internados en grave estado en el\u00a0<strong>Hospital Notti<\/strong>, luego de sufrir un accidente de tr\u00e1nsito este mi\u00e9rcoles en\u00a0<strong>Guaymall\u00e9n<\/strong>.<\/p>\n\n\n\n<p>De acuerdo con la informaci\u00f3n oficial, el hecho ocurri\u00f3 aproximadamente a las 6.20 en calle\u00a0<strong>Buenos Vecinos e Isabel La Cat\u00f3lica<\/strong>, por donde transitaba un VW Gol Trend al mando de la madre de los ni\u00f1os. Sin intervenci\u00f3n de terceros y por razones que se desconocen, la conductora de 38 a\u00f1os perdi\u00f3 el dominio del rodado,\u00a0<strong>que cay\u00f3 en un zanj\u00f3n<\/strong>, quedando los tres ocupantes atrapados en el habit\u00e1culo.<\/p>\n\n\n\n<p>Con la intervenci\u00f3n de bomberos del Cuartel Central, se logr\u00f3 rescatar en primer t\u00e9rmino a los menores, quienes fueron trasladados al Notti,\u00a0<strong>en grave estado<\/strong>. Posteriormente lograron extraer a la la conductora del veh\u00edculo, que fue derivada al Hospital Central.<\/p>\n\n\n\n<p>Una ni\u00f1a de 13 a\u00f1os sufri\u00f3 m\u00faltiples golpes y traumatismo enc\u00e9falocraneano (TEC) grave, por lo que fue ingresada al quir\u00f3fano. Su hermano, de 8, padeci\u00f3 politraumatismos.<\/p>\n\n\n\n<p><strong>Fuente: www.elsol.com.ar<\/strong><\/p>\n","protected":false},"excerpt":{"rendered":"<p>Dos menores est\u00e1n internados en grave estado en el\u00a0Hospital Notti, luego de sufrir un accidente de tr\u00e1nsito este mi\u00e9rcoles en\u00a0Guaymall\u00e9n. De acuerdo con la informaci\u00f3n oficial, el hecho ocurri\u00f3 aproximadamente a las 6.20 en calle\u00a0Buenos Vecinos e Isabel La Cat\u00f3lica, por donde transitaba un VW Gol Trend al mando de la madre de los ni\u00f1os. [&hellip;]<\/p>\n","protected":false},"author":2,"featured_media":2282,"comment_status":"open","ping_status":"open","sticky":false,"template":"","format":"standard","meta":[],"categories":[48],"tags":[],"_links":{"self":[{"href":"https:\/\/pasaenmendoza.com\/index.php?rest_route=\/wp\/v2\/posts\/2281"}],"collection":[{"href":"https:\/\/pasaenmendoza.com\/index.php?rest_route=\/wp\/v2\/posts"}],"about":[{"href":"https:\/\/pasaenmendoza.com\/index.php?rest_route=\/wp\/v2\/types\/post"}],"author":[{"embeddable":true,"href":"https:\/\/pasaenmendoza.com\/index.php?rest_route=\/wp\/v2\/users\/2"}],"replies":[{"embeddable":true,"href":"https:\/\/pasaenmendoza.com\/index.php?rest_route=%2Fwp%2Fv2%2Fcomments&post=2281"}],"version-history":[{"count":1,"href":"https:\/\/pasaenmendoza.com\/index.php?rest_route=\/wp\/v2\/posts\/2281\/revisions"}],"predecessor-version":[{"id":2283,"href":"https:\/\/pasaenmendoza.com\/index.php?rest_route=\/wp\/v2\/posts\/2281\/revisions\/2283"}],"wp:featuredmedia":[{"embeddable":true,"href":"https:\/\/pasaenmendoza.com\/index.php?rest_route=\/wp\/v2\/media\/2282"}],"wp:attachment":[{"href":"https:\/\/pasaenmendoza.com\/index.php?rest_route=%2Fwp%2Fv2%2Fmedia&parent=2281"}],"wp:term":[{"taxonomy":"category","embeddable":true,"href":"https:\/\/pasaenmendoza.com\/index.php?rest_route=%2Fwp%2Fv2%2Fcategories&post=2281"},{"taxonomy":"post_tag","embeddable":true,"href":"https:\/\/pasaenmendoza.com\/index.php?rest_route=%2Fwp%2Fv2%2Ftags&post=2281"}],"curies":[{"name":"wp","href":"https:\/\/api.w.org\/{rel}","templated":true}]}}