{"id":2284,"date":"2023-10-18T15:06:08","date_gmt":"2023-10-18T13:06:08","guid":{"rendered":"https:\/\/pasaenmendoza.com\/?p=2284"},"modified":"2023-10-18T15:06:08","modified_gmt":"2023-10-18T13:06:08","slug":"el-boleto-de-micros-en-mendoza-costaria-850-sin-subsidios","status":"publish","type":"post","link":"https:\/\/pasaenmendoza.com\/?p=2284","title":{"rendered":"El boleto de micros en Mendoza costar\u00eda $850 sin subsidios"},"content":{"rendered":"\n<p>El Gobierno Nacional, por medio del ministro de Transporte de la Naci\u00f3n,\u00a0<strong>Diego Giuliano<\/strong>, anunci\u00f3 que\u00a0los pasajeros podr\u00e1n renunciar a los\u00a0<strong>subsidios<\/strong>\u00a0aplicados en las tarifas de transporte p\u00fablico y abonar la tarifa plena.<\/p>\n\n\n\n<p>Seg\u00fan el funcionario nacional, el objetivo es &#8220;lograr una redistribuci\u00f3n del ingreso a favor de los sectores de la poblaci\u00f3n que se encuentran en una situaci\u00f3n de mayor vulnerabilidad&#8221;. Si bien el anuncio afecta en principio a los usuarios\u00a0 de las l\u00edneas de jurisdicci\u00f3n nacional en el \u00c1rea Metropolitana de Buenos Aires (AMBA), se invita a los 53 distritos que cuentan con el sistema SUBE, como es el caso del Gran Mendoza, para que adhieran a la medida que entrar\u00e1 en vigencia el 27 de octubre.\u00a0\u00a0<\/p>\n\n\n\n<p>Sin embargo, desde el Gobierno local confirmaron que se enteraron por los medios. &#8220;No conocemos m\u00e1s detalles. \u00c9sto, no es\u00a0 m\u00e1s que otro acto de improvisaci\u00f3n del Ministerio de Transporte, al cual nos tiene acostubrados desde el incio de esta gesti\u00f3n. No tiene ning\u00fan asidero esto. No se puede implementar. \u00bfC\u00f3mo ser\u00eda?\u00bfEl chofer deber\u00eda apretar un bot\u00f3n y cobrar distinto?; no existe eso. Es algo anunciado a seis d\u00edas de una elecci\u00f3n&#8221;, dijo el Secretario de Servicios P\u00fablicos, Natalio Mema.<\/p>\n\n\n\n<p>&#8220;Ni siquiera saben cu\u00e1l es el costo del servicio en AMBA porque no lo controlan;\u00a0 les aumentan las partidas cada semana sin conocer el costo ni mucho menos auditarlo. No hay licitaciones p\u00fablicas en el AMBA; no hay audiendias p\u00fablica para conocer el costo del sistema. Y en el marco de toda esa falta de informaci\u00f3n, toman esta medida que no tiene otro sentido m\u00e1s que el hacer un efecto electoral raro&#8221;, destac\u00f3.\u00a0<\/p>\n\n\n\n<p>Asimismo, Mema explic\u00f3 que &#8220;en Mendoza,\u00a0 si no hubiese ning\u00fan beneficio para nadie y pagaran todos el 100% del costo del boleto de micros deber\u00eda\u00a0<strong>costar unos $850<\/strong>&#8220;.\u00a0\u00a0<\/p>\n\n\n\n<p>&#8220;En\u00a0 la provincia, tenemos m\u00e1s del 80% de los usuarios registrados, un 50% ocupa el abono de uso frecuente (premia al que m\u00e1s viaja, mientras m\u00e1s lo usas menos pagas con un descuento de hasta el 50% del boleto). Ah\u00ed incentivas al uso m\u00e1s all\u00e1 de la capacidad de pago. Y por eso es el \u00fanico sistema del pa\u00eds que registra usos hist\u00f3ricos, muy por encima de los datos prepandemia. Porque medimos, controlamos y pagamos con par\u00e1metros de calidad&#8221;.<\/p>\n\n\n\n<p><strong>\u00bfCu\u00e1ndo y cu\u00e1nto aumenta el boleto en Mendoza?<\/strong><\/p>\n\n\n\n<p><strong>Mema<\/strong>\u00a0indic\u00f3 que &#8220;el precio que estamos pagando hoy ($70),\u00a0 es en base a los costos de octubre del a\u00f1o pasado. Imaginen c\u00f3mo ha variado eso. En la \u00faltima audiencia p\u00fablica, nos daba un aumento del 130% y todav\u00eda no ten\u00edamos la devaluaci\u00f3n post paso (20%) , que nos trajo aparejado una inflaci\u00f3n de dos d\u00edgitos&#8221;.<\/p>\n\n\n\n<p>&#8220;Hoy ya tenemos un aumento de costos del alrededor del 168%. Todav\u00eda estamos en el proceso administrativo y necesitamos el dictamen del fiscal de Estado, para tener el decreto listo y poder tomar la decisi\u00f3n. Esperamos tener todo listo la semana que viene. La directiva que nos ha dado el gobernador es que junto con el Minsiterio de Hacienda intentemos que este impacto no vaya todo junto al usuario, o no en ese porcentaje (160%), por lo que creemos que vamos a tener aumento escalonados y en un porcentaje menor&#8221;, se\u00f1al\u00f3.<\/p>\n\n\n\n<p>Por \u00faltimo\u00a0 Natalio Mema admiti\u00f3 que una parte del incremento en el pasaje se aplicar\u00e1 durante este gobierno (Suarez) y el resto en la gesti\u00f3n que viene, de\u00a0<strong>Alfredo Cornejo<\/strong>.\u00a0<\/p>\n\n\n\n<p><strong>Fuente: www.mendozapost.com<\/strong><\/p>\n","protected":false},"excerpt":{"rendered":"<p>El Gobierno Nacional, por medio del ministro de Transporte de la Naci\u00f3n,\u00a0Diego Giuliano, anunci\u00f3 que\u00a0los pasajeros podr\u00e1n renunciar a los\u00a0subsidios\u00a0aplicados en las tarifas de transporte p\u00fablico y abonar la tarifa plena. Seg\u00fan el funcionario nacional, el objetivo es &#8220;lograr una redistribuci\u00f3n del ingreso a favor de los sectores de la poblaci\u00f3n que se encuentran en [&hellip;]<\/p>\n","protected":false},"author":2,"featured_media":2285,"comment_status":"open","ping_status":"open","sticky":false,"template":"","format":"standard","meta":[],"categories":[50],"tags":[],"_links":{"self":[{"href":"https:\/\/pasaenmendoza.com\/index.php?rest_route=\/wp\/v2\/posts\/2284"}],"collection":[{"href":"https:\/\/pasaenmendoza.com\/index.php?rest_route=\/wp\/v2\/posts"}],"about":[{"href":"https:\/\/pasaenmendoza.com\/index.php?rest_route=\/wp\/v2\/types\/post"}],"author":[{"embeddable":true,"href":"https:\/\/pasaenmendoza.com\/index.php?rest_route=\/wp\/v2\/users\/2"}],"replies":[{"embeddable":true,"href":"https:\/\/pasaenmendoza.com\/index.php?rest_route=%2Fwp%2Fv2%2Fcomments&post=2284"}],"version-history":[{"count":1,"href":"https:\/\/pasaenmendoza.com\/index.php?rest_route=\/wp\/v2\/posts\/2284\/revisions"}],"predecessor-version":[{"id":2286,"href":"https:\/\/pasaenmendoza.com\/index.php?rest_route=\/wp\/v2\/posts\/2284\/revisions\/2286"}],"wp:featuredmedia":[{"embeddable":true,"href":"https:\/\/pasaenmendoza.com\/index.php?rest_route=\/wp\/v2\/media\/2285"}],"wp:attachment":[{"href":"https:\/\/pasaenmendoza.com\/index.php?rest_route=%2Fwp%2Fv2%2Fmedia&parent=2284"}],"wp:term":[{"taxonomy":"category","embeddable":true,"href":"https:\/\/pasaenmendoza.com\/index.php?rest_route=%2Fwp%2Fv2%2Fcategories&post=2284"},{"taxonomy":"post_tag","embeddable":true,"href":"https:\/\/pasaenmendoza.com\/index.php?rest_route=%2Fwp%2Fv2%2Ftags&post=2284"}],"curies":[{"name":"wp","href":"https:\/\/api.w.org\/{rel}","templated":true}]}}