{"id":2290,"date":"2023-10-18T15:45:21","date_gmt":"2023-10-18T13:45:21","guid":{"rendered":"https:\/\/pasaenmendoza.com\/?p=2290"},"modified":"2023-10-18T15:45:22","modified_gmt":"2023-10-18T13:45:22","slug":"los-docentes-van-a-paritarias-este-jueves-tras-el-105-de-inflacion-acumulada","status":"publish","type":"post","link":"https:\/\/pasaenmendoza.com\/?p=2290","title":{"rendered":"Los docentes van a paritarias este jueves tras el 105% de inflaci\u00f3n acumulada"},"content":{"rendered":"\n<p>El\u00a0Sindicato \u00danico de Trabajadores del Estado (<strong>SUTE<\/strong>)\u00a0arrancar\u00e1 este jueves una nueva tanda de\u00a0<strong>paritarias\u00a0<\/strong>estatales en\u00a0<strong>Mendoza<\/strong>. Mientras otras agrupaciones esperan tambi\u00e9n sentarse a negociar, los docentes tienen ya definido por un acta previa que la fecha para la discusi\u00f3n es la de este 19. Plantear\u00e1n nuevamente el pago de los aumentos adeudados desde 2020 y ser\u00e1 el primer cara a cara entre el Ejecutivo y representantes de trabajadores luego del casi 17% de inflaci\u00f3n mensual sufrido por Mendoza en septiembre.<\/p>\n\n\n\n<p>Los educadores nucleados en&nbsp;<strong>el gremio m\u00e1s grande de la provincia&nbsp;<\/strong>volver\u00e1n a tener su debate salarial. A las ya normales hostilidades con la gesti\u00f3n de Rodolfo Suarez, se sum\u00f3 por estos d\u00edas una&nbsp;<strong>aceleraci\u00f3n de la espiral inflacionaria&nbsp;<\/strong>que los empuj\u00f3 a nuevos reclamos durante los \u00faltimos d\u00edas. El pasado martes -como hacen todos los 10 de cada mes<strong>&#8211; Carina Sedano, titular del gremio<\/strong>, y un pu\u00f1ado de sindicalistas volvieron a la calle para pedirle aumentos a la gesti\u00f3n saliente.<\/p>\n\n\n\n<p>Sab\u00edan que ya estaba\u00a0<strong>dispuesto en la \u00faltima documentaci\u00f3n conjunta un reencuentro<\/strong>\u00a0para fines de esta semana. Ese d\u00eda profundizaron sobre su principal reclamo, que son los aumentos porcentuales no brindados durante el a\u00f1o en que debut\u00f3 el gobernador al frente de la provincia. Incluso funciona en la p\u00e1gina oficial del SUTE un contador que tiene al mandatario provincial como destinatario:<strong>\u00a0&#8220;Gobernador, le quedan 53 d\u00edas para pagar lo que debe del 2020<\/strong>\u00a0a los y las trabajadoras&#8221;, marca ese reloj, que adem\u00e1s tiene andando horas, minutos y segundos.<\/p>\n\n\n\n<p>Hasta el momento, los&nbsp;<strong>estatales cerraron un 85,5% de incrementos&nbsp;<\/strong>hasta el mes de octubre, pero esos porcentajes fueron negociados antes de conocer las cifras inflacionarias con las que cerrar\u00eda el tercer trimestre. Ahora, ambas partes deber\u00e1n<strong>&nbsp;analizar el 105,5% acumulado que tiene la provincia<\/strong>. No s\u00f3lo para el SUTE, sino para todas las agrupaciones de empleados estatales, que a pesar de no tener fecha definida, se sabe tambi\u00e9n programaron revisiones para mediados de este mes.&nbsp;<strong>Es inminente que el Gobierno publique dichos cronogramas.<\/strong><\/p>\n\n\n\n<p>Si bien no se sabe cu\u00e1nto es lo que ofrecer\u00e1n en la\u00a0<strong>Subsecretar\u00eda de Trabajo<\/strong>, se esperan discusiones tambi\u00e9n por otros aspectos ligados a la percepci\u00f3n de los docentes. El SUTE viene de lograr un acuerdo por un\u00a0<strong>piso salarial de 200 mil pesos para trabajadores que no superen los once a\u00f1os de antig\u00fcedad.<\/strong><\/p>\n\n\n\n<h2 class=\"wp-block-heading\">Alertan por la continuidad del \u00e9xodo de m\u00e9dicos<\/h2>\n\n\n\n<p>La<strong>\u00a0Asociaci\u00f3n Mendocina de Profesionales de la Salud<\/strong>\u00a0<strong>(AMPROS)<\/strong>\u00a0tambi\u00e9n est\u00e1 solicitando reapertura paritaria cuanto antes. Emiti\u00f3 un comunicado d\u00edas atr\u00e1s en el que no s\u00f3lo critica la pol\u00edtica salarial del Gobierno, sino que adem\u00e1s se\u00f1ala que, producto de sueldos considerados demasiado bajos, probablemente<strong>\u00a0contin\u00fae el \u00e9xodo de profesionales de la provincia;<\/strong>\u00a0un fen\u00f3meno que pone en\u00a0<strong>aprietos al sistema de salud de todo Mendoza\u00a0<\/strong>y que fue\u00a0<strong>admitido<\/strong>\u00a0incluso por el oficialismo provincial.<\/p>\n\n\n\n<p><strong>AMPROS<\/strong>&nbsp;se\u00f1al\u00f3 como preocupante el hecho de que haya&nbsp;<strong>&#8220;proyecciones de 140% de inflaci\u00f3n anual por parte del Banco Central, contra aumentos del 69,5%,&nbsp;<\/strong>que son los que nos han otorgado&#8221;. Adem\u00e1s, centraron su planteo en la necesidad de proteger al recurso humano cr\u00edtico: el que -se\u00f1alan- est\u00e1 en peligro por las condiciones econ\u00f3micas que afronta el pa\u00eds y que repercute en los<strong>&nbsp;mecanismos sanitarios estatales.<\/strong>&nbsp;Adem\u00e1s, solicitaron de inmediato que vuelva a reunirse la&nbsp;<strong>Comisi\u00f3n Negociadora Salarial.<\/strong><\/p>\n\n\n\n<p>Por su parte,\u00a0<strong>ATE, otro de los sindicatos con m\u00e1s poder de fuego\u00a0<\/strong>-y donde viene de revalidarse\u00a0<strong>Roberto Macho<\/strong>\u00a0como conductor por otros cuatro a\u00f1os-, tambi\u00e9n le plante\u00f3 al Gobierno la necesidad de sentarse a discutir cuanto antes. Apuntaron a una solicitud que mantienen desde hace tiempo: que todos\u00a0<strong>los sueldos de sus afiliados queden empardados con la Canasta B\u00e1sica<\/strong>, argumentando la\u00a0<strong>p\u00e9rdida constante de poder adquisitivo<\/strong>\u00a0de los trabajadores nucleados all\u00ed. &#8220;A\u00fan no sabemos cu\u00e1ndo nos juntamos.\u00a0<strong>No tenemos nada<\/strong>&#8220;, dijeron a este medio.<\/p>\n\n\n\n<p>Todos estos pedidos llegan apenas un pu\u00f1ado de d\u00edas despu\u00e9s de que se conociese una<strong>&nbsp;inflaci\u00f3n r\u00e9cord en la provincia: 16,9%&nbsp;<\/strong>durante septiembre. Cifra que no s\u00f3lo llama la atenci\u00f3n por lo&nbsp;<strong>in\u00e9dita&nbsp;<\/strong>y por su&nbsp;<strong>cercan\u00eda a los 20 puntos de IPC<\/strong>, sino tambi\u00e9n porque fue un&nbsp;<strong>4% mayor que el promedio de incrementos en todo el pa\u00eds.&nbsp;<\/strong>Diferencia abultada que, de acuerdo a datos oficiales, s\u00f3lo se dio una vez en los \u00faltimos a\u00f1os.<\/p>\n\n\n\n<p>De todos modos, por el momento comunicaron a&nbsp;<strong>Diario UNO que la DEIE no est\u00e1 pensando en estudios espec\u00edficos<\/strong>&nbsp;por ese desfase.<\/p>\n\n\n\n<p>&#8220;Es una cifra muy llamativa, desde luego, pero si uno mira el 140% de inflaci\u00f3n interanual,<strong>\u00a0Mendoza tiene apenas dos puntos de diferencia con la Naci\u00f3n.<\/strong>\u00a0No es algo que se haya ido de las manos ni que deba llamarnos la atenci\u00f3n por dem\u00e1s. Si se transformara en un fen\u00f3meno sostenido en el tiempo, entonces s\u00ed podr\u00eda hablarse de equipos aboc\u00e1ndose a precisar el porqu\u00e9&#8221;, contaron desde la Direcci\u00f3n de Estad\u00edsticas y Censos.<\/p>\n\n\n\n<p><strong>Fuente: www.diariouno.com.ar<\/strong><\/p>\n","protected":false},"excerpt":{"rendered":"<p>El\u00a0Sindicato \u00danico de Trabajadores del Estado (SUTE)\u00a0arrancar\u00e1 este jueves una nueva tanda de\u00a0paritarias\u00a0estatales en\u00a0Mendoza. Mientras otras agrupaciones esperan tambi\u00e9n sentarse a negociar, los docentes tienen ya definido por un acta previa que la fecha para la discusi\u00f3n es la de este 19. Plantear\u00e1n nuevamente el pago de los aumentos adeudados desde 2020 y ser\u00e1 el [&hellip;]<\/p>\n","protected":false},"author":2,"featured_media":2291,"comment_status":"open","ping_status":"open","sticky":false,"template":"","format":"standard","meta":[],"categories":[56],"tags":[],"_links":{"self":[{"href":"https:\/\/pasaenmendoza.com\/index.php?rest_route=\/wp\/v2\/posts\/2290"}],"collection":[{"href":"https:\/\/pasaenmendoza.com\/index.php?rest_route=\/wp\/v2\/posts"}],"about":[{"href":"https:\/\/pasaenmendoza.com\/index.php?rest_route=\/wp\/v2\/types\/post"}],"author":[{"embeddable":true,"href":"https:\/\/pasaenmendoza.com\/index.php?rest_route=\/wp\/v2\/users\/2"}],"replies":[{"embeddable":true,"href":"https:\/\/pasaenmendoza.com\/index.php?rest_route=%2Fwp%2Fv2%2Fcomments&post=2290"}],"version-history":[{"count":1,"href":"https:\/\/pasaenmendoza.com\/index.php?rest_route=\/wp\/v2\/posts\/2290\/revisions"}],"predecessor-version":[{"id":2292,"href":"https:\/\/pasaenmendoza.com\/index.php?rest_route=\/wp\/v2\/posts\/2290\/revisions\/2292"}],"wp:featuredmedia":[{"embeddable":true,"href":"https:\/\/pasaenmendoza.com\/index.php?rest_route=\/wp\/v2\/media\/2291"}],"wp:attachment":[{"href":"https:\/\/pasaenmendoza.com\/index.php?rest_route=%2Fwp%2Fv2%2Fmedia&parent=2290"}],"wp:term":[{"taxonomy":"category","embeddable":true,"href":"https:\/\/pasaenmendoza.com\/index.php?rest_route=%2Fwp%2Fv2%2Fcategories&post=2290"},{"taxonomy":"post_tag","embeddable":true,"href":"https:\/\/pasaenmendoza.com\/index.php?rest_route=%2Fwp%2Fv2%2Ftags&post=2290"}],"curies":[{"name":"wp","href":"https:\/\/api.w.org\/{rel}","templated":true}]}}