{"id":2299,"date":"2023-10-18T16:31:14","date_gmt":"2023-10-18T14:31:14","guid":{"rendered":"https:\/\/pasaenmendoza.com\/?p=2299"},"modified":"2023-10-18T16:31:15","modified_gmt":"2023-10-18T14:31:15","slug":"este-es-el-cronograma-de-desinfeccion-de-arbolado-urbano-en-la-ciudad","status":"publish","type":"post","link":"https:\/\/pasaenmendoza.com\/?p=2299","title":{"rendered":"Este es el cronograma de desinfecci\u00f3n de arbolado urbano en la Ciudad"},"content":{"rendered":"\n<p>La\u00a0<strong>Ciudad\u00a0<\/strong>de Mendoza\u00a0contin\u00faa con las tareas de\u00a0<strong>arbolado\u00a0<\/strong>y\u00a0<strong>desinfecci\u00f3n\u00a0<\/strong>en distintos puntos del departamento.<\/p>\n\n\n\n<p>En esta ocasi\u00f3n, las mismas comenzaron este martes 17 y durar\u00e1n hasta el s\u00e1bado 21 de octubre. Tambi\u00e9n, tendr\u00e1 lugar un nuevo itinerario del Programa de Control Biol\u00f3gico de Plagas, con labores los d\u00edas jueves 19 y viernes 20.<\/p>\n\n\n\n<h3 class=\"wp-block-heading\">El cronograma de trabajos<\/h3>\n\n\n\n<p>Desinfecci\u00f3n de arbolado urbano por pulverizaci\u00f3n:<\/p>\n\n\n\n<ul>\n<li>Martes 17 &#8211; Cuarta Secci\u00f3n Oeste<\/li>\n<\/ul>\n\n\n\n<p>F. Ameghino completa.&nbsp;<\/p>\n\n\n\n<p>Patricias Mendocinas, entre Hudson y Mosconi.\u00a0<\/p>\n\n\n\n<p>Espa\u00f1a, entre Hudson y Mosconi.<\/p>\n\n\n\n<ul>\n<li>Desinfecci\u00f3n nocturna<\/li>\n<\/ul>\n\n\n\n<p>J. A. Calle y Fader completas en horario de 21.00 a 3.00.<\/p>\n\n\n\n<ul>\n<li>Jueves 19 &#8211; Sexta Secci\u00f3n<\/li>\n<\/ul>\n\n\n\n<p>Paran\u00e1 completa.\u00a0<\/p>\n\n\n\n<p>Moldes completa.<\/p>\n\n\n\n<ul>\n<li>Viernes 20 &#8211; Cuarta Secci\u00f3n Oeste<\/li>\n<\/ul>\n\n\n\n<p>Cadetes Chilenos completa.<\/p>\n\n\n\n<p>La Plata, entre Mitre y San Mart\u00edn.&nbsp;<\/p>\n\n\n\n<p>Soler, entre Mitre y San Mart\u00edn.&nbsp;<\/p>\n\n\n\n<ul>\n<li>S\u00e1bado 21 &#8211; Segunda Secci\u00f3n<\/li>\n<\/ul>\n\n\n\n<p>Semorille completa.<\/p>\n\n\n\n<p>M. Palero completa.<\/p>\n\n\n\n<p>Se solicita a los vecinos de las zonas donde se realizan estos trabajos que, durante la desinfecci\u00f3n, mantengan sus ventanas y puertas cerradas, como as\u00ed tambi\u00e9n guarden bebederos y comederos de las mascotas. Tambi\u00e9n, se informa que si las condiciones clim\u00e1ticas son adversas (viento o lluvia) los trabajos se reprogramar\u00e1n.<\/p>\n\n\n\n<h3 class=\"wp-block-heading\">Itinerario del Programa de Control Biol\u00f3gico de Plagas<\/h3>\n\n\n\n<ul>\n<li>Jueves 19: encintado de Olmos en Segunda Secci\u00f3n. Colocaci\u00f3n refugio en Plaza Chamorro.<\/li>\n\n\n\n<li>Viernes 20: encintado de Olmos en Sexta Secci\u00f3n.<\/li>\n<\/ul>\n\n\n\n<p><strong>Fuente: www.diariomendoza.com.ar<\/strong><\/p>\n","protected":false},"excerpt":{"rendered":"<p>La\u00a0Ciudad\u00a0de Mendoza\u00a0contin\u00faa con las tareas de\u00a0arbolado\u00a0y\u00a0desinfecci\u00f3n\u00a0en distintos puntos del departamento. En esta ocasi\u00f3n, las mismas comenzaron este martes 17 y durar\u00e1n hasta el s\u00e1bado 21 de octubre. Tambi\u00e9n, tendr\u00e1 lugar un nuevo itinerario del Programa de Control Biol\u00f3gico de Plagas, con labores los d\u00edas jueves 19 y viernes 20. El cronograma de trabajos Desinfecci\u00f3n de [&hellip;]<\/p>\n","protected":false},"author":2,"featured_media":2300,"comment_status":"open","ping_status":"open","sticky":false,"template":"","format":"standard","meta":[],"categories":[50],"tags":[],"_links":{"self":[{"href":"https:\/\/pasaenmendoza.com\/index.php?rest_route=\/wp\/v2\/posts\/2299"}],"collection":[{"href":"https:\/\/pasaenmendoza.com\/index.php?rest_route=\/wp\/v2\/posts"}],"about":[{"href":"https:\/\/pasaenmendoza.com\/index.php?rest_route=\/wp\/v2\/types\/post"}],"author":[{"embeddable":true,"href":"https:\/\/pasaenmendoza.com\/index.php?rest_route=\/wp\/v2\/users\/2"}],"replies":[{"embeddable":true,"href":"https:\/\/pasaenmendoza.com\/index.php?rest_route=%2Fwp%2Fv2%2Fcomments&post=2299"}],"version-history":[{"count":2,"href":"https:\/\/pasaenmendoza.com\/index.php?rest_route=\/wp\/v2\/posts\/2299\/revisions"}],"predecessor-version":[{"id":2302,"href":"https:\/\/pasaenmendoza.com\/index.php?rest_route=\/wp\/v2\/posts\/2299\/revisions\/2302"}],"wp:featuredmedia":[{"embeddable":true,"href":"https:\/\/pasaenmendoza.com\/index.php?rest_route=\/wp\/v2\/media\/2300"}],"wp:attachment":[{"href":"https:\/\/pasaenmendoza.com\/index.php?rest_route=%2Fwp%2Fv2%2Fmedia&parent=2299"}],"wp:term":[{"taxonomy":"category","embeddable":true,"href":"https:\/\/pasaenmendoza.com\/index.php?rest_route=%2Fwp%2Fv2%2Fcategories&post=2299"},{"taxonomy":"post_tag","embeddable":true,"href":"https:\/\/pasaenmendoza.com\/index.php?rest_route=%2Fwp%2Fv2%2Ftags&post=2299"}],"curies":[{"name":"wp","href":"https:\/\/api.w.org\/{rel}","templated":true}]}}