{"id":2306,"date":"2023-10-19T13:38:25","date_gmt":"2023-10-19T11:38:25","guid":{"rendered":"https:\/\/pasaenmendoza.com\/?p=2306"},"modified":"2023-10-19T13:38:26","modified_gmt":"2023-10-19T11:38:26","slug":"el-peronismo-mendocino-cerro-en-godoy-cruz-y-busca-apuntalar-a-massa-para-el-domingo","status":"publish","type":"post","link":"https:\/\/pasaenmendoza.com\/?p=2306","title":{"rendered":"El peronismo mendocino cerr\u00f3 en Godoy Cruz y busca apuntalar a Massa para el domingo"},"content":{"rendered":"\n<p>Con Mart\u00edn Aveiro en el escenario, la CGT le dio m\u00fasculo pol\u00edtico y discursos que buscaron consolidar el n\u00facleo duro.<\/p>\n\n\n\n<p>En el estadio Petroleros, de Godoy Cruz, la secci\u00f3n mendocina de<strong>&nbsp;Uni\u00f3n por la Patria<\/strong>&nbsp;cerr\u00f3 su campa\u00f1a con el intendente&nbsp;<strong>Mart\u00edn Aveiro<\/strong>&nbsp;a la cabeza de la lista de diputados nacionales y el objetivo de mejorar la performance de&nbsp;<strong>Sergio Massa<\/strong>&nbsp;en Mendoza.<\/p>\n\n\n\n<p>Con el soporte de la\u00a0<strong>CGT\u00a0<\/strong>en un estadio donde se convocaron a unos cinco mil militantes peronistas, los principales candidatos para la C\u00e1mara de Diputados de la Naci\u00f3n recibieron a su vez el apoyo del ministro de Econom\u00eda que, a trav\u00e9s de un video, alert\u00f3 que sus rivales hacia la presidencia tienen proyectos que buscan quitar derechos laborales.<\/p>\n\n\n\n<p>\u201c<em>Estamos convencidos de que vamos al ballotage porque la reconstrucci\u00f3n de la Argentina se hace con la gente adentro. El \u00fanico que se acerca a la gente es Sergio Massa, el \u00fanico que entiende que el arreglo de la econom\u00eda, se hace siempre, siempre generando m\u00e1s derechos<\/em>\u201c, asegur\u00f3 Aveiro.<\/p>\n\n\n\n<p>El intendente de Tunuy\u00e1n estuvo atento a la tribuna obrera que se moviliz\u00f3. Afirm\u00f3 que la clase trabajadora es la \u201cque m\u00e1s ha sufrido, que es la que peor la est\u00e1 pasando\u201d y sostuvo \u201cque hay que generar trabajo de calidad, vamos a levantar entre todos la Argentina\u201d<\/p>\n\n\n\n<p>Por su parte, Luis Marquez de la CGT revalid\u00f3 las \u00faltimas medidas de Massa, como la reforma en el impuesto a las Ganancias. Su compa\u00f1ero, Ricardo Letard, aventur\u00f3 que Massa ser\u00e1 el presidente y cuestion\u00f3 que en Mendoza \u201ctenemos uno de los salarios m\u00e1s bajos de la Argentina\u201d.<\/p>\n\n\n\n<p>FUENTE: elsol.com.ar<\/p>\n","protected":false},"excerpt":{"rendered":"<p>Con Mart\u00edn Aveiro en el escenario, la CGT le dio m\u00fasculo pol\u00edtico y discursos que buscaron consolidar el n\u00facleo duro. En el estadio Petroleros, de Godoy Cruz, la secci\u00f3n mendocina de&nbsp;Uni\u00f3n por la Patria&nbsp;cerr\u00f3 su campa\u00f1a con el intendente&nbsp;Mart\u00edn Aveiro&nbsp;a la cabeza de la lista de diputados nacionales y el objetivo de mejorar la performance [&hellip;]<\/p>\n","protected":false},"author":2,"featured_media":2307,"comment_status":"open","ping_status":"open","sticky":true,"template":"","format":"standard","meta":[],"categories":[47],"tags":[],"_links":{"self":[{"href":"https:\/\/pasaenmendoza.com\/index.php?rest_route=\/wp\/v2\/posts\/2306"}],"collection":[{"href":"https:\/\/pasaenmendoza.com\/index.php?rest_route=\/wp\/v2\/posts"}],"about":[{"href":"https:\/\/pasaenmendoza.com\/index.php?rest_route=\/wp\/v2\/types\/post"}],"author":[{"embeddable":true,"href":"https:\/\/pasaenmendoza.com\/index.php?rest_route=\/wp\/v2\/users\/2"}],"replies":[{"embeddable":true,"href":"https:\/\/pasaenmendoza.com\/index.php?rest_route=%2Fwp%2Fv2%2Fcomments&post=2306"}],"version-history":[{"count":1,"href":"https:\/\/pasaenmendoza.com\/index.php?rest_route=\/wp\/v2\/posts\/2306\/revisions"}],"predecessor-version":[{"id":2308,"href":"https:\/\/pasaenmendoza.com\/index.php?rest_route=\/wp\/v2\/posts\/2306\/revisions\/2308"}],"wp:featuredmedia":[{"embeddable":true,"href":"https:\/\/pasaenmendoza.com\/index.php?rest_route=\/wp\/v2\/media\/2307"}],"wp:attachment":[{"href":"https:\/\/pasaenmendoza.com\/index.php?rest_route=%2Fwp%2Fv2%2Fmedia&parent=2306"}],"wp:term":[{"taxonomy":"category","embeddable":true,"href":"https:\/\/pasaenmendoza.com\/index.php?rest_route=%2Fwp%2Fv2%2Fcategories&post=2306"},{"taxonomy":"post_tag","embeddable":true,"href":"https:\/\/pasaenmendoza.com\/index.php?rest_route=%2Fwp%2Fv2%2Ftags&post=2306"}],"curies":[{"name":"wp","href":"https:\/\/api.w.org\/{rel}","templated":true}]}}