{"id":2309,"date":"2023-10-19T13:45:57","date_gmt":"2023-10-19T11:45:57","guid":{"rendered":"https:\/\/pasaenmendoza.com\/?p=2309"},"modified":"2023-10-19T13:45:58","modified_gmt":"2023-10-19T11:45:58","slug":"garcia-zalazar-cornejo-garantiza-el-liderazgo-de-mendoza","status":"publish","type":"post","link":"https:\/\/pasaenmendoza.com\/?p=2309","title":{"rendered":"Garc\u00eda Zalazar: &#8220;Cornejo garantiza el liderazgo de Mendoza&#8221;"},"content":{"rendered":"\n<p>Tadeo Garc\u00eda Zalazar es optimista sobre el resultado del 24 de setiembre en las elecciones a gobernador. Afirma que hay una tendencia preferente a favor de Alfredo Cornejo, pero dice que el partido a\u00fan hay que jugarlo.<\/p>\n\n\n\n<p>A cargo de la campa\u00f1a de Cambia Mendoza, Garc\u00eda Zalazar habl\u00f3 con el Post de los temas que se vienen en caso de que el oficialismo logre obtener un tercer mandato consecutivo: la agenda nacional, la nueva relaci\u00f3n en Cuyo con tres gobernadores del mismo signo pol\u00edtico, las necesidades de Mendoza y de como proyectarla hacia el futuro.<\/p>\n\n\n\n<p>Tambi\u00e9n se refiri\u00f3 al batacazo de Javier Milei y a las causas que precipitaron la ruptura de Omar De Marchi.<\/p>\n\n\n\n<p>\u00bfC\u00f3mo est\u00e1n los n\u00fameros? Hay muchas encuestas dando vueltas, muchas especulaciones \u00bfCu\u00e1l es el panorama que tienen ustedes?<\/p>\n\n\n\n<p>Las encuestas son una foto de un momento dado y ninguna elecci\u00f3n est\u00e1 ganada de antemano. Dicho esto, las encuestadoras que habitualmente realizan encuestas para Cambia Mendoza nos dan una tendencia favorable.<\/p>\n\n\n\n<p>Se refuerza la tendencia de la primaria provincial y todo indica que en las elecciones primarias de agosto a presidente la gente vot\u00f3 una categor\u00eda con un criterio, con una forma de votar, con un mensaje, y que despu\u00e9s, en las elecciones provinciales vota de otra manera, con la oferta local, como qued\u00f3 demostrado en Santa Fe, en San Luis, en San Juan y en las municipales tambi\u00e9n.<\/p>\n\n\n\n<p>Nosotros somos optimistas. Yo personalmente lo he acompa\u00f1ado a Alfredo (Cornejo) a muchas de las recorridas, charlas y encuentros que ha tenido con j\u00f3venes, con docentes, con empresarios, con jubilados, con comerciantes, y tenemos una recepci\u00f3n favorable, y me parece que eso marca una tendencia optimista para Cambia Mendoza.<\/p>\n\n\n\n<p>\u00bfEn qu\u00e9 cosas o aspectos detectan una recepci\u00f3n favorable?<\/p>\n\n\n\n<p>Son unas cosas que han sucedido en los \u00faltimos a\u00f1os de la gesti\u00f3n que se valoran, son un un conjunto de cosas, Nos ha tocado ir a muchas asociaciones, c\u00e1maras empresariales, c\u00e1maras sectoriales, donde se valoran las transformaciones paulatinas, se reconoce que se ha hecho un buen trabajo con muchos temas en la Provincia. Y despu\u00e9s, en la calle, en el uno a uno, la gente tiene buena afinidad con Cornejo.<\/p>\n\n\n\n<p>\u00bfQu\u00e9 valoran?<\/p>\n\n\n\n<p>La gente reconoce, por ejemplo, que el sistema sanitario de Mendoza funcion\u00f3 muy bien en la \u00e9poca de pandemia. Entonces, por un lado, es el vaso medio lleno y a la vez, ver tambi\u00e9n que hay cosas que faltan y por eso nos vamos a concentrar en los \u00faltimos d\u00edas de campa\u00f1a, con mucha propuesta, mucha acci\u00f3n concreta del liderazgo que tiene que recuperar Mendoza en la regi\u00f3n.<\/p>\n\n\n\n<p>Dentro de unos d\u00edas es casi seguro que van a estar visitando Mendoza los gobernadores electos de San Juan, de San Luis y de Santa Fe tambi\u00e9n.<\/p>\n\n\n\n<p>La visita va a servir para empezar a coordinar una serie de acciones conjuntas que tienen que ver con la fuerza que tienen que tener las econom\u00edas regionales y el interior del pa\u00eds, con una federalizaci\u00f3n de la pol\u00edtica en el mapa nacional, y ah\u00ed Mendoza, con Alfredo Cornejo a la cabeza, va a tener un liderazgo muy muy importante.<\/p>\n\n\n\n<p>Creo que la Argentina perdi\u00f3 el liderazgo del Interior contra el centro de Buenos Aires y el AMBA (\u00c1rea Metropolitana de Buenos Aires). El primer y segundo cord\u00f3n del conurbano bonaerense se comi\u00f3 la pol\u00edtica, se comi\u00f3 la billetera, o la caja de la pol\u00edtica en la asignaci\u00f3n discrecional de fondos y ah\u00ed perdi\u00f3 Mendoza, pero no solo Mendoza, perdieron casi todas las provincias del interior y eso se ven los resultados.<\/p>\n\n\n\n<p>Lo vemos tambi\u00e9n en materia de inversi\u00f3n de infraestructura, de obra p\u00fablica, de viviendas, de caminos, en la desatenci\u00f3n que tiene el gobierno nacional con temas sensibles, como, por ejemplo, el paso Cristo Redentor que es el paso internacional m\u00e1s importante de la Argentina y que est\u00e1 pr\u00e1cticamente a la deriva del gobierno nacional.<\/p>\n\n\n\n<p>Nosotros, particularmente los municipios, estamos hace meses intentando mover algunos expedientes, algunos tr\u00e1mites que tenemos en organismos nacionales y directamente no hay quien atiende el tel\u00e9fono, literalmente.<\/p>\n\n\n\n<p>No solo hay una desatenci\u00f3n del interior sino una impresionante retirada de la actual gesti\u00f3n del gobierno nacional en todos los ministerios. Todo esto complica al interior y a Mendoza, y volviendo a tu pregunta, creo que lo que nos garantiza Alfredo Cornejo, es que sea quien sea el pr\u00f3ximo presidente, \u00e9l va a poner buena parte de su esfuerzo en ese liderazgo regional, que es para que le vaya bien a un Interior con econom\u00edas regionales muy productivas, de alta concentraci\u00f3n, digo alta concentraci\u00f3n para Argentina, de alta concentraci\u00f3n de empleo privado con respecto al empleo p\u00fablico.<\/p>\n\n\n\n<p>Me refiero al Interior productivo que se mueve en C\u00f3rdoba, Santa Fe, San Luis, en Neuqu\u00e9n con Vaca Muerta, en San Juan con el vino y la miner\u00eda, en Jujuy y Tucum\u00e1n con la ca\u00f1a, el az\u00facar, el tabaco, ahora con el litio y el turismo. O sea, hay un mont\u00f3n de econom\u00edas regionales que est\u00e1n relegadas por el gobierno nacional.<\/p>\n\n\n\n<p>Me parece que ah\u00ed Cornejo puede hacer un muy buen trabajo, liderar el desarrollo de ese Interior del pa\u00eds, poner una agenda m\u00e1s federal, si se quiere de temas, y tener una agenda federal implica que despu\u00e9s haya recursos, que es lo que nos ha faltado estos \u00faltimos a\u00f1os.<\/p>\n\n\n\n<p>\u00bfO sea, lo que ha faltado es plata?<\/p>\n\n\n\n<p>Plata y decisi\u00f3n pol\u00edtica en algunas cosas, pero b\u00e1sicamente recursos, Y despu\u00e9s decisiones pol\u00edticas que han perjudicado a Mendoza, como, por ejemplo, los acuerdos del Consejo Federal de Educaci\u00f3n donde los ministros de Educaci\u00f3n de las provincias no peronistas son la minor\u00eda y esos acuerdos terminan perjudicando a Mendoza o al sistema educativo de Mendoza o al salario docente de Mendoza.<\/p>\n\n\n\n<p>\u00bfPor ejemplo?<\/p>\n\n\n\n<p>Por ejemplo, las paritarias nacionales, donde hay una garant\u00eda de un piso m\u00ednimo, lo que hace que se achata la pir\u00e1mide salarial de Mendoza y hace que un maestro que reci\u00e9n ingresa cobra lo mismo que un maestro que lleva diez a\u00f1os de ejercicio en la docencia. Eso se lo debemos a un acuerdo del Consejo Federal de Educaci\u00f3n<\/p>\n\n\n\n<p>\u00bfPero si sub\u00eds la base de los reci\u00e9n ingresados no deber\u00eda subir la de los que est\u00e1n m\u00e1s arriba?<\/p>\n\n\n\n<p>El problema es con los recursos que no llegan para otras cosas. Mendoza recibi\u00f3 plata para cuatro escuelas y ac\u00e1 al lado, en San Juan y San Luis recibieron para 20 nuevos edificios escolares.<\/p>\n\n\n\n<p>La inversi\u00f3n en educaci\u00f3n implica sueldos, infraestructura, servicio educativo. En Godoy Cruz las computadoras para el colegio primario las financia el municipio, no las financia ni el Ministerio ni la DGE.<\/p>\n\n\n\n<p>Y eso es porque hay un Estado Nacional ausente que deber\u00eda estar financiando tecnolog\u00eda, inversi\u00f3n educativa, que tiene para prestar servicios como hacen otras provincias, por ejemplo, que tienen internet satelital con ARSAT y no se est\u00e1 haciendo en Mendoza, y ah\u00ed donde nos relegan y el ciudadano de Mendoza, los j\u00f3venes Mendoza, los ni\u00f1os de Mendoza comparado con lo que reciben otras provincias est\u00e1n muy relegados.<\/p>\n\n\n\n<p>\u00bfCu\u00e1les son los ejes que est\u00e1 pensando Cambia Mendoza si llega a tener otro per\u00edodo de gobierno? A m\u00ed me da la impresi\u00f3n, en general, que falta decir que se hace con Mendoza para los pr\u00f3ximos 50 a\u00f1os. Falta un proyecto hacia adelante.<\/p>\n\n\n\n<p>Creo que el horizonte es mucho m\u00e1s cercano, el horizonte tiene que ser primero con un plan claro a 2030 y despu\u00e9s con lo que pasa en los pr\u00f3ximos 20 a\u00f1os. Es decir, pensar en los primeros cinco o siete a\u00f1os y despu\u00e9s pensar en el resto. Para pensar en ese futuro de los 20 a\u00f1os primero hay que tener un plan paso a paso, terminar de fortalecer las cuentas p\u00fablicas para lo que hay propuestas y terminar de reorganizar el Estado provincial.<\/p>\n\n\n\n<p>Todav\u00eda hay mucho espacio para la reorganizaci\u00f3n de un Estado m\u00e1s inteligente, tambi\u00e9n tenemos propuesta para eso, que tiene que ver con terminar con la digitalizaci\u00f3n de todos los tr\u00e1mites del Estado, meterle mucha m\u00e1s tecnolog\u00eda e innovaci\u00f3n a la gesti\u00f3n p\u00fablica y apuntar a \u00e1reas estrat\u00e9gicas del desarrollo de Mendoza.<\/p>\n\n\n\n<p>Hay unas verticales que tienen que ver con los alimentos, con la energ\u00eda, con la econom\u00eda del conocimiento que ha crecido much\u00edsimo. La econom\u00eda del conocimiento ha crecido much\u00edsimo en los \u00faltimos siete a\u00f1os y ya es tercera en exportaciones en Mendoza, en un rubro que hace 20 a\u00f1os no exist\u00eda y ahora ya exporta casi un tercio.<\/p>\n\n\n\n<p>Por ejemplo, un 33 35% son las exportaciones vitivin\u00edcolas, cuya industria ya lleva m\u00e1s de 100 a\u00f1os en nuestra provincia y este sector en solo 20 a\u00f1os ya es el tercero en exportaciones. Eso implica que tiene un gran potencial.<\/p>\n\n\n\n<p>Y por \u00faltimo, turismo, un potencial de Mendoza que reci\u00e9n ahora estamos retomando con la cantidad de vuelos y de frecuencias que ten\u00edamos previo a la pandemia, m\u00e1s todas las obras que se est\u00e1n haciendo en la terminal de \u00f3mnibus y todos los refuerzos posibles para mejorar el sistema transporte terrestre, va a hacer que Mendoza est\u00e9 en condiciones de recibir muchos m\u00e1s turistas por a\u00f1o y para eso hay que preparar toda la infraestructura de hoteler\u00eda y de servicios, para que ese turismo tenga una buena estad\u00eda en Mendoza y esa estad\u00eda repercuta en ingresos para la provincia.<\/p>\n\n\n\n<p>Una vez que est\u00e9n esas verticales de desarrollo bien definidas, hay que hacer un plan de obras p\u00fablicas provincial muy s\u00f3lido que tenga base en educaci\u00f3n, con reparaci\u00f3n en nuevas escuelas puestas estrat\u00e9gicamente, que tenga base en infraestructura de caminos y en servicios de comunicaciones, como internet, por ejemplo.<\/p>\n\n\n\n<p>Si en algunas zonas no se ha desarrollado el servicio es porque no es de inter\u00e9s de las compa\u00f1\u00edas privadas, porque hay poca gente, entonces ah\u00ed va a tener que estar el Estado regulando y haciendo de nexo porque hay herramientas estatales.<\/p>\n\n\n\n<p>Insisto, ARSAT tiene herramientas satelitales para llegar a todas partes del pa\u00eds que no se han desarrollado en Mendoza y s\u00ed se han desarrollado en C\u00f3rdoba, en Santa Fe y en otras provincias que son de signo pol\u00edtico distinto al nuestro.<\/p>\n\n\n\n<p>Por ejemplo, Godoy Cruz tiene licencia ARSAT y tiene demorado un expediente para prestar el servicio de internet hace m\u00e1s de cuatro a\u00f1os, mientras que en C\u00f3rdoba todos los municipios tienen la posibilidad de prestar servicio. Pero ARSAT no nos habilita.<\/p>\n\n\n\n<p>\u00bfNo hay un funcionario mendocino en ARSAT?<\/p>\n\n\n\n<p>S\u00ed, es parte del directorio y la verdad, hemos tenido di\u00e1logo, pero no ha dado frutos.<\/p>\n\n\n\n<p>\u00bfPor qu\u00e9? \u00bfCu\u00e1l es el motivo?<\/p>\n\n\n\n<p>El motivo es pol\u00edtico. No nos habilitan por motivos pol\u00edticos, no hay ning\u00fan otro, no hay ninguna raz\u00f3n t\u00e9cnica.<\/p>\n\n\n\n<p>Entonces, si nosotros logramos alinear los intereses del desarrollo econ\u00f3mico y educativo de la provincia, con el desarrollo que tiene que tener nuestro pa\u00eds y las prioridades, que tienen que ser, inversi\u00f3n del gobierno nacional, provincial y local, ah\u00ed est\u00e1 lo que vos est\u00e1s diciendo de un plan de desarrollo a 50 a\u00f1os.<\/p>\n\n\n\n<p>Pero para eso necesitamos tener bases s\u00f3lidas, necesitamos infraestructura, servicios, necesitamos hacer unos retoques al sistema educativo para preparar la educaci\u00f3n para el mundo del trabajo.<\/p>\n\n\n\n<p>Hay muy buenas experiencias pilotos. En Godoy Cruz estamos haciendo Edutec para primaria y ahora lo va a empezar a hacer otro departamento. Se est\u00e1 haciendo una experiencia de educaci\u00f3n t\u00e9cnica muy buena tambi\u00e9n de manera piloto.<\/p>\n\n\n\n<p>Ah\u00ed creo que 12 o 15 casos de escuelas t\u00e9cnicas est\u00e1n haciendo los chicos pasant\u00eda en empresas y que est\u00e1n trabajando fuertemente la inserci\u00f3n laboral de los chicos, para que de la escuela t\u00e9cnica ya salgan con una pasant\u00eda y con una inserci\u00f3n laboral al campo de la educaci\u00f3n t\u00e9cnica.<\/p>\n\n\n\n<p>Y bueno, finalmente, lo que nos falta es que esas experiencias se masifiquen y para todo eso hace falta recursos, y ese es un poco el desaf\u00edo, tener un Estado inteligente, seguir haciendo reformas o modificaciones en funci\u00f3n de estos objetivos, poner el desarrollo por delante, y prestar con tecnolog\u00eda el mejor servicio posible.<\/p>\n\n\n\n<p>Tambi\u00e9n hay que seguir con inversi\u00f3n tecnol\u00f3gica que se ha empezado en materia de seguridad, por ejemplo, con c\u00e1maras inteligentes de identificaci\u00f3n facial, identificaci\u00f3n de patentes, que todo eso est\u00e9 disponible y que los centros que tenemos de monitoreo puedan sumar a los municipios y se pueden coordinar con los que ya tiene el Ministerio de Seguridad y unificar esos sistemas.<\/p>\n\n\n\n<p>\u00bfSe puede hacer eso? Porque hay que tener muchas c\u00e1maras y el Gran Mendoza no es una ciudad peque\u00f1a.<\/p>\n\n\n\n<p>Si se puede. Ya tenemos muchas. En Godoy Cruz hay 300 c\u00e1maras lo cual es un buen n\u00famero de c\u00e1maras para la prevenci\u00f3n,<\/p>\n\n\n\n<p>\u00bfCu\u00e1ntas cuadras cubre una c\u00e1mara?<\/p>\n\n\n\n<p>Bueno, depende, o sea, hay que ponerlas estrat\u00e9gicamente, pero, por ejemplo, una c\u00e1mara cada 10 cuadras es una buena cobertura. Godoy Cruz tiene 3.600 manzanas, y 300 c\u00e1maras da que hay una c\u00e1mara cada 10 manzanas, que es una cobertura interesante. Si a eso se lo coordina no solo en Godoy Cruz sino con el Gran Mendoza resulta ser mucho mejor.<\/p>\n\n\n\n<p>Nosotros ya estamos trabajando en un observatorio de seguridad con todo el Gran Mendoza, estamos empezando a hacer propuestas para meterle esa tecnolog\u00eda y esa inteligencia al sistema. Algunas cosas ya han empezado a comprar el Ministerio de Seguridad, algunas cosas muy interesantes ya est\u00e1n haciendo con el tema de los drones y de seguridad en \u00e1reas rurales que est\u00e1 empezando a dar resultado. Y bueno, hay que seguir poniendo tecnolog\u00eda.<\/p>\n\n\n\n<p>Otro ejemplo es el de la huella digital gen\u00e9tica. Nosotros municipalmente avanzamos en que los empleados municipales que ingresan a partir de este a\u00f1o, tienen la obligatoriedad de dar su huella digital gen\u00e9tica, como un requisito para ser empleado p\u00fablico.<\/p>\n\n\n\n<p>Nosotros pensamos que ese requisito hay que trasladarlo a toda la provincia y sumarlo a los que ya tienen la obligaci\u00f3n de dejar sus huellas gen\u00e9ticas.<\/p>\n\n\n\n<p>\u00bfPara qu\u00e9 sirve?<\/p>\n\n\n\n<p>Para seguir acrecentando la base de datos de huellas gen\u00e9ticas y por una cuesti\u00f3n de seguridad, desde el punto de vista de seguridad vial, por ejemplo, si vos ten\u00e9s un accidente y no ten\u00e9s forma de identificar, con la huella gen\u00e9tica en laboratorio gen\u00e9tico en 30 minutos, sabes si vos est\u00e1s en la base de datos o no.<\/p>\n\n\n\n<p>Lo mismo, si hay un delito, si hay un crimen o hay cualquier tipo de situaci\u00f3n que necesiten saber si la huella en un lugar de un crimen es tuya o de un delincuente, de esta forma lo pod\u00e9s saber r\u00e1pidamente, y por \u00faltimo, que haya m\u00e1s gente en la base de datos hace tambi\u00e9n que se puedan resolver otros casos, como los que tienen que ver con abusos, con homicidios. Hoy tienen la obligaci\u00f3n de dar su huella las personas que est\u00e1n cumpliendo condenas, los empleados del Servicio Penitenciario, los miembros de la Polic\u00eda y las empresas de seguridad privada.<\/p>\n\n\n\n<p>Creemos que hay que mejorar la normativa, poner mucha m\u00e1s cantidad de gente en la base de datos y eso nos va a permitir tambi\u00e9n resolver mayor cantidad de delitos. Hoy Mendoza tiene casi unos 35.000 datos cargados, es una de las provincias que m\u00e1s datos tiene en cantidad de habitantes y no todas las provincias tienen ese banco de huellas gen\u00e9ticas.<\/p>\n\n\n\n<p>Tambi\u00e9n hay un proyecto de ley para hacer que el registro de huellas gen\u00e9ticas sea nacional y eso va tambi\u00e9n, en esto va tambi\u00e9n en la agenda de varias provincias, y si tenemos gobernadores afines esto se puede poner una agenda federal y puede haber un organismo federal que maneje esa informaci\u00f3n y que no permite que haya desplazamiento del delito entre provincias, por ejemplo.<\/p>\n\n\n\n<p>\u00bfC\u00f3mo ves la elecci\u00f3n nacional?<\/p>\n\n\n\n<p>La elecci\u00f3n nacional la veo compleja, en el sentido de que la elecci\u00f3n de (Javier) Miley fue una elecci\u00f3n bastante poco esperada por la clase pol\u00edtica, expres\u00f3 un voto bronca de la ciudadan\u00eda, un voto de disconformidad con los objetivos incumplidos con el gobierno nacional.<\/p>\n\n\n\n<p>Y lo que particularmente me preocupa, es que eso se vuelque a una agenda de un populismo de derecha, lo cual es bastante peligroso para lo que tiene que ver con la defensa de instituciones de una rep\u00fablica democr\u00e1tica.<\/p>\n\n\n\n<p>Creemos que Milei es la peor opci\u00f3n porque va a un abismo del cual hay un retorno muy muy dif\u00edcil, o mucho m\u00e1s dif\u00edcil que en otro tipo de opciones.<\/p>\n\n\n\n<p>Creo que ah\u00ed tambi\u00e9n hay que hacer una especie de culpa o reflexi\u00f3n acerca de las deudas que tienen los 40 a\u00f1os de democracia. Tenemos casi el 50% de la poblaci\u00f3n bajo la l\u00ednea de pobreza, una inflaci\u00f3n insostenible de m\u00e1s de 120 punto, un pa\u00eds sin estabilidad monetaria o sea sin moneda pr\u00e1cticamente, y sin reservas en el Banco Central, con una problem\u00e1tica que ya conocemos con la exportaci\u00f3n e importaci\u00f3n de bienes y servicios y con una gran cantidad de temas pendientes, de lo que se llama la deuda social.<\/p>\n\n\n\n<p>Seis de cada 10 ni\u00f1os son pobres y eso es una deuda social que hay que trabajar mucho para revertirlo ahora, ahora, si no hay prosperidad, si no hay crecimiento de las econom\u00edas regionales y del sector productivo, es dif\u00edcil que Argentina crezca como pa\u00eds y bueno, ah\u00ed es donde me parece que ah\u00ed es donde tiene que apuntar en los pr\u00f3ximos cuatro a\u00f1os cualquier gobierno nacional, federalizar la agenda de gobierno, que Argentina sea realmente un pa\u00eds productivo que tiene todas las condiciones para hacerlo y volver a tener un protagonismo que tuvo hace un siglo atr\u00e1s y que se perdi\u00f3.<\/p>\n\n\n\n<p>Te quer\u00eda preguntar sobre la ruptura de Omar De Marchi con Cambia Mendoza. \u00bfQu\u00e9 crees que pas\u00f3?, porque gener\u00f3 un arrastre inesperado. \u00bfHa sido por un estilo de liderar el Frente Cambia Mendoza?<\/p>\n\n\n\n<p>Creo que la mejor palabra que define a De Marchi es oportunismo. Lo ha demostrado a lo largo de su carrera pol\u00edtica, cuando ha podido se ha acomodado en alg\u00fan partido provincial, o en alg\u00fan partido nacional y en seis meses lo hemos visto apoyar a m\u00e1s de dos candidatos a presidente.<\/p>\n\n\n\n<p>Es una oportunista de la pol\u00edtica y creo que lo que vio De Marchi fue, primero, el baj\u00edsimo grado de de adhesi\u00f3n electoral que ten\u00eda el PJ y que \u00e9l lo vio como una oportunidad; y despu\u00e9s, vio gente que ten\u00eda, por decirlo elegantemente, un nivel de convicci\u00f3n ideol\u00f3gica bastante bajo y bastante light como para llevar para su reba\u00f1o algunas de esas personas.<\/p>\n\n\n\n<p>Y bueno, la combinaci\u00f3n de un peronismo en decadencia con alguna gente que ideol\u00f3gicamente es bastante promiscua, que puede ir de partido en partido. hizo que armara La Uni\u00f3n Mendocina. Ahora, as\u00ed como la arm\u00f3, est\u00e1 escondiendo los candidatos de su lista.<\/p>\n\n\n\n<p>Personalmente, no creo que tenga tanto volumen, si no hubiera presentado lista en los siete departamentos que adelantaron las elecciones, salvo por San Carlos en donde tiene una alianza con el gobierno local.<\/p>\n\n\n\n<p>Creo que su oportunismo va a durar lo que dura de esta campa\u00f1a electoral, que va a ser muy ef\u00edmero y bueno, veremos qu\u00e9 piensa la gente el 24 de septiembre. Creo que las causas de esto son la decadencia del peronismo en Mendoza y haber encontrado gente que que le gusta cambiarse de camiseta, y De Marchi aprovech\u00f3 ambas cosas.<\/p>\n\n\n\n<p>FUENTE: Mendozapost.<\/p>\n","protected":false},"excerpt":{"rendered":"<p>Tadeo Garc\u00eda Zalazar es optimista sobre el resultado del 24 de setiembre en las elecciones a gobernador. Afirma que hay una tendencia preferente a favor de Alfredo Cornejo, pero dice que el partido a\u00fan hay que jugarlo. A cargo de la campa\u00f1a de Cambia Mendoza, Garc\u00eda Zalazar habl\u00f3 con el Post de los temas que [&hellip;]<\/p>\n","protected":false},"author":2,"featured_media":2310,"comment_status":"open","ping_status":"open","sticky":true,"template":"","format":"standard","meta":[],"categories":[47],"tags":[],"_links":{"self":[{"href":"https:\/\/pasaenmendoza.com\/index.php?rest_route=\/wp\/v2\/posts\/2309"}],"collection":[{"href":"https:\/\/pasaenmendoza.com\/index.php?rest_route=\/wp\/v2\/posts"}],"about":[{"href":"https:\/\/pasaenmendoza.com\/index.php?rest_route=\/wp\/v2\/types\/post"}],"author":[{"embeddable":true,"href":"https:\/\/pasaenmendoza.com\/index.php?rest_route=\/wp\/v2\/users\/2"}],"replies":[{"embeddable":true,"href":"https:\/\/pasaenmendoza.com\/index.php?rest_route=%2Fwp%2Fv2%2Fcomments&post=2309"}],"version-history":[{"count":1,"href":"https:\/\/pasaenmendoza.com\/index.php?rest_route=\/wp\/v2\/posts\/2309\/revisions"}],"predecessor-version":[{"id":2311,"href":"https:\/\/pasaenmendoza.com\/index.php?rest_route=\/wp\/v2\/posts\/2309\/revisions\/2311"}],"wp:featuredmedia":[{"embeddable":true,"href":"https:\/\/pasaenmendoza.com\/index.php?rest_route=\/wp\/v2\/media\/2310"}],"wp:attachment":[{"href":"https:\/\/pasaenmendoza.com\/index.php?rest_route=%2Fwp%2Fv2%2Fmedia&parent=2309"}],"wp:term":[{"taxonomy":"category","embeddable":true,"href":"https:\/\/pasaenmendoza.com\/index.php?rest_route=%2Fwp%2Fv2%2Fcategories&post=2309"},{"taxonomy":"post_tag","embeddable":true,"href":"https:\/\/pasaenmendoza.com\/index.php?rest_route=%2Fwp%2Fv2%2Ftags&post=2309"}],"curies":[{"name":"wp","href":"https:\/\/api.w.org\/{rel}","templated":true}]}}