{"id":2315,"date":"2023-10-19T14:19:08","date_gmt":"2023-10-19T12:19:08","guid":{"rendered":"https:\/\/pasaenmendoza.com\/?p=2315"},"modified":"2023-10-19T14:19:09","modified_gmt":"2023-10-19T12:19:09","slug":"bullrich-elegi-a-un-mendocino-de-vice-porque-tienen-los-valores-que-quiero-para-la-gestion","status":"publish","type":"post","link":"https:\/\/pasaenmendoza.com\/?p=2315","title":{"rendered":"Bullrich: &#8220;Eleg\u00ed a un mendocino de vice porque tienen los valores que quiero para la gesti\u00f3n&#8221;"},"content":{"rendered":"\n<p><strong>Patricia Bullrich,<\/strong>\u00a0candidata a presidente de Juntos por el Cambio, elogi\u00f3 este mi\u00e9rcoles a su compa\u00f1ero de f\u00f3rmula,\u00a0<strong>Luis Petri<\/strong>, y tambi\u00e9n a Mendoza en general.<\/p>\n\n\n\n<p>Bullrich dijo que lo eligi\u00f3 como vice porque en la provincia est\u00e1n los valores que quiere para su eventual gesti\u00f3n. Asegur\u00f3 que hay referentes de la provincia en el organigrama que tiene pensado y critic\u00f3 a Massa. Anticip\u00f3 cu\u00e1les ser\u00edan sus primeras medidas si gana las\u00a0Elecciones.<\/p>\n\n\n\n<p><strong>&#8220;Los mendocinos me conocen.\u00a0<\/strong>Estuve much\u00edsimas veces all\u00ed. Eleg\u00ed a un mendocino de candidato a vicepresidente porque conoce muy bien las necesidades de su provincia y de su regi\u00f3n&#8221;, comenz\u00f3 diciendo la\u00a0<strong>aspirante a la Casa Rosada<\/strong>, en un cara a cara con el programa S\u00e9ptimo D\u00eda de Canal 7, este mi\u00e9rcoles. &#8220;Lo eleg\u00ed a Luis porque, adem\u00e1s de ese conocimiento, representa la cultura del trabajo, el orden y el\u00a0<strong>respeto a las instituciones que tienen en Mendoza&#8221;,<\/strong>\u00a0afirm\u00f3.<\/p>\n\n\n\n<p>Adem\u00e1s,<strong>&nbsp;nuevamente dijo que hay algunos dirigentes locales que podr\u00edan estar en su eventual organigrama.<\/strong>&nbsp;&#8220;No necesariamente tendr\u00edan que venir desde lo econ\u00f3mico; tambi\u00e9n podr\u00edan estar ligados a \u00e1reas como la<strong>&nbsp;educaci\u00f3n y la salud<\/strong>. Pero lo que es seguro es que un gobierno nacional no puede ser un gobierno porte\u00f1o: tiene que ser federal&#8221;, cont\u00f3 la exministra de Seguridad, quien, como se ha dicho, tiene a algunos nombres de&nbsp;<strong>Cambia Mendoza<\/strong>&nbsp;trabajando en su plataforma.<\/p>\n\n\n\n<p>Sobre esos\u00a0<strong>potenciales primeros d\u00edas liderando a la Argentina,<\/strong>\u00a0dijo que sus primeras medidas econ\u00f3micas ser\u00e1n &#8220;dos torniquetes a la inflaci\u00f3n&#8221;: &#8220;Vamos a enviar un presupuesto sin d\u00e9ficit y vamos a ordenar el\u00a0<strong>Banco Central\u00a0<\/strong>par que no pueda\u00a0<strong>emitir\u00a0<\/strong>dinero y financiar al tesoro con emisi\u00f3n monetaria, como en la actualidad&#8221;, puntualiz\u00f3.<\/p>\n\n\n\n<p><strong>Precisamente en torno al BCRA,<\/strong>\u00a0que de alguna u otra manera est\u00e1 en boca de los tres candidatos principales, Bullrich desestim\u00f3 la idea de Sergio Massa de que, si gana, consensuar\u00e1 con la oposici\u00f3n los nombres para esa entidad: &#8220;Todo lo que dice es una mentira. \u00bfPor qu\u00e9 no lo hizo ahora si esa es la idea que tiene? Fue presidente de la C\u00e1mara de Diputados; pudo haberlo motorizado desde all\u00ed. Esto no es un problema de oficialismos y oposiciones, sino de seriedad; tenemos que\u00a0<strong>tener un Banco Central como el peruano, que pasan 7 presidentes y el que lo dirige es el mismo.<\/strong><\/p>\n\n\n\n<h2 class=\"wp-block-heading\">Bullrich sobe el d\u00eda despu\u00e9s<\/h2>\n\n\n\n<p>Gane quien gane, a buena cantidad de argentinos le<strong>\u00a0inquieta la cotizaci\u00f3n del d\u00f3lar oficial\u00a0<\/strong>al otro d\u00eda de los comicios. Sobre todo recordando que el lunes posterior a las PASO se decidi\u00f3 una\u00a0<strong>devaluaci\u00f3n del peso<\/strong>\u00a0en el \u00f3rden del 22%. En las \u00faltimas horas, tras la ampliaci\u00f3n del SWAP con China, el &#8220;viceministro&#8221; de Econom\u00eda de Massa<strong>, Gabriel Rubinstein<\/strong>, afirm\u00f3 que no habr\u00e1 una nueva depreciaci\u00f3n de la moneda el 23 de octubre.<\/p>\n\n\n\n<p><strong>&#8220;Es una mentira. La devaluaci\u00f3n ya est\u00e1; ya existe.&nbsp;<\/strong>Estamos en una&nbsp;<strong>hiperinflaci\u00f3n<\/strong>&#8220;, arremeti\u00f3 Bullrich, consultada por las precisiones que hicieron desde el Palacio de Hacienda. &#8220;Lo \u00fanico que han hecho es sentarse arriba de la bomba. \u00bfCu\u00e1nto tiempo m\u00e1s van a tener a la Federal corriendo detr\u00e1s de cuatro cueveros de la City,&nbsp;<strong>en vez de hacerlos perseguir a los narcos y ladrones?&#8221;.<\/strong><\/p>\n\n\n\n<p>Y m\u00e1s all\u00e1 de la divisa norteamericana, los mercados tambi\u00e9n estar\u00e1n expectantes del resultado y probablemente lo hagan saber en las distintas cotizaciones de bonos, d\u00f3lares financieros y el indicadores clave sobre la Argentina como el Riesgo Pa\u00eds. Para Bullrich, esos mercados reaccionar\u00edan muy bien si ella gana o va al balotaje. &#8220;Perfectamente reaccionar\u00edan<strong>. Somos los m\u00e1s serios;<\/strong>\u00a0los que venimos a acabar con la interminable cantidad de tipos de cambio y con el desabastecimiento&#8221;, marc\u00f3.<\/p>\n\n\n\n<p>En cuanto a n\u00fameros -esta vez, los que tienen que ver con sus&nbsp;<strong>perspectivas de cara al Sill\u00f3n de Rivadavia<\/strong>&#8211; afirm\u00f3 descreer por completo de todas las encuestas que estuvieron circulando en los \u00faltimos d\u00edas: &#8220;Todas las paga Massa<strong>. Hace dos a\u00f1os que miro encuestas y, la verdad, no creo en ninguna&#8221;.<\/strong><\/p>\n\n\n\n<p>Por \u00faltimo la aspirante a la Presidencia de la Naci\u00f3n<strong>, hizo referencia al conflicto palestino-israel\u00ed\u00a0<\/strong>que comenz\u00f3 dos semanas atr\u00e1s: &#8220;Para ser sincera,<strong>\u00a0el primer comunicado que hizo Canciller\u00eda estuvo bien.\u00a0<\/strong>Despu\u00e9s Cristina jug\u00f3 a la nada, como hace siempre&#8221;, dijo sobre el comunicado de CFK. &#8220;Nosotros tenemos que poner a\u00a0<strong>Hamas\u00a0<\/strong>en la lista de grupos terroristas. As\u00ed vamos a cuidar a la Argentina y los argentinos&#8221;, cerr\u00f3.<\/p>\n\n\n\n<p><strong>Fuente: www.diariouno.com.ar<\/strong><\/p>\n","protected":false},"excerpt":{"rendered":"<p>Patricia Bullrich,\u00a0candidata a presidente de Juntos por el Cambio, elogi\u00f3 este mi\u00e9rcoles a su compa\u00f1ero de f\u00f3rmula,\u00a0Luis Petri, y tambi\u00e9n a Mendoza en general. Bullrich dijo que lo eligi\u00f3 como vice porque en la provincia est\u00e1n los valores que quiere para su eventual gesti\u00f3n. Asegur\u00f3 que hay referentes de la provincia en el organigrama que [&hellip;]<\/p>\n","protected":false},"author":2,"featured_media":2316,"comment_status":"open","ping_status":"open","sticky":false,"template":"","format":"standard","meta":[],"categories":[67],"tags":[],"_links":{"self":[{"href":"https:\/\/pasaenmendoza.com\/index.php?rest_route=\/wp\/v2\/posts\/2315"}],"collection":[{"href":"https:\/\/pasaenmendoza.com\/index.php?rest_route=\/wp\/v2\/posts"}],"about":[{"href":"https:\/\/pasaenmendoza.com\/index.php?rest_route=\/wp\/v2\/types\/post"}],"author":[{"embeddable":true,"href":"https:\/\/pasaenmendoza.com\/index.php?rest_route=\/wp\/v2\/users\/2"}],"replies":[{"embeddable":true,"href":"https:\/\/pasaenmendoza.com\/index.php?rest_route=%2Fwp%2Fv2%2Fcomments&post=2315"}],"version-history":[{"count":2,"href":"https:\/\/pasaenmendoza.com\/index.php?rest_route=\/wp\/v2\/posts\/2315\/revisions"}],"predecessor-version":[{"id":2318,"href":"https:\/\/pasaenmendoza.com\/index.php?rest_route=\/wp\/v2\/posts\/2315\/revisions\/2318"}],"wp:featuredmedia":[{"embeddable":true,"href":"https:\/\/pasaenmendoza.com\/index.php?rest_route=\/wp\/v2\/media\/2316"}],"wp:attachment":[{"href":"https:\/\/pasaenmendoza.com\/index.php?rest_route=%2Fwp%2Fv2%2Fmedia&parent=2315"}],"wp:term":[{"taxonomy":"category","embeddable":true,"href":"https:\/\/pasaenmendoza.com\/index.php?rest_route=%2Fwp%2Fv2%2Fcategories&post=2315"},{"taxonomy":"post_tag","embeddable":true,"href":"https:\/\/pasaenmendoza.com\/index.php?rest_route=%2Fwp%2Fv2%2Ftags&post=2315"}],"curies":[{"name":"wp","href":"https:\/\/api.w.org\/{rel}","templated":true}]}}