{"id":2324,"date":"2023-10-19T14:35:27","date_gmt":"2023-10-19T12:35:27","guid":{"rendered":"https:\/\/pasaenmendoza.com\/?p=2324"},"modified":"2023-10-19T14:35:27","modified_gmt":"2023-10-19T12:35:27","slug":"2324","status":"publish","type":"post","link":"https:\/\/pasaenmendoza.com\/?p=2324","title":{"rendered":""},"content":{"rendered":"\n<p>La\u00a0<strong>Municipalidad de Godoy Cruz<\/strong>\u00a0abre la convocatoria para aquellos\u00a0<strong>artistas<\/strong>\u00a0que quieran formar parte de su\u00a0<strong>Vendimia\u00a0<\/strong>departamental. Las inscripciones ser\u00e1n \u00fanicamente de manera online y cierran el d\u00eda 28 de octubre.<\/p>\n\n\n\n<p>La selecci\u00f3n est\u00e1 destinada a bailarines de folclore y contempor\u00e1neo, as\u00ed como actores y actrices de piso mayores de 18 a\u00f1os. Las audiciones tendr\u00e1n lugar entre el 4 y 5 de noviembre.&nbsp;<\/p>\n\n\n\n<p>Mientras tanto, el 15 de diciembre se llevar\u00e1 a cabo el acto central de la Vendimia Departamental bajo la direcci\u00f3n de Dar\u00edo An\u00eds, en el Parque San Vicente.<\/p>\n\n\n\n<p>M\u00e1s tarde ser\u00e1 la elecci\u00f3n y coronaci\u00f3n de la nueva soberana de la comuna, sucesora de Mariana Gantus.<\/p>\n\n\n\n<h3 class=\"wp-block-heading\"><strong>C\u00f3mo inscribirse<\/strong><\/h3>\n\n\n\n<p>Se informa que, para todos aquellos que deseen ser parte de la celebraci\u00f3n deber\u00e1n inscribirse de modo virtual, a trav\u00e9s de\u00a0https:\/\/bit.ly\/InscripcionesVendimia24\u00a0y completar el formulario.<\/p>\n\n\n\n<p>Adem\u00e1s, se recomienda consultar las bases y requisitos para ampliar la informaci\u00f3n que sea de su inter\u00e9s, ingresando a\u00a0https:\/\/bit.ly\/BasesVendimiaGC2024<\/p>\n\n\n\n<p>Por cualquier duda o consulta se podr\u00e1n comunicar al mail\u00a0godoycruzvendimia@gmail.com<\/p>\n\n\n\n<h3 class=\"wp-block-heading\"><strong>Los castings por disciplina<\/strong><\/h3>\n\n\n\n<p>El d\u00eda de la evaluaci\u00f3n, cada aspirante tendr\u00e1 que presentar su DNI original y fotocopia (excluyente), as\u00ed como traer vestimenta c\u00f3moda de color negro, sin estampas, calzado deportivo o de danza, cabello atado y\/o rostro despejado.<\/p>\n\n\n\n<ul>\n<li>Bailarines\/as de Folclore:<\/li>\n<\/ul>\n\n\n\n<p>Fechas: s\u00e1bado 4 y domingo 5 de noviembre de 2023<\/p>\n\n\n\n<p>Lugar: Escuela Art\u00edstica Juli\u00e1n Aguirre (Azopardo 76, Godoy Cruz).<\/p>\n\n\n\n<p>Acreditaci\u00f3n: de 8 a 9<\/p>\n\n\n\n<p>Audici\u00f3n: 8.30<\/p>\n\n\n\n<p>Cabe mencionar que ser\u00e1 agregado al calendario el d\u00eda 6 de noviembre, solo en caso de que la cantidad de inscriptos supere la capacidad operativa prevista por la organizaci\u00f3n.<\/p>\n\n\n\n<ul>\n<li>Bailarines\/as Danza Contempor\u00e1nea<\/li>\n<\/ul>\n\n\n\n<p>Fecha: s\u00e1bado 4 de noviembre&nbsp;<\/p>\n\n\n\n<p>Lugar: Estudio Vanina Gispert (\u00c1lvarez Thomas 153, Godoy Cruz)<\/p>\n\n\n\n<p>Acreditaci\u00f3n: de 15 a 16<\/p>\n\n\n\n<p>Audici\u00f3n: 15.30<\/p>\n\n\n\n<ul>\n<li>Actores\/ actrices de piso<\/li>\n<\/ul>\n\n\n\n<p>Fecha: domingo 5 de noviembre&nbsp;<\/p>\n\n\n\n<p>Lugar: Estudio Vanina Gispert (\u00c1lvarez Thomas 153, Godoy Cruz).<\/p>\n\n\n\n<p>Acreditaci\u00f3n: De 15 a 16<\/p>\n\n\n\n<p>Audici\u00f3n: 15:30H.<\/p>\n\n\n\n<ul>\n<li>Bailarines\/as de folclore con discapacidad:<\/li>\n<\/ul>\n\n\n\n<p>Cantidad de artistas: 2 parejas<\/p>\n\n\n\n<p>Fecha de la convocatoria: 20 de octubre&nbsp;<\/p>\n\n\n\n<p>En tanto, los resultados se publicar\u00e1n el 8 de noviembre en las redes sociales y sitios oficiales de la Direcci\u00f3n de Cultura e Industrias Creativas de la Municipalidad de Godoy Cruz.<\/p>\n\n\n\n<p><strong>Fuente: www.diariomendoza.com.ar<\/strong><\/p>\n","protected":false},"excerpt":{"rendered":"<p>La\u00a0Municipalidad de Godoy Cruz\u00a0abre la convocatoria para aquellos\u00a0artistas\u00a0que quieran formar parte de su\u00a0Vendimia\u00a0departamental. Las inscripciones ser\u00e1n \u00fanicamente de manera online y cierran el d\u00eda 28 de octubre. La selecci\u00f3n est\u00e1 destinada a bailarines de folclore y contempor\u00e1neo, as\u00ed como actores y actrices de piso mayores de 18 a\u00f1os. Las audiciones tendr\u00e1n lugar entre el 4 [&hellip;]<\/p>\n","protected":false},"author":2,"featured_media":2325,"comment_status":"open","ping_status":"open","sticky":false,"template":"","format":"standard","meta":[],"categories":[74],"tags":[],"_links":{"self":[{"href":"https:\/\/pasaenmendoza.com\/index.php?rest_route=\/wp\/v2\/posts\/2324"}],"collection":[{"href":"https:\/\/pasaenmendoza.com\/index.php?rest_route=\/wp\/v2\/posts"}],"about":[{"href":"https:\/\/pasaenmendoza.com\/index.php?rest_route=\/wp\/v2\/types\/post"}],"author":[{"embeddable":true,"href":"https:\/\/pasaenmendoza.com\/index.php?rest_route=\/wp\/v2\/users\/2"}],"replies":[{"embeddable":true,"href":"https:\/\/pasaenmendoza.com\/index.php?rest_route=%2Fwp%2Fv2%2Fcomments&post=2324"}],"version-history":[{"count":1,"href":"https:\/\/pasaenmendoza.com\/index.php?rest_route=\/wp\/v2\/posts\/2324\/revisions"}],"predecessor-version":[{"id":2326,"href":"https:\/\/pasaenmendoza.com\/index.php?rest_route=\/wp\/v2\/posts\/2324\/revisions\/2326"}],"wp:featuredmedia":[{"embeddable":true,"href":"https:\/\/pasaenmendoza.com\/index.php?rest_route=\/wp\/v2\/media\/2325"}],"wp:attachment":[{"href":"https:\/\/pasaenmendoza.com\/index.php?rest_route=%2Fwp%2Fv2%2Fmedia&parent=2324"}],"wp:term":[{"taxonomy":"category","embeddable":true,"href":"https:\/\/pasaenmendoza.com\/index.php?rest_route=%2Fwp%2Fv2%2Fcategories&post=2324"},{"taxonomy":"post_tag","embeddable":true,"href":"https:\/\/pasaenmendoza.com\/index.php?rest_route=%2Fwp%2Fv2%2Ftags&post=2324"}],"curies":[{"name":"wp","href":"https:\/\/api.w.org\/{rel}","templated":true}]}}