{"id":2330,"date":"2023-10-19T14:47:24","date_gmt":"2023-10-19T12:47:24","guid":{"rendered":"https:\/\/pasaenmendoza.com\/?p=2330"},"modified":"2023-10-19T14:47:25","modified_gmt":"2023-10-19T12:47:25","slug":"melconian-pronostico-que-el-gobierno-devaluara-el-lunes-y-el-dolar-se-ira-a-500-pesos","status":"publish","type":"post","link":"https:\/\/pasaenmendoza.com\/?p=2330","title":{"rendered":"Melconian pronostic\u00f3 que el Gobierno devaluar\u00e1 el lunes y el d\u00f3lar se ir\u00e1 a 500 pesos"},"content":{"rendered":"\n<p>El economista&nbsp;<strong>Carlos Melconian&nbsp;<\/strong>arriesg\u00f3&nbsp;<mark>un pron\u00f3stico para el lunes post elecciones generales: que el&nbsp;<strong>d\u00f3lar oficial<\/strong>&nbsp;deber\u00eda llegar a los 500 pesos<\/mark>&nbsp;con el presidente confirmado o quienes vayan al balotaje.<\/p>\n\n\n\n<p>El c\u00e1lculo que hizo el hombre elegido por&nbsp;<strong>Patricia Bullrich<\/strong>&nbsp;para ser ministro de Econom\u00eda -si gana los comicios, claro est\u00e1-parti\u00f3 de la<strong>&nbsp;inflaci\u00f3n<\/strong>&nbsp;acumulada entre que el Gobierno nacional devalu\u00f3 y estableci\u00f3 el tipo de cambio a 350 pesos por d\u00f3lar.<\/p>\n\n\n\n<p>Consultado en una entrevista radial sobre si un d\u00f3lar a mil pesos -el valor que alcanz\u00f3 el blue esta semana- es caro o barato, Melconian sostuvo que \u201c<em>depende quien gane<\/em>\u201c. En ese caso, analiz\u00f3, para\u00a0<strong>Javier Milei<\/strong>\u00a0con ese valor se quedar\u00eda corto para dolarizar.<\/p>\n\n\n\n<p>\u201c<em>Sin d\u00f3lares\u2026 la dolarizaci\u00f3n no se puede hacer con cualquier tipo de cambio. Pero si entramos en un programa racional, con un formato de nuevo mercado cambiario, es un tipo de cambio alto, de miserabilidad para la Argentina. Te das cuenta cuando te sent\u00e1s a comer con una mesa de turistas al lado<\/em>\u201c, explic\u00f3.<\/p>\n\n\n\n<p>\u201c<mark>Argentina est\u00e1 con un d\u00f3lar que no sirve para nada y que no es relevante para nada, hasta ah\u00ed de 350 pesos oficial, y tiene el resto a mil pesos<\/mark>\u201c, cuestion\u00f3.<\/p>\n\n\n\n<p>Por ende, con el tipo de cambio atrasado para el billete oficial, Melconian sostuvo que \u201c<em>el lunes lo m\u00e1ximo que debiera ocurrir es que el Gobierno vuelva a poner el famoso 350 en un precio que sea el 350 m\u00e1s la inflaci\u00f3n de agosto, m\u00e1s la inflaci\u00f3n de septiembre, m\u00e1s lo que vaya de octubre<\/em>\u201c.<\/p>\n\n\n\n<p>En otras palabras,&nbsp;<mark>\u201cda 500 pesos redondo\u201d, grafic\u00f3 y remarc\u00f3 que \u201cese ser\u00e1 un nuevo tipo de cambio que no va a asustar a nadie\u201d<\/mark>.<\/p>\n\n\n\n<p>Es decir, que Melconian pr\u00e1cticamente&nbsp;<mark>estaba adelantando una potencial devaluaci\u00f3n por parte del Gobierno para el lunes 23 de octubre<\/mark>, el d\u00eda posterior a las generales. Para el vocero econ\u00f3mico de Patricia Bullrich, Sergio Massa tendr\u00eda que sincerar los valores reales.<\/p>\n\n\n\n<p>\u201c<em>La gente tiene que empezar a meterse en la cabeza que el d\u00f3lar a 350 tiene que ser sincerado, como m\u00ednimo, por la inflaci\u00f3n ocurrida. Y eso va a ocurrir. Ser\u00eda extraordinario que el ministro (Massa), si no entra en segunda vuelta, se siente a hablar de estos sinceramientos<\/em>\u201c, continu\u00f3.\u00a0<\/p>\n\n\n\n<p>Sin embargo, Melconian tambi\u00e9n agreg\u00f3 que \u201cyo estoy planteando una transici\u00f3n donde, frente a la irresponsabilidad y la magia y el salto al vac\u00edo que se autoadjudic\u00f3 el propio candidato (por Javier Milei), en el medio hay que dar tranquilidad. Las transiciones son as\u00ed. Apelo a la madurez de la sociedad y la clase pol\u00edtica. Si no pasa eso, se va a encargar la realidad\u201d.<\/p>\n\n\n\n<p><em>Con informaci\u00f3n de La Naci\u00f3n, Infobae y La Voz<\/em><\/p>\n\n\n\n<p><strong>Fuente: www.elsol.com.ar<\/strong><\/p>\n","protected":false},"excerpt":{"rendered":"<p>El economista&nbsp;Carlos Melconian&nbsp;arriesg\u00f3&nbsp;un pron\u00f3stico para el lunes post elecciones generales: que el&nbsp;d\u00f3lar oficial&nbsp;deber\u00eda llegar a los 500 pesos&nbsp;con el presidente confirmado o quienes vayan al balotaje. El c\u00e1lculo que hizo el hombre elegido por&nbsp;Patricia Bullrich&nbsp;para ser ministro de Econom\u00eda -si gana los comicios, claro est\u00e1-parti\u00f3 de la&nbsp;inflaci\u00f3n&nbsp;acumulada entre que el Gobierno nacional devalu\u00f3 y estableci\u00f3 [&hellip;]<\/p>\n","protected":false},"author":2,"featured_media":2331,"comment_status":"open","ping_status":"open","sticky":false,"template":"","format":"standard","meta":[],"categories":[49],"tags":[],"_links":{"self":[{"href":"https:\/\/pasaenmendoza.com\/index.php?rest_route=\/wp\/v2\/posts\/2330"}],"collection":[{"href":"https:\/\/pasaenmendoza.com\/index.php?rest_route=\/wp\/v2\/posts"}],"about":[{"href":"https:\/\/pasaenmendoza.com\/index.php?rest_route=\/wp\/v2\/types\/post"}],"author":[{"embeddable":true,"href":"https:\/\/pasaenmendoza.com\/index.php?rest_route=\/wp\/v2\/users\/2"}],"replies":[{"embeddable":true,"href":"https:\/\/pasaenmendoza.com\/index.php?rest_route=%2Fwp%2Fv2%2Fcomments&post=2330"}],"version-history":[{"count":1,"href":"https:\/\/pasaenmendoza.com\/index.php?rest_route=\/wp\/v2\/posts\/2330\/revisions"}],"predecessor-version":[{"id":2332,"href":"https:\/\/pasaenmendoza.com\/index.php?rest_route=\/wp\/v2\/posts\/2330\/revisions\/2332"}],"wp:featuredmedia":[{"embeddable":true,"href":"https:\/\/pasaenmendoza.com\/index.php?rest_route=\/wp\/v2\/media\/2331"}],"wp:attachment":[{"href":"https:\/\/pasaenmendoza.com\/index.php?rest_route=%2Fwp%2Fv2%2Fmedia&parent=2330"}],"wp:term":[{"taxonomy":"category","embeddable":true,"href":"https:\/\/pasaenmendoza.com\/index.php?rest_route=%2Fwp%2Fv2%2Fcategories&post=2330"},{"taxonomy":"post_tag","embeddable":true,"href":"https:\/\/pasaenmendoza.com\/index.php?rest_route=%2Fwp%2Fv2%2Ftags&post=2330"}],"curies":[{"name":"wp","href":"https:\/\/api.w.org\/{rel}","templated":true}]}}