{"id":2336,"date":"2023-10-19T15:31:23","date_gmt":"2023-10-19T13:31:23","guid":{"rendered":"https:\/\/pasaenmendoza.com\/?p=2336"},"modified":"2023-10-19T15:31:24","modified_gmt":"2023-10-19T13:31:24","slug":"repararan-200-escuelas-durante-las-vacaciones-de-verano","status":"publish","type":"post","link":"https:\/\/pasaenmendoza.com\/?p=2336","title":{"rendered":"Reparar\u00e1n 200 escuelas durante las vacaciones de verano"},"content":{"rendered":"\n<p>El presente ciclo lectivo finalizar\u00e1 el viernes 15 de diciembre en Mendoza. Ser\u00e1 el momento en que, desde\u00a0<strong>Infraestructura Escolar<\/strong>, comiencen con los arreglos en los edificios educativos de la provincia que necesitan distintos tipos de intervenciones. El objetivo es que\u00a0 est\u00e9n en condiciones para el inicio de clases de 2024.<\/p>\n\n\n\n<p>El director de mantenimiento del \u00e1rea,\u00a0<strong>Bernardino Rodr\u00edguez\u00a0<\/strong>dijo\u00a0<strong><em>al Post<\/em><\/strong>\u00a0que en realidad, es un trabajo que no se termina nunca. &#8220;Esto es un trabajo constante, permanente, donde estamos todos los d\u00edas haciendo reparaciones y arreglos. En algunos casos programados, y en otros casos,\u00a0 atendemos la contingencia, es decir, la problem\u00e1tica que se presenta en forma cotidiana&#8221;.\u00a0\u00a0<\/p>\n\n\n\n<p>El ingeniero destac\u00f3 que ya se terminaron las licitaciones para los contratos de mantenimiento, con una inversi\u00f3n de 8 mil millones de pesos, hasta este momento(adem\u00e1s est\u00e1n presupuestados otros 7\u00a0 mil millones para las licitaciones de 2024).<\/p>\n\n\n\n<p>\u00a0&#8220;Son aproximadamente 40 contratos (cada uno incluye 50 escuelas) que cubren\u00a0 las necesidades que se puedan presentar en los establecimientos, en lo referente a mantenimiento general y en algunos casos, reparaciones m\u00e1s importante o m\u00e1s de fondo que necesiten los edificios, como cloacas o demolici\u00f3n de pisos. Nosotros licitamos por zonas&#8221;, explic\u00f3.<\/p>\n\n\n\n<p>&#8220;Ya tenemos programado los trabajos que se van a empezar a hacer en diciembre. A partir del cierre del presente ciclo lectivo, hay escuelas que van a entrar en un proceso de reparaci\u00f3n de muy variada \u00edndole\u00a0 como techos, ba\u00f1os, refuerzo estructural, pisos, cloacas, etc&#8230; Son trabajos muy complicados de hacer con los chicos en clases&#8221;, detall\u00f3.\u00a0<\/p>\n\n\n\n<p><strong>Escuelas que se van a reparar este verano<\/strong><\/p>\n\n\n\n<p>Rodr\u00edguez anunci\u00f3 que son aproximadamente<strong>\u00a0200 escuelas<\/strong>\u00a0en las que se va a trabajar durante el receso estival. &#8220;Son las que tienen tareas programadas. Esto es muy variable, porque ma\u00f1ana se puede presentar alg\u00fan inconveniente y tenemos que incorporar alguna escuela m\u00e1s. En realidad,\u00a0 el mantenimiento no se termina nunca. En los colegios siempre hay\u00a0 necesidades&#8221;.\u00a0<\/p>\n\n\n\n<p>&#8220;Todas necesitan reparaciones. Son edificios escolares que no los podemos parar, es decir, no podemos dejar de de tener el edificio utilizable. Llegado el caso se hacen los trabajos en una parte de la construcci\u00f3n mientras que en la otra\u00a0 se sigue dando clases. Como es el caso de la Carlos Pad\u00edn de Godoy Cruz. El objetivo es\u00a0 dejar ese colegio terminado para el pr\u00f3ximo ciclo lectivo&#8221;.\u00a0<\/p>\n\n\n\n<p><strong>Escuelas que se repararon en 2023<\/strong><\/p>\n\n\n\n<p>El funcionario destac\u00f3 que las intervenciones que han realizado durante este 2023,\u00a0 superan los 1000 edificios.<\/p>\n\n\n\n<p>\u00a0&#8220;Obviamente que hay algunos que tienen intervenciones muy importante y otros menos importante. Pero en m\u00e1s de 250 edificios,\u00a0 hemos realizado inversiones de m\u00e1s de 10 millones de pesos en cada uno, durante el a\u00f1o&#8221;, asegur\u00f3.\u00a0<\/p>\n\n\n\n<p><strong>Principales arreglos en los edificios escolares<\/strong><\/p>\n\n\n\n<p>&#8220;Estamos invirtiendo mucho en cubiertas de techos, en reparar ba\u00f1os completos, bases de cloacas, ca\u00f1er\u00edas completas, revestimientos, pisos, artefactos, de modo de dejar todo totalmente a nuevo. En eso nos hemos concentrado,\u00a0 para modernizar las escuelas y llevarlas a un uso adecuado. Dentro de las reparaciones, tenemos ampliaciones grandes, como el caso de la Escuela Integraci\u00f3n del departamento de San Carlos, que ya est\u00e1 en ejecuci\u00f3n&#8221;, remarc\u00f3.\u00a0<\/p>\n\n\n\n<p>Por \u00faltimo, respecto a los 200 establecimientos de toda la provincia que\u00a0 van a comenzar a intervenir en el verano, Bernardino Rodr\u00edguez aclar\u00f3: &#8220;no tengo la certeza de que a todos los\u00a0 vamos a terminar sin ning\u00fan inconveniente para el inicio del pr\u00f3ximo ciclo lectivo. En principio est\u00e1 programado todo para que sea as\u00ed. Claro que se nos puede presentar alg\u00fan caso que por alguna raz\u00f3n se demore. Pero si sucede, se coordina con la escuela y se resuelve el problema para que comience a funcionar en el inicio de clases&#8221;.<\/p>\n\n\n\n<p><strong>Fuente: www.mendozapost.com<\/strong><\/p>\n","protected":false},"excerpt":{"rendered":"<p>El presente ciclo lectivo finalizar\u00e1 el viernes 15 de diciembre en Mendoza. Ser\u00e1 el momento en que, desde\u00a0Infraestructura Escolar, comiencen con los arreglos en los edificios educativos de la provincia que necesitan distintos tipos de intervenciones. El objetivo es que\u00a0 est\u00e9n en condiciones para el inicio de clases de 2024. El director de mantenimiento del [&hellip;]<\/p>\n","protected":false},"author":2,"featured_media":2337,"comment_status":"open","ping_status":"open","sticky":false,"template":"","format":"standard","meta":[],"categories":[50],"tags":[],"_links":{"self":[{"href":"https:\/\/pasaenmendoza.com\/index.php?rest_route=\/wp\/v2\/posts\/2336"}],"collection":[{"href":"https:\/\/pasaenmendoza.com\/index.php?rest_route=\/wp\/v2\/posts"}],"about":[{"href":"https:\/\/pasaenmendoza.com\/index.php?rest_route=\/wp\/v2\/types\/post"}],"author":[{"embeddable":true,"href":"https:\/\/pasaenmendoza.com\/index.php?rest_route=\/wp\/v2\/users\/2"}],"replies":[{"embeddable":true,"href":"https:\/\/pasaenmendoza.com\/index.php?rest_route=%2Fwp%2Fv2%2Fcomments&post=2336"}],"version-history":[{"count":1,"href":"https:\/\/pasaenmendoza.com\/index.php?rest_route=\/wp\/v2\/posts\/2336\/revisions"}],"predecessor-version":[{"id":2338,"href":"https:\/\/pasaenmendoza.com\/index.php?rest_route=\/wp\/v2\/posts\/2336\/revisions\/2338"}],"wp:featuredmedia":[{"embeddable":true,"href":"https:\/\/pasaenmendoza.com\/index.php?rest_route=\/wp\/v2\/media\/2337"}],"wp:attachment":[{"href":"https:\/\/pasaenmendoza.com\/index.php?rest_route=%2Fwp%2Fv2%2Fmedia&parent=2336"}],"wp:term":[{"taxonomy":"category","embeddable":true,"href":"https:\/\/pasaenmendoza.com\/index.php?rest_route=%2Fwp%2Fv2%2Fcategories&post=2336"},{"taxonomy":"post_tag","embeddable":true,"href":"https:\/\/pasaenmendoza.com\/index.php?rest_route=%2Fwp%2Fv2%2Ftags&post=2336"}],"curies":[{"name":"wp","href":"https:\/\/api.w.org\/{rel}","templated":true}]}}