{"id":2339,"date":"2023-10-20T13:52:24","date_gmt":"2023-10-20T11:52:24","guid":{"rendered":"https:\/\/pasaenmendoza.com\/?p=2339"},"modified":"2023-10-20T13:52:25","modified_gmt":"2023-10-20T11:52:25","slug":"elecciones-2023-este-viernes-a-las-8-comenzo-la-veda-y-podria-ser-la-ultima-del-ano","status":"publish","type":"post","link":"https:\/\/pasaenmendoza.com\/?p=2339","title":{"rendered":"Elecciones 2023: este viernes a las 8 comenz\u00f3 la veda y podr\u00eda ser la \u00faltima del a\u00f1o"},"content":{"rendered":"\n<p>La veda electoral antes de las elecciones nacionales se inici\u00f3 este viernes a las 8 de la ma\u00f1ana. A partir de ese momento se proh\u00edbe todo acto de proselitismo, la publicaci\u00f3n de encuestas y, desde las 20 del s\u00e1bado, la venta de bebidas alcoh\u00f3licas<\/p>\n\n\n\n<p>El\u00a0<strong>domingo 22 de octubre<\/strong>\u00a0el pa\u00eds asistir\u00e1 nuevamente a las urnas, y en esta oportunidad ser\u00e1 para votar en unas\u00a0<strong>elecciones nacionales<\/strong>\u00a0que podr\u00edan ser las \u00faltimas del a\u00f1o. El otro escenario es que ninguno de los candidatos presidenciales consiga ganar en primera vuelta y entonces haya balotaje. Como sea,\u00a0<strong>a partir de las 8 de la ma\u00f1ana de este viernes<\/strong>\u00a0ya no se permiten spots de campa\u00f1a y tampoco los actos proselitistas, porque comenz\u00f3 la\u00a0<strong>veda electoral<\/strong>.<\/p>\n\n\n\n<p>Adem\u00e1s, hasta las 21 del domingo, tres horas despu\u00e9s de la finalizaci\u00f3n de los comicios, hay una serie de actividades que quedan prohibidas (ver m\u00e1s abajo). Es decir que la veda electoral de las&nbsp;<strong>elecciones 2023<\/strong>&nbsp;durar\u00e1 todo el fin de semana (viernes y s\u00e1bado incluidos), y&nbsp;<strong>se levantar\u00e1 a las 21 horas del domingo 22 de octubre<\/strong>.<\/p>\n\n\n\n<p>Por supuesto que los hechos muestran un panorama menos tajante. En las redes, por ejemplo, se suelen seguir posteando mensajes pol\u00edticos\u00a0<strong>hasta \u00faltimo momento<\/strong>. Y hace algunas semanas se vio, en las provinciales, c\u00f3mo\u00a0<strong>algunos candidatos y comunicadores romp\u00edan la veda de forma descarada sin que ni siquiera les llegaran advertencias<\/strong>.<\/p>\n\n\n\n<h2 class=\"wp-block-heading\">Elecciones 2023: qu\u00e9 tiene que pasar para que haya balotaje<\/h2>\n\n\n\n<p>Para que los de este domingo sean los \u00faltimos comicios de este abigarrado a\u00f1o electoral deben cumplirse algunos requisitos.&nbsp;<strong>Para ganar en primera vuelta, un candidato presidencial tiene que alcanzar el 45% de los votos afirmativos o al menos el 40% con una diferencia porcentual mayor a 10 puntos respecto al segundo puesto.<\/strong><\/p>\n\n\n\n<p>\u00bfOcurrir\u00e1? Hasta hace una semana, los sondeos anticipaban un&nbsp;<strong>panorama re\u00f1ido<\/strong>, en el que habr\u00eda balotaje entre dos de los tres candidatos m\u00e1s votados en las PASO. Todo ello con la inflaci\u00f3n y diversos debates -como el vinculado a la inseguridad- como tel\u00f3n de fondo.<\/p>\n\n\n\n<p>Adem\u00e1s de presidente\/a, este domingo los mendocinos elegir\u00e1n a sus nuevos representantes para la\u00a0<strong>C\u00e1mara de Diputados<\/strong>\u00a0del Congreso de la Naci\u00f3n, aparte de definir la n\u00f3mina de aspirantes a\u00a0<strong>integrar el Parlasur<\/strong>.<\/p>\n\n\n\n<h2 class=\"wp-block-heading\">Elecciones 2023: \u00bfqu\u00e9 se puede y qu\u00e9 no se puede hacer durante la veda electoral?<\/h2>\n\n\n\n<ul>\n<li>Se proh\u00edbe realizar actos p\u00fablicos de campa\u00f1a.<\/li>\n\n\n\n<li>Se proh\u00edbe el proselitismo electoral incluidos los avisos publicitarios y el reparto de boletas y la apertura y funcionamiento de locales partidarios.<\/li>\n\n\n\n<li>Tambi\u00e9n se proh\u00edben -en teor\u00eda- posteos en redes sociales y la actividad online destinada a promover el voto de un candidato en particular.<\/li>\n\n\n\n<li>Se proh\u00edbe la publicaci\u00f3n y difusi\u00f3n de resultados de encuestas o sondeos preelectorales, una medida que estar\u00e1 vigente hasta las 22 del domingo.<\/li>\n\n\n\n<li>La venta de bebidas alcoh\u00f3licas quedar\u00e1 restringida a partir de las 20 del s\u00e1bado.<\/li>\n\n\n\n<li>La portaci\u00f3n de armas est\u00e1 prohibida durante la veda electoral.<\/li>\n\n\n\n<li>Se proh\u00edben los espect\u00e1culos populares al aire libre o en recintos cerrados, fiestas teatrales, deportivas y toda clase de reuniones p\u00fablicas que no se refieran al acto electoral.<\/li>\n<\/ul>\n\n\n\n<p>FUENTE: diariouno.com.ar<\/p>\n","protected":false},"excerpt":{"rendered":"<p>La veda electoral antes de las elecciones nacionales se inici\u00f3 este viernes a las 8 de la ma\u00f1ana. A partir de ese momento se proh\u00edbe todo acto de proselitismo, la publicaci\u00f3n de encuestas y, desde las 20 del s\u00e1bado, la venta de bebidas alcoh\u00f3licas El\u00a0domingo 22 de octubre\u00a0el pa\u00eds asistir\u00e1 nuevamente a las urnas, y [&hellip;]<\/p>\n","protected":false},"author":2,"featured_media":2340,"comment_status":"open","ping_status":"open","sticky":true,"template":"","format":"standard","meta":[],"categories":[67],"tags":[],"_links":{"self":[{"href":"https:\/\/pasaenmendoza.com\/index.php?rest_route=\/wp\/v2\/posts\/2339"}],"collection":[{"href":"https:\/\/pasaenmendoza.com\/index.php?rest_route=\/wp\/v2\/posts"}],"about":[{"href":"https:\/\/pasaenmendoza.com\/index.php?rest_route=\/wp\/v2\/types\/post"}],"author":[{"embeddable":true,"href":"https:\/\/pasaenmendoza.com\/index.php?rest_route=\/wp\/v2\/users\/2"}],"replies":[{"embeddable":true,"href":"https:\/\/pasaenmendoza.com\/index.php?rest_route=%2Fwp%2Fv2%2Fcomments&post=2339"}],"version-history":[{"count":1,"href":"https:\/\/pasaenmendoza.com\/index.php?rest_route=\/wp\/v2\/posts\/2339\/revisions"}],"predecessor-version":[{"id":2341,"href":"https:\/\/pasaenmendoza.com\/index.php?rest_route=\/wp\/v2\/posts\/2339\/revisions\/2341"}],"wp:featuredmedia":[{"embeddable":true,"href":"https:\/\/pasaenmendoza.com\/index.php?rest_route=\/wp\/v2\/media\/2340"}],"wp:attachment":[{"href":"https:\/\/pasaenmendoza.com\/index.php?rest_route=%2Fwp%2Fv2%2Fmedia&parent=2339"}],"wp:term":[{"taxonomy":"category","embeddable":true,"href":"https:\/\/pasaenmendoza.com\/index.php?rest_route=%2Fwp%2Fv2%2Fcategories&post=2339"},{"taxonomy":"post_tag","embeddable":true,"href":"https:\/\/pasaenmendoza.com\/index.php?rest_route=%2Fwp%2Fv2%2Ftags&post=2339"}],"curies":[{"name":"wp","href":"https:\/\/api.w.org\/{rel}","templated":true}]}}