{"id":2342,"date":"2023-10-20T13:58:01","date_gmt":"2023-10-20T11:58:01","guid":{"rendered":"https:\/\/pasaenmendoza.com\/?p=2342"},"modified":"2023-10-20T13:58:01","modified_gmt":"2023-10-20T11:58:01","slug":"tadeo-comparo-el-tiempo-record-para-las-obras-en-godoy-cruz-y-aludio-al-puente-de-la-ruta-40","status":"publish","type":"post","link":"https:\/\/pasaenmendoza.com\/?p=2342","title":{"rendered":"Tadeo compar\u00f3 el tiempo r\u00e9cord para las obras en Godoy Cruz y aludi\u00f3 al puente de la ruta 40"},"content":{"rendered":"\n<p>El intendente de Godoy Cruz inaugur\u00f3 el Puente Juncal, construido en 6 meses y reproch\u00f3 a la Naci\u00f3n por los 4 a\u00f1os que han pasado sin terminar la reparaci\u00f3n de los puentes de la ruta 40<\/p>\n\n\n\n<p>A s\u00f3lo 4 d\u00edas de las<strong>\u00a0elecciones presidenciales 2023<\/strong>\u00a0y en la inauguraci\u00f3n de un puente que une Godoy Cruz con el Parque,\u00a0<strong>Tadeo Garc\u00eda Zalazar<\/strong>\u00a0aprovech\u00f3 para subrayar que mientras aqu\u00ed se hizo una obra en 6 meses la Naci\u00f3n sigue sin concluir las refacciones de\u00a0los puentes rotos hace 4 a\u00f1os en la ruta 40, entre Luj\u00e1n y Tunuy\u00e1n.<\/p>\n\n\n\n<p>El intendente, que en diciembre concluir\u00e1 su mandato de 8 a\u00f1os y ser\u00e1 sucedido por Diego Costarelli dijo que era inevitable hacer la comparaci\u00f3n y tambi\u00e9n expres\u00f3 su preocupaci\u00f3n por la obra p\u00fablica para 2024 por los vaivenes de la econom\u00eda y por las previsiones del presupuesto nacional de la gesti\u00f3n de Alberto Fern\u00e1ndez con un c\u00e1lculo de inflaci\u00f3n y del precio del d\u00f3lar alejados de la realidad.<\/p>\n\n\n\n<p>Garc\u00eda Zalazar se refiri\u00f3 tambi\u00e9n a los comicios del domingo y se mostr\u00f3 optimista sobre los resultados para su espacio -Juntos por el Cambio- al aseverar que\u00a0<strong>han observado un crecimiento de Patricia Bullrich.<\/strong><\/p>\n\n\n\n<h2 class=\"wp-block-heading\">La comparaci\u00f3n del puente de Godoy Cruz con los puentes de la ruta 40<\/h2>\n\n\n\n<p>Tadeo Garc\u00eda Zalazar, que es presidente de la&nbsp;<strong>Uni\u00f3n C\u00edvica Radical de Mendoza&nbsp;<\/strong>luego de explicar detalles de la obra inaugurada este jueves dijo que &#8220;es inevitable hacer la comparaci\u00f3n con las obras de los puentes de la Ruta Nacional 40&#8221;. Tambi\u00e9n aludi\u00f3 a las demoras en la doble v\u00eda Mendoza-San Juan.<\/p>\n\n\n\n<p>&#8220;Ac\u00e1 se mont\u00f3 el puente en 4 meses y se tard\u00f3 6 meses y medio&#8221;, agreg\u00f3.<\/p>\n\n\n\n<p>El jefe comunal admiti\u00f3 que &#8220;algunas obras deben modificar sus plazos por los precios. En nuestro caso tuvimos la previsi\u00f3n de hacer acopio de materiales como para atenuar el golpe de la inflaci\u00f3n y de la suba del d\u00f3lar.<strong>&nbsp;Pero lo que preocupa es lo que suceder\u00e1 en 2024&#8243;.<\/strong><\/p>\n\n\n\n<p>Al ampliar el concepto manifest\u00f3 que la Naci\u00f3n&nbsp;<strong>&#8220;ha calculado un presupuesto con el d\u00f3lar a $600 y una inflaci\u00f3n del 70%. El d\u00f3lar ya pas\u00f3 los $900 y la inflaci\u00f3n va a superar el 130%&#8221;.<\/strong><\/p>\n\n\n\n<p>&#8220;Todo va a depender -sum\u00f3- de lo que la gente elija el domingo. Nosotros tenemos como primer objetivo mejorar la performance de las PASO y como segundo,\u00a0<strong>que haya un balotaje entre Bullrich y Javier Milei, que se puede dar porque venimos observando un crecimiento de Patricia&#8221;.<\/strong><\/p>\n\n\n\n<h2 class=\"wp-block-heading\">El puente Juncal<\/h2>\n\n\n\n<p>El puente Juncal es una obra terminada en tiempo r\u00e9cord que une dos departamentos de Mendoza. Luego de pocos meses, el proyecto desarrollado por la Municipalidad de Godoy Cruz y el Gobierno provincial fue concluido<\/p>\n\n\n\n<p>Fue trazado y ejecutado en los plazos anunciados, que permitir\u00e1 una mejor conexi\u00f3n vehicular entre Godoy Cruz y la Ciudad.<\/p>\n\n\n\n<p>Este jueves qued\u00f3 habilitado y all\u00ed estuvieron el anfitri\u00f3n Tadeo Garc\u00eda Zalazar, junto al gobernador Rodolfo Suarez, el intendente de Ciudad Ulpiano Suarez, el ministro de Planificaci\u00f3n e Infraestructura Mario Isgro, el secretario de Servicios P\u00fablicos Natalio Mema, el gobernador electo Alfredo Cornejo y el jefe comunal electo Diego Costarelli.<\/p>\n\n\n\n<p>Ubicado sobre el zanj\u00f3n Fr\u00edas, en la intersecci\u00f3n de Juncal y Santiago del Estero,<strong>&nbsp;la uni\u00f3n es a la altura de la primera rotonda de San Francisco de As\u00eds, una importante arteria del Parque General San Mart\u00edn.<\/strong><\/p>\n\n\n\n<p>Con un presupuesto de $388.000.000, la Municipalidad y el Ministerio de Planificaci\u00f3n e Infraestructura P\u00fablica de Mendoza llevaron el plan.<\/p>\n\n\n\n<h2 class=\"wp-block-heading\">Una obra planificada y ejecutada<\/h2>\n\n\n\n<p>\u201cQuiero poner en valor dos cosas, que la obra se ha hecho en tiempo r\u00e9cord, el puente espec\u00edficamente en cuatro meses, el total en seis y medio. Menos, inclusive, de lo que dec\u00eda el pliego licitatorio. Y que lo ha hecho una empresa mendocina con tecnolog\u00eda de Mendoza\u201d, destac\u00f3 Tadeo.<\/p>\n\n\n\n<p>Y a\u00f1adi\u00f3 que \u201c es una forma de hacer las cosas de manera eficiente, con fondos p\u00fablicos, de forma coordinada y que benefician a toda la gente y a todo el entorno\u201d.<\/p>\n\n\n\n<p>Por su parte, Rodolfo Suarez puso en valor el \u201ctrabajo conjunto\u201d y opin\u00f3 que \u201cel desarrollo urbano programado, bien hecho, con obras que le sirvan a la gente, facilita la vida de los vecinos\u201d.<\/p>\n\n\n\n<p><strong>\u201cDentro de las cosas que ocurren en este pa\u00eds, que nos angustian a todos, vemos intendentes que gestionan muy bien con estas obras de tanta utilidad\u201d,<\/strong>&nbsp;concluy\u00f3 el mandatario provincial.<\/p>\n\n\n\n<p>En definitiva, el trabajo conjunto entre Godoy Cruz y Provincia permitir\u00e1 descomprimir el tr\u00e1nsito del Corredor del Oeste, utilizado por miles de conductores que transitan entre Las Heras, Ciudad, Godoy Cruz, Luj\u00e1n de Cuyo y Maip\u00fa.<\/p>\n\n\n\n<h2 class=\"wp-block-heading\">M\u00e1s detalles sobre el puente<\/h2>\n\n\n\n<p>Tiene 9 metros de ancho y veredas en cada lateral de 2,15 metros, pensadas para el paso peatonal y de bicicletas. Tambi\u00e9n se suman rampas peatonales y, para mayor seguridad, se colocaron barandas met\u00e1licas de protecci\u00f3n en cada lateral y en los bordes norte y sur. De esta forma, habr\u00e1 vinculaci\u00f3n directa desde la rotonda de Carola Lorenzini y Corredor del Oeste, hacia el norte, circulando por Montes de Oca-Bulevar Juncal.<\/p>\n\n\n\n<p>As\u00ed, los conductores podr\u00e1n cruzar por el nuevo puente y dirigirse hacia el oeste o al este por San Francisco de As\u00eds.<\/p>\n\n\n\n<h2 class=\"wp-block-heading\">Punto por punto<\/h2>\n\n\n\n<ul>\n<li>Estructura del puente: vigas pretensadas de hormig\u00f3n de 36 metros de largo por 1,75 metro de altura cada una y losa superior de hormig\u00f3n armado<\/li>\n\n\n\n<li>Demolici\u00f3n de muro de canal<\/li>\n\n\n\n<li>Excavaci\u00f3n del lecho del canal, para lograr la altura necesaria para la libre circulaci\u00f3n del agua y la construcci\u00f3n de una importante obra de hormig\u00f3n para proteger las vigas del puente.<\/li>\n\n\n\n<li>Pavimentaci\u00f3n<\/li>\n\n\n\n<li>Pavimento empalme de calzada con avenida San Francisco de As\u00eds<\/li>\n\n\n\n<li>Veredas del puente y esquinas en Godoy Cruz y en Capital<\/li>\n\n\n\n<li>Provisi\u00f3n y colocaci\u00f3n de barandas met\u00e1licas en puente y sobre muros de borde del canal<\/li>\n\n\n\n<li>Cordones de hormig\u00f3n<\/li>\n\n\n\n<li>Rampas peatonales<\/li>\n\n\n\n<li>Sendas peatonales<\/li>\n\n\n\n<li>Provisi\u00f3n y colocaci\u00f3n de rejillas para alcantarillas<\/li>\n\n\n\n<li>Provisi\u00f3n y ejecuci\u00f3n de pintura vial para demarcaci\u00f3n de calzadas en \u00e1rea de puente y entorno inmediato<\/li>\n<\/ul>\n\n\n\n<p>fuente: diariouno.com.ar<\/p>\n","protected":false},"excerpt":{"rendered":"<p>El intendente de Godoy Cruz inaugur\u00f3 el Puente Juncal, construido en 6 meses y reproch\u00f3 a la Naci\u00f3n por los 4 a\u00f1os que han pasado sin terminar la reparaci\u00f3n de los puentes de la ruta 40 A s\u00f3lo 4 d\u00edas de las\u00a0elecciones presidenciales 2023\u00a0y en la inauguraci\u00f3n de un puente que une Godoy Cruz con [&hellip;]<\/p>\n","protected":false},"author":2,"featured_media":2343,"comment_status":"open","ping_status":"open","sticky":true,"template":"","format":"standard","meta":[],"categories":[47],"tags":[],"_links":{"self":[{"href":"https:\/\/pasaenmendoza.com\/index.php?rest_route=\/wp\/v2\/posts\/2342"}],"collection":[{"href":"https:\/\/pasaenmendoza.com\/index.php?rest_route=\/wp\/v2\/posts"}],"about":[{"href":"https:\/\/pasaenmendoza.com\/index.php?rest_route=\/wp\/v2\/types\/post"}],"author":[{"embeddable":true,"href":"https:\/\/pasaenmendoza.com\/index.php?rest_route=\/wp\/v2\/users\/2"}],"replies":[{"embeddable":true,"href":"https:\/\/pasaenmendoza.com\/index.php?rest_route=%2Fwp%2Fv2%2Fcomments&post=2342"}],"version-history":[{"count":1,"href":"https:\/\/pasaenmendoza.com\/index.php?rest_route=\/wp\/v2\/posts\/2342\/revisions"}],"predecessor-version":[{"id":2344,"href":"https:\/\/pasaenmendoza.com\/index.php?rest_route=\/wp\/v2\/posts\/2342\/revisions\/2344"}],"wp:featuredmedia":[{"embeddable":true,"href":"https:\/\/pasaenmendoza.com\/index.php?rest_route=\/wp\/v2\/media\/2343"}],"wp:attachment":[{"href":"https:\/\/pasaenmendoza.com\/index.php?rest_route=%2Fwp%2Fv2%2Fmedia&parent=2342"}],"wp:term":[{"taxonomy":"category","embeddable":true,"href":"https:\/\/pasaenmendoza.com\/index.php?rest_route=%2Fwp%2Fv2%2Fcategories&post=2342"},{"taxonomy":"post_tag","embeddable":true,"href":"https:\/\/pasaenmendoza.com\/index.php?rest_route=%2Fwp%2Fv2%2Ftags&post=2342"}],"curies":[{"name":"wp","href":"https:\/\/api.w.org\/{rel}","templated":true}]}}