{"id":2345,"date":"2023-10-20T14:01:25","date_gmt":"2023-10-20T12:01:25","guid":{"rendered":"https:\/\/pasaenmendoza.com\/?p=2345"},"modified":"2023-10-20T14:01:25","modified_gmt":"2023-10-20T12:01:25","slug":"los-dos-objetivos-de-cambia-mendoza-para-la-votacion-del-domingo","status":"publish","type":"post","link":"https:\/\/pasaenmendoza.com\/?p=2345","title":{"rendered":"Los dos objetivos de Cambia Mendoza para la votaci\u00f3n del domingo"},"content":{"rendered":"\n<p>El oficialismo provincial apunta a recuperarse de la sorpresiva derrota que sufri\u00f3 en la PASO y hacer crecer el caudal de votos para Patricia Bullrich, para sumar una banca m\u00e1s en el Congreso.<\/p>\n\n\n\n<p>Este domingo tendr\u00e1n lugar las elecciones presidenciales y el oficialismo mendocino tiene la expectativa puesta en mejorar el adverso resultado electoral que sufri\u00f3 en las PASO, ante el contundente triunfo de\u00a0Javier Milei\u00a0en la provincia. Desde\u00a0<strong>Cambia Mendoza<\/strong>\u00a0plantean que el primer objetivo de cara a estos comicios es que crezca el caudal de votos para Patricia Bullrich, de manera que el espacio obtenga una banca m\u00e1s de diputados nacionales, y que el segundo desaf\u00edo es que la candidata presidencial de Juntos por el Cambio llegue al balotaje contra el posutlante de La Libertad Avanza.<\/p>\n\n\n\n<p>En las primarias del 13 de agosto Milei sac\u00f3 el 45% de los votos en la provincia, mientras que el oficialismo provincial alcanz\u00f3 el 28%. Este ventaja de m\u00e1s de 15 puntos arroj\u00f3 un escenario m\u00e1s que favorable para la fuerza libertaria, que de repetirse el mismo resultado conseguir\u00eda quedarse con 3 de las 5 bancas de diputados nacionales que se eligen en Mendoza. Mientras que las dos restantes se repartir\u00edan entre\u00a0<strong>Cambia Mendoza<\/strong>\u00a0y Uni\u00f3n por la Patria.<\/p>\n\n\n\n<p>Ante este escenario, intendente de Godoy Cruz y presidente de la UCR mendocina,\u00a0<strong>Tadeo Garc\u00eda Zalazar<\/strong>, habl\u00f3 de las expectativa oficialistas de cara a los comicios del domingo y plante\u00f3 dos objetivos principales.<\/p>\n\n\n\n<p>\u201cEl primer objetivo es mejorar el resultado con respecto a las PASO de agosto en Mendoza. En las encuestas que nosotros tenemos vemos que Patricia Bullrich est\u00e1 teniendo un crecimiento\u201d, manifest\u00f3 el dirigente radical. De ese crecimiento depende que\u00a0<strong>Cambia Mendoza<\/strong>\u00a0obtenga una banca m\u00e1s, ya que actualmente estar\u00eda ingresando al Congreso solamente Lisandro Nieri y en el caso de aumentar el caudal de votos podr\u00eda sumarse tambi\u00e9n Patricia Gim\u00e9nez.<\/p>\n\n\n\n<p>A su vez, refiri\u00e9ndose al escenario nacional, Garc\u00eda Zalazar advirti\u00f3 que \u201cel segundo objetivo es que haya una segunda vuelta y que sea entre Milei y Bullrich\u201d. Remarc\u00f3 que ese ser\u00e1 un escenario de \u201cbatalla final\u201d en el que cada uno plantear\u00e1 sus planes de gobierno en un mano a mano.<\/p>\n\n\n\n<p>\u201cLa expectativa nuestra est\u00e1 fundada en que Juntos por el Cambio ya ha ganado en siete provincias en las que no era gobierno y en total van a ser 10 jurisdicciones que van a ser de Juntos por el Cambio o aliadas\u201d, expres\u00f3 el presidente de la UCR mendocina. \u201cCon esa base de cambios que ha ido votando la gente en las provincias que sigan votando eso a nivel nacional\u201d, concluy\u00f3.<\/p>\n\n\n\n<p>FUENTE: mdzonline.<\/p>\n","protected":false},"excerpt":{"rendered":"<p>El oficialismo provincial apunta a recuperarse de la sorpresiva derrota que sufri\u00f3 en la PASO y hacer crecer el caudal de votos para Patricia Bullrich, para sumar una banca m\u00e1s en el Congreso. Este domingo tendr\u00e1n lugar las elecciones presidenciales y el oficialismo mendocino tiene la expectativa puesta en mejorar el adverso resultado electoral que [&hellip;]<\/p>\n","protected":false},"author":2,"featured_media":2346,"comment_status":"open","ping_status":"open","sticky":true,"template":"","format":"standard","meta":[],"categories":[47],"tags":[],"_links":{"self":[{"href":"https:\/\/pasaenmendoza.com\/index.php?rest_route=\/wp\/v2\/posts\/2345"}],"collection":[{"href":"https:\/\/pasaenmendoza.com\/index.php?rest_route=\/wp\/v2\/posts"}],"about":[{"href":"https:\/\/pasaenmendoza.com\/index.php?rest_route=\/wp\/v2\/types\/post"}],"author":[{"embeddable":true,"href":"https:\/\/pasaenmendoza.com\/index.php?rest_route=\/wp\/v2\/users\/2"}],"replies":[{"embeddable":true,"href":"https:\/\/pasaenmendoza.com\/index.php?rest_route=%2Fwp%2Fv2%2Fcomments&post=2345"}],"version-history":[{"count":1,"href":"https:\/\/pasaenmendoza.com\/index.php?rest_route=\/wp\/v2\/posts\/2345\/revisions"}],"predecessor-version":[{"id":2347,"href":"https:\/\/pasaenmendoza.com\/index.php?rest_route=\/wp\/v2\/posts\/2345\/revisions\/2347"}],"wp:featuredmedia":[{"embeddable":true,"href":"https:\/\/pasaenmendoza.com\/index.php?rest_route=\/wp\/v2\/media\/2346"}],"wp:attachment":[{"href":"https:\/\/pasaenmendoza.com\/index.php?rest_route=%2Fwp%2Fv2%2Fmedia&parent=2345"}],"wp:term":[{"taxonomy":"category","embeddable":true,"href":"https:\/\/pasaenmendoza.com\/index.php?rest_route=%2Fwp%2Fv2%2Fcategories&post=2345"},{"taxonomy":"post_tag","embeddable":true,"href":"https:\/\/pasaenmendoza.com\/index.php?rest_route=%2Fwp%2Fv2%2Ftags&post=2345"}],"curies":[{"name":"wp","href":"https:\/\/api.w.org\/{rel}","templated":true}]}}