{"id":2356,"date":"2023-10-20T14:39:15","date_gmt":"2023-10-20T12:39:15","guid":{"rendered":"https:\/\/pasaenmendoza.com\/?p=2356"},"modified":"2023-10-20T14:39:16","modified_gmt":"2023-10-20T12:39:16","slug":"la-ministra-de-salud-presento-el-presupuesto-2024-y-anuncio-que-contrataran-a-100-pediatras","status":"publish","type":"post","link":"https:\/\/pasaenmendoza.com\/?p=2356","title":{"rendered":"La ministra de Salud present\u00f3 el Presupuesto 2024 y anunci\u00f3 que contratar\u00e1n a 100 pediatras"},"content":{"rendered":"\n<p>La ministra de Salud, Desarrollo Social y Deportes,\u00a0<strong>Ana Mar\u00eda Nadal, anunci\u00f3<\/strong>\u00a0este jueves que se har\u00e1 el llamado para contratar a\u00a0<strong>100 pediatras como parte del\u00a0Presupuesto 2024<\/strong>\u00a0que present\u00f3 en la Legislatura. De ese n\u00famero, 50 tendr\u00e1n prioridad en el corto plazo.<\/p>\n\n\n\n<p>As\u00ed lo asegur\u00f3 la funcionaria ante de sentarse con miembros de su cartera ante las comisiones de Hacienda de ambas c\u00e1maras, donde&nbsp;<strong>detall\u00f3 la pauta de gastos de la cartera sanitaria para el pr\u00f3ximo a\u00f1o.&nbsp;<\/strong>&#8220;Esperamos tener una muy buena convocatoria. Estamos enfocados en las especialidades que m\u00e1s cuestan tener en el sistema y con una mirada federal, en los lugares m\u00e1s alejados&#8221;, explic\u00f3.<\/p>\n\n\n\n<p><strong>Nadal indic\u00f3 que se ha proyectado un total de $379.391 millones, incluido OSEP,&nbsp;<\/strong>distribuidos en: $239.607 millones para Salud; $31.272 millones para Desarrollo Social; $3.512 millones para Deportes, y $105.000 millones para la Obra Social de Empleados P\u00fablicos (OSEP).<\/p>\n\n\n\n<p>Dentro de este presupuesto sacando la OSEP, el 87% est\u00e1 destinado al \u00e1rea de Salud, a Desarrollo Social el 11%, y el 1% a Deportes.<\/p>\n\n\n\n<h2 class=\"wp-block-heading\">El detalle del Presupuesto 2024<\/h2>\n\n\n\n<p>La ministra explic\u00f3 que&nbsp;<strong>en Salud, sin OSEP, el 70% del presupuesto presentado corresponde a recurso humano,<\/strong>&nbsp;el 16% a medicamentos, el 8% a servicios p\u00fablicos, mantenimiento y gastos generales, 6% a programas especiales y convenios y el 1% a equipamiento.<\/p>\n\n\n\n<p>Tambi\u00e9n se\u00f1al\u00f3 que en \u201cBienes Corrientes, insumos en general, monodrogas y laboratorio hay un incremento considerable desde el 2023 al 2024, por las dificultades econ\u00f3micas del pa\u00eds que impactan en los insumos porque est\u00e1n atados al d\u00f3lar\u201d.<\/p>\n\n\n\n<p>En relaci\u00f3n a las cantidades de medicamentos manifest\u00f3 que \u201c<strong>en el 2023 hay un incremento de monodrogas que responde a la mayor consulta ambulatoria en el sector p\u00fablico,\u00a0<\/strong>estamos logrando mejor adhesi\u00f3n en esta l\u00ednea de las patolog\u00edas cr\u00f3nicas y la disminuci\u00f3n con productos m\u00e9dicos y de laboratorio volviendo paulatinamente a los consumos normales\u201d.<\/p>\n\n\n\n<p>Destac\u00f3 adem\u00e1s la &#8220;labor de&nbsp;<strong>gesti\u00f3n de medicamentos<\/strong>&nbsp;con la modalidad de compra sostenida con experiencia, con criterios de selecci\u00f3n razonables y transparencia con los proveedores. Esto nos ha permitido desde el Ministerio de Salud, sostener la demanda\u201d, asegurando que &#8220;<strong>no hemos tenido ruptura de stock, hemos podido afrontar situaciones muy cr\u00edticas por la devaluaci\u00f3n, esto es un trabajo de 8 a\u00f1os<\/strong>&nbsp;en los que se ha mantenido el v\u00ednculo virtuoso\u201d.<\/p>\n\n\n\n<p>Al respecto agreg\u00f3 que para la compra de medicamentos en el primer nivel de atenci\u00f3n\u00a0<strong>se ha instaurado la modalidad de formulario terap\u00e9utico<\/strong>. &#8220;Esta herramienta permite elegir lo m\u00e1s eficiente y menos caro y asegura el acceso a los medicamentos. Esto nos parece muy importante. Se ha trabajado con todos los efectores, es muy novedoso y est\u00e1 disponible en la p\u00e1gina web del ministerio con un QR y se pueden ver los beneficios de su utilizaci\u00f3n para la salud de Mendoza\u201d, dijo.<\/p>\n\n\n\n<p>La inversi\u00f3n que realiza la Provincia en el Sistema de Residencias tiene dos componentes: financiamiento de 100% de la beca para las plazas provinciales con un monto de $2.375 millones anuales, y el financiamiento del 70% como complemento a la Beca de las Plazas nacionales para equipararla a la beca provincial, que insume una erogaci\u00f3n anual de $340 millones.<\/p>\n\n\n\n<p>Precisamente en cuanto al recurso humano, se\u00f1al\u00f3 que \u201chemos puesto mucho trabajo en el sistema de residencia, mas all\u00e1 de las dificultades que tenemos, para poder trabajar los procesos de formaci\u00f3n\u201d. Agreg\u00f3 al respecto que \u201cel sistema p\u00fablico de salud tiene 726 profesionales formados en el sector p\u00fablico\u201d y que \u201cen residencias trabajamos herramientas interesantes, generando especialidades como pediatr\u00eda y neonatolog\u00eda logrando m\u00e1s inter\u00e9s en estas especialidades a trav\u00e9s de la residencia articulada, sin comprometer la formaci\u00f3n\u201d.<\/p>\n\n\n\n<p>Anunci\u00f3 que<strong>\u00a0\u201ceste a\u00f1o hemos tenido 5 neonat\u00f3logos que se formar\u00e1n en el hospital Lagomaggiore y tambi\u00e9n tenemos aspirantes para entrar a terapia intensiva pedi\u00e1trica, enfermer\u00eda pedi\u00e1trica y cl\u00ednica m\u00e9dica. En formaci\u00f3n tenemos 83 especialidades\u201d.<\/strong><\/p>\n\n\n\n<p>Marc\u00f3 como &#8220;hito importante la pol\u00edtica sistem\u00e1tica de llamados a concurso, hemos llamado para 313 no solo en un nivel de atenci\u00f3n sino que es transversal al sistema de salud e involucra a diversas dependencias.&nbsp;<strong>Hemos llamado 100 cargos de pediatras\u201d.<\/strong><\/p>\n\n\n\n<p>Al referirse al equipamiento en el \u00e1rea de su incumbencia dijo que \u201cen 2023 lo m\u00e1s relevante fue la adquisici\u00f3n de 19 mesas de anestesias, es la mayor inversi\u00f3n para fortalecer los quir\u00f3fanos, tambi\u00e9n equipamiento para laparoscop\u00eda para construir una red y poder descomprimir y descentralizar los hospitales de referencia\u201d.<\/p>\n\n\n\n<p>Mencion\u00f3 adem\u00e1s la\u00a0<strong>adquisici\u00f3n de 33 incubadoras, nuevas camas de UTI, y las mejoras realizadas en la guardia del Schestakow.<\/strong><\/p>\n\n\n\n<h2 class=\"wp-block-heading\">Infraestructura<\/h2>\n\n\n\n<p>En el corriente a\u00f1o, expuso que se invertir\u00e1n en equipos sanitarios alrededor de 3.100 millones de pesos, un 120% m\u00e1s que en 2022, mencionando obras como el centro de salud de Costa de Araujo, la remodelaci\u00f3n del hospital Notti, la maternidad del Lagomaggiore, remarcando en este punto que \u201ctenemos lo mejor en equipamiento para la atenci\u00f3n de las mujeres\u201d.<\/p>\n\n\n\n<p>Tambi\u00e9n la guardia del hospital Schestacow, un \u00e1rea modelo de guardia y la aparatolog\u00eda para atender traumatolog\u00eda y la remodelaci\u00f3n del micro hospital de la ex DINAF.<\/p>\n\n\n\n<p>En 2024 seg\u00fan inform\u00f3, continuar\u00e1n las obras en el Hospital Lencinas, que ser\u00e1n destinados a rehabilitaci\u00f3n, se construir\u00e1 del micro hospital P\u00e9rsico de Palmira, continuar\u00e1n las obras de la guardia del Schestacow. El centro de salud 62 de Jun\u00edn tambi\u00e9n tendr\u00e1 una remodelaci\u00f3n de la guardia, vacunatorio y sala de espera y el edificio del Gailhac ser\u00e1 remodelado para la zona del Algarrobal, con internaci\u00f3n de adultos mayores, lo que consider\u00f3 \u201cuna resoluci\u00f3n ambulatoria para los pacientes en el \u00e1rea de influencia que es Las Heras y Lavalle\u201d.<\/p>\n\n\n\n<p>La funcionaria puso en contexto \u201cla dificultad que ha sido gestionar salud en tiempos de crisis econ\u00f3mica\u201d, no obstante lo cual dijo que \u201cen el \u00e1rea de mortalidad materna e infantil siguen bajando los indicadores a niveles hist\u00f3ricos, tenemos menos fallecimientos. Ha disminuido mucho la mortalidad materna y tambi\u00e9n la de los ni\u00f1os que luego de nacidos van a su domicilio\u201d. De la misma manera, disminuyeron los embarazos adolescentes.<\/p>\n\n\n\n<p>En cuanto a lo dise\u00f1ado para los adolescentes se\u00f1al\u00f3 que \u201chay una mirada distinta, integral a lo que hace al abordaje de su salud f\u00edsica, sexual y mental\u201d, subrayando que un tema central de abordaje est\u00e1 orientado a \u201clos m\u00e9todos anticonceptivos, actividades en talleres y relaciones sociales\u201d. Tambi\u00e9n la introducci\u00f3n de espacios de Consejer\u00edas en salud sexual para adolescentes \u201chabilita la planificaci\u00f3n de un proyecto de vida en marcos de informaci\u00f3n y seguridad y la promoci\u00f3n de la anticoncepci\u00f3n reversible de larga duraci\u00f3n (LARCs) es vital en este subgrupo poblacional\u201d, mencion\u00f3, a\u00f1adiendo que \u201cel impacto proporcional es la baja sostenida en la tasa de embarazo adolescente de los \u00faltimos 5 a\u00f1os\u201d.<\/p>\n\n\n\n<p>\u201cHubo 3155 intervenciones con adolescentes en el 2023 en todas las modalidades y lo que se pretende es que se pueda replicar en distintas partes de la provincia\u201d, acot\u00f3.<\/p>\n\n\n\n<p>Por otra parte aludi\u00f3 al trabajo de prevenci\u00f3n sanitaria que lleva adelante el cami\u00f3n sanitario ginecol\u00f3gico, odontol\u00f3gico y para el tratamiento de HIV, la realizaci\u00f3n de mamograf\u00edas, valorando \u201ceste tipo de intervenci\u00f3n territorial que nos permite llegar a lugares en los que la gente necesita ser atendida, seguir un tratamiento o prevenir una enfermedad \u201c<\/p>\n\n\n\n<p>Recalc\u00f3 adem\u00e1s que en 2024 se seguir\u00e1 trabajando en la detecci\u00f3n y prevenci\u00f3n del HPV \u201ccon recursos provinciales porque desde la naci\u00f3n nunca nos enviaron recursos, la meta es en el 2030 erradicar el c\u00e1ncer de cuello de \u00fatero. \u201cEs una pol\u00edtica p\u00fablica muy importante por lo que hemos aumentado un 100% los test realizadas en 2022\u201d, dijo.<\/p>\n\n\n\n<p><strong>Respecto del c\u00e1ncer de mama se ha aumentado el n\u00famero de mamograf\u00edas<\/strong>&nbsp;de tamizaje, lo que permite la detecci\u00f3n precoz y anunci\u00f3 que \u201cpr\u00f3ximamente en la Casa de la Salud de la mujer tendremos un mam\u00f3grafo con prestaciones m\u00e1s complejas\u201d.<\/p>\n\n\n\n<p>En cuanto a las enfermedades no transmisibles, hizo alusi\u00f3n al trabajo que se realiza en materia de prevenci\u00f3n primaria y secundaria de la diabetes, como as\u00ed tambi\u00e9n en cuanto a patolog\u00edas cardiovasculares.<\/p>\n\n\n\n<p>Otro punto se\u00f1alado en la reuni\u00f3n fue el funcionamiento de la red de Telesalud que seg\u00fan expres\u00f3 Nadal, \u201cest\u00e1 dentro del marco de imprescindibles, porque en los lugares en los que nos cuesta llegar hay varios programas ya en funcionamiento y hemos ido creciendo en esta pr\u00e1ctica\u201d. Los establecimientos en la Red de telesalud son 152 y todos los departamentos poseen efectores en la Red.<\/p>\n\n\n\n<h2 class=\"wp-block-heading\"><strong>Salud Mental<\/strong><\/h2>\n\n\n\n<p>En otro tramo de su exposici\u00f3n la ministra habl\u00f3 de la salud mental como &#8220;uno de los grandes desaf\u00edos que requiere de pol\u00edticas presentes y futuras\u201d, mencionando &#8220;la apertura en el hospital Lencinas de 5 camas de salud mental y la creaci\u00f3n del \u00e1rea de salud mental en el Saporitti\u201d.<\/p>\n\n\n\n<p>Nadal detall\u00f3 que la Direcci\u00f3n ha gestionado sus propios dispositivos, incluyendo el \u00e1mbito infanto-juvenil, CPA,CIPAU, Centro de Salud Mental Comunitaria, y, a trav\u00e9s de una Resoluci\u00f3n Ministerial, ha ejercido su competencia e intervenci\u00f3n en todos los Servicios de Salud Mental de los Hospitales Generales y el primer nivel de atenci\u00f3n.<\/p>\n\n\n\n<p>Se ha fortalecido la Red Hospitalaria mediante la apertura de camas en Hospitales Generales, respaldado por un recurso humano interdisciplinario y capacitado en cada efector. Adem\u00e1s, se han inaugurado Residencias en Salud Mental en Hospitales Generales.<\/p>\n\n\n\n<p>Asimismo, se ha establecido el Protocolo Provincial de Manejo Inicial de las Urgencias de Salud Mental, dirigido a todos los servicios de guardia externa de los hospitales generales que conforman la red de atenci\u00f3n de la provincia.<\/p>\n\n\n\n<p>Se ha creado el Primer Centro de D\u00eda para adolescentes de la Provincia, denominado FAROen Fray Luis Beltr\u00e1n<\/p>\n\n\n\n<p>Se ha establecido un espacio en Rivadavia (ESIIA) y se ha fortalecido el primer nivel de atenci\u00f3n con la creaci\u00f3n de 3 dispositivos intermedios para la atenci\u00f3n de infancias y adolescencias en los centros de salud del Barrio La Gloria de Godoy Cruz y Maip\u00fa.<\/p>\n\n\n\n<p>Adem\u00e1s se ha proporcionado capacitaci\u00f3n remunerada por la DGE a todos los profesores de Educaci\u00f3n F\u00edsica, equipos SOE y preceptores de la Provincia en prevenci\u00f3n, asistencia y prevenci\u00f3n del suicidio, as\u00ed como estrategias de cuidado de la Salud Mental en \u00e1mbitos educativos, entre otras acciones.<\/p>\n\n\n\n<h2 class=\"wp-block-heading\"><strong>Desarrollo Social<\/strong><\/h2>\n\n\n\n<p>El subsecretario del \u00e1rea, Alejandro Ver\u00f3n, indic\u00f3 que el presupuesto previsto ser\u00e1 en el 2024 de $31.272 millones que ser\u00e1n distribuidos de la siguiente manera: 57% para Ni\u00f1ez y Adolescencia; 20% para Discapacidad, G\u00e9nero, Adultos Mayores, y 23% para Asistencia Alimentaria y Contingencias.<\/p>\n\n\n\n<p>Se apuntar\u00e1 a la asistencia y fortalecimiento en el cuidado de la primera infancia y adolescencia; la atenci\u00f3n Integral del Adulto Mayor y Personas con Discapacidad: Restituci\u00f3n de sus derechos e integraci\u00f3n a una comunidad activa; el abordaje de manera integral a la mujer v\u00edctima de violencia de g\u00e9nero y al var\u00f3n, mediante programas de apoyo; programas de contenci\u00f3n social, apoyo nutricional; la Garrafa en tu barrio; subsidios para micro emprendedores; venta de productos artesanales, y microcr\u00e9ditos.<\/p>\n\n\n\n<p>La Direcci\u00f3n General de Protecci\u00f3n, contar\u00e1 con poco m\u00e1s de $13.100 millones; la de Responsabilidad Penal Juvenil, con $4.800 millones; Discapacidad, con $2.800 millones; Adultos Mayores, $2.050 millones; la Direcci\u00f3n de G\u00e9nero y Diversidad, con $332 millones; Econom\u00eda Social, con $545 millones, y para Contingencias, m\u00f3dulos alimentarios y otras acciones, $6.086 millones.<\/p>\n\n\n\n<h2 class=\"wp-block-heading\"><strong>Deportes<\/strong><\/h2>\n\n\n\n<p>El total previsto para esta Subsecretar\u00eda, seg\u00fan explic\u00f3 su titular, Federico Chiapetta, asciende a $3.512 millones, los cuales se dividen en $31 millones de pesos para el Fondo Direcci\u00f3n Provincial del Deporte; $2,336 millones para el pago de Impuesto afectado a deporte; $9 millones de los Fondos de la Naci\u00f3n; y $1,136 millones de Rentas Generales.<\/p>\n\n\n\n<p>Estos montos ser\u00e1n destinados para la puesta en marcha de los Programas de Deporte de Alto Rendimiento, con un total de $739 millones. Este programa tiene m\u00e1s de 313.000 beneficiarios, ya que se incluye en el, los fondos para brindar apoyo a Federaciones y Clubes, Escuelas de Iniciaci\u00f3n Deportiva, Centros de Tecnificaci\u00f3n y Escuelas de Formaci\u00f3n Deportiva, Competencias Universitarias y Becas Deportivas de Estudio, Apoyo a Deportistas Mendocinos y el funcionamiento del Centro de Medicina Deportiva.<\/p>\n\n\n\n<p>Para Programas del Deporte Social y Comunitario, se prev\u00e9n $1.186 Millones, destinados a los Juegos Sanmartinianos y Juegos Nacionales Evita; los programa \u201cSent\u00ed El Malvinas\u201d y Deporte Abierto, para las Escuelas de Futbol Social, Torneo de Aer\u00f3bica y Danza, Deporte escolar, capacitaciones, y programas para las \u00e1reas de Discapacidad, adultos mayores, verano en acci\u00f3n e integraci\u00f3n social.<\/p>\n\n\n\n<p>Igualmente, para el \u00e1rea deportiva provincial se invertir\u00e1n $456 millones, se incluyen aqu\u00ed los \u00edtems de mantenimiento, obras y reparaci\u00f3n, limpieza y vigilancia de los estadios deportivos provinciales. Los funcionarios explicaron que invertir\u00e1n en la modernizaci\u00f3n de la Infraestructura Deportiva y la incorporaci\u00f3n de nuevos niveles educativos al Deporte Escolar.<\/p>\n\n\n\n<p><strong>Fuente: www.diariouno.com.ar<\/strong><\/p>\n","protected":false},"excerpt":{"rendered":"<p>La ministra de Salud, Desarrollo Social y Deportes,\u00a0Ana Mar\u00eda Nadal, anunci\u00f3\u00a0este jueves que se har\u00e1 el llamado para contratar a\u00a0100 pediatras como parte del\u00a0Presupuesto 2024\u00a0que present\u00f3 en la Legislatura. De ese n\u00famero, 50 tendr\u00e1n prioridad en el corto plazo. As\u00ed lo asegur\u00f3 la funcionaria ante de sentarse con miembros de su cartera ante las comisiones [&hellip;]<\/p>\n","protected":false},"author":2,"featured_media":2357,"comment_status":"open","ping_status":"open","sticky":false,"template":"","format":"standard","meta":[],"categories":[58],"tags":[],"_links":{"self":[{"href":"https:\/\/pasaenmendoza.com\/index.php?rest_route=\/wp\/v2\/posts\/2356"}],"collection":[{"href":"https:\/\/pasaenmendoza.com\/index.php?rest_route=\/wp\/v2\/posts"}],"about":[{"href":"https:\/\/pasaenmendoza.com\/index.php?rest_route=\/wp\/v2\/types\/post"}],"author":[{"embeddable":true,"href":"https:\/\/pasaenmendoza.com\/index.php?rest_route=\/wp\/v2\/users\/2"}],"replies":[{"embeddable":true,"href":"https:\/\/pasaenmendoza.com\/index.php?rest_route=%2Fwp%2Fv2%2Fcomments&post=2356"}],"version-history":[{"count":1,"href":"https:\/\/pasaenmendoza.com\/index.php?rest_route=\/wp\/v2\/posts\/2356\/revisions"}],"predecessor-version":[{"id":2358,"href":"https:\/\/pasaenmendoza.com\/index.php?rest_route=\/wp\/v2\/posts\/2356\/revisions\/2358"}],"wp:featuredmedia":[{"embeddable":true,"href":"https:\/\/pasaenmendoza.com\/index.php?rest_route=\/wp\/v2\/media\/2357"}],"wp:attachment":[{"href":"https:\/\/pasaenmendoza.com\/index.php?rest_route=%2Fwp%2Fv2%2Fmedia&parent=2356"}],"wp:term":[{"taxonomy":"category","embeddable":true,"href":"https:\/\/pasaenmendoza.com\/index.php?rest_route=%2Fwp%2Fv2%2Fcategories&post=2356"},{"taxonomy":"post_tag","embeddable":true,"href":"https:\/\/pasaenmendoza.com\/index.php?rest_route=%2Fwp%2Fv2%2Ftags&post=2356"}],"curies":[{"name":"wp","href":"https:\/\/api.w.org\/{rel}","templated":true}]}}