{"id":2363,"date":"2023-10-20T14:58:15","date_gmt":"2023-10-20T12:58:15","guid":{"rendered":"https:\/\/pasaenmendoza.com\/?p=2363"},"modified":"2023-10-20T14:58:16","modified_gmt":"2023-10-20T12:58:16","slug":"una-pareja-chilena-sufrio-un-grave-accidente-en-la-ruta-internacional-7","status":"publish","type":"post","link":"https:\/\/pasaenmendoza.com\/?p=2363","title":{"rendered":"Una pareja chilena sufri\u00f3 un grave accidente en la Ruta Internacional 7"},"content":{"rendered":"\n<p>Durante la noche de este jueves, se registr\u00f3 un fuerte\u00a0<strong>accidente vehicular<\/strong>\u00a0en la zona de Cortaderas, kil\u00f3metro 1.142 de la\u00a0<strong>Ruta 7<\/strong>, del departamento de\u00a0<strong>Las Heras.\u00a0<\/strong><\/p>\n\n\n\n<p>Los reportes indican que un veh\u00edculo que se dirig\u00eda hacia Chile perdi\u00f3 el control y cay\u00f3 al barranco, aproximadamente a unos 15 metros de altura, con dos ciudadanos chilenos a bordo. Las condiciones del accidente apuntan a que el conductor se qued\u00f3 dormido. Las v\u00edctimas del accidente fueron identificados como\u00a0<strong>Pedro Arturo Iracena\u00a0<\/strong>de 42 a\u00f1os y Claudia Alejandra Carre\u00f1o, de 40 a\u00f1os.\u00a0<\/p>\n\n\n\n<p>El incidente moviliz\u00f3 a las autoridades y los servicios de emergencia. Al llegar al lugar del siniestro, encontraron a una de las personas atrapadas en el interior del veh\u00edculo, requiriendo una operaci\u00f3n de rescate inmediato. Mientras tanto, el otro ocupante logr\u00f3 salir por sus propios medios antes de la llegada de los equipos de rescate.<\/p>\n\n\n\n<p>\u00a0Seg\u00fan informes preliminares, el veh\u00edculo se precipit\u00f3 aproximadamente entre 15 y 20 metros al precipicio. Gracias a la intervenci\u00f3n de bomberos y asistencia m\u00e9dica en el lugar, la persona atrapada fue liberada y recibi\u00f3 atenci\u00f3n m\u00e9dica de urgencia.\u00a0<\/p>\n\n\n\n<p>Las v\u00edctimas fueron trasladadas al\u00a0<strong>Hospital de Uspallata<\/strong>, donde a Pedro Iracena le diagnosticaron politraumatismos graves, mientras que a Claudia Carre\u00f1o la atendieron por traumatismo moderado.<\/p>\n\n\n\n<p>Para facilitar las operaciones de rescate y garantizar una respuesta m\u00e9dica adecuada, las autoridades tomaron la decisi\u00f3n de cortar el tr\u00e1fico vehicular en la zona de Punta de Vacas y Aci Uspallata. Esto tambi\u00e9n permiti\u00f3 la creaci\u00f3n de un corredor sanitario para agilizar la evacuaci\u00f3n y atenci\u00f3n de las v\u00edctimas.<\/p>\n\n\n\n<p>\u00a0Interviene la Oficina Fiscal N\u00b06.<\/p>\n\n\n\n<p><strong>Fuente: www.mendozapost.com<\/strong><\/p>\n","protected":false},"excerpt":{"rendered":"<p>Durante la noche de este jueves, se registr\u00f3 un fuerte\u00a0accidente vehicular\u00a0en la zona de Cortaderas, kil\u00f3metro 1.142 de la\u00a0Ruta 7, del departamento de\u00a0Las Heras.\u00a0 Los reportes indican que un veh\u00edculo que se dirig\u00eda hacia Chile perdi\u00f3 el control y cay\u00f3 al barranco, aproximadamente a unos 15 metros de altura, con dos ciudadanos chilenos a bordo. [&hellip;]<\/p>\n","protected":false},"author":2,"featured_media":2368,"comment_status":"open","ping_status":"open","sticky":false,"template":"","format":"standard","meta":[],"categories":[48],"tags":[],"_links":{"self":[{"href":"https:\/\/pasaenmendoza.com\/index.php?rest_route=\/wp\/v2\/posts\/2363"}],"collection":[{"href":"https:\/\/pasaenmendoza.com\/index.php?rest_route=\/wp\/v2\/posts"}],"about":[{"href":"https:\/\/pasaenmendoza.com\/index.php?rest_route=\/wp\/v2\/types\/post"}],"author":[{"embeddable":true,"href":"https:\/\/pasaenmendoza.com\/index.php?rest_route=\/wp\/v2\/users\/2"}],"replies":[{"embeddable":true,"href":"https:\/\/pasaenmendoza.com\/index.php?rest_route=%2Fwp%2Fv2%2Fcomments&post=2363"}],"version-history":[{"count":1,"href":"https:\/\/pasaenmendoza.com\/index.php?rest_route=\/wp\/v2\/posts\/2363\/revisions"}],"predecessor-version":[{"id":2369,"href":"https:\/\/pasaenmendoza.com\/index.php?rest_route=\/wp\/v2\/posts\/2363\/revisions\/2369"}],"wp:featuredmedia":[{"embeddable":true,"href":"https:\/\/pasaenmendoza.com\/index.php?rest_route=\/wp\/v2\/media\/2368"}],"wp:attachment":[{"href":"https:\/\/pasaenmendoza.com\/index.php?rest_route=%2Fwp%2Fv2%2Fmedia&parent=2363"}],"wp:term":[{"taxonomy":"category","embeddable":true,"href":"https:\/\/pasaenmendoza.com\/index.php?rest_route=%2Fwp%2Fv2%2Fcategories&post=2363"},{"taxonomy":"post_tag","embeddable":true,"href":"https:\/\/pasaenmendoza.com\/index.php?rest_route=%2Fwp%2Fv2%2Ftags&post=2363"}],"curies":[{"name":"wp","href":"https:\/\/api.w.org\/{rel}","templated":true}]}}