{"id":2378,"date":"2023-10-23T13:44:15","date_gmt":"2023-10-23T11:44:15","guid":{"rendered":"https:\/\/pasaenmendoza.com\/?p=2378"},"modified":"2023-10-23T13:44:16","modified_gmt":"2023-10-23T11:44:16","slug":"la-argentina-del-impacto-y-la-conmocion-permanente","status":"publish","type":"post","link":"https:\/\/pasaenmendoza.com\/?p=2378","title":{"rendered":"La Argentina del impacto y la conmoci\u00f3n permanente"},"content":{"rendered":"\n<p>El miedo ya no s\u00f3lo a lo desconocido, sino a todo ese rosario de beneficios que podr\u00edan perderse entre subsidios sociales y aquellos servicios universales y b\u00e1sicos tan caros en la Argentina, como la educaci\u00f3n y la salud p\u00fablica, sumado al sorprendente hecho de que, pareciera y por primera vez, el elector en general no fue a votar con el bolsillo, como ha sido com\u00fan, ni tampoco por esa calamidad en la que se ha convertido la econom\u00eda del pa\u00eds, se pudieron haber erigido en los motivos sustanciales que explican el triunfo de&nbsp;<strong>Sergio Massa<\/strong>&nbsp;en las elecciones de este domingo.<\/p>\n\n\n\n<p>La provincia de Buenos Aires volvi\u00f3 a ser determinante en el triunfo de un candidato que el mundo y la oposici\u00f3n ve\u00edan como una excentricidad que s\u00f3lo al peronismo se le pod\u00eda ocurrir, y ahora, est\u00e1 claro para la mayor\u00eda del electorado, tambi\u00e9n permitir: que su mascar\u00f3n de proa haya sido un ministro de Econom\u00eda de una econom\u00eda devastada, con niveles de inflaci\u00f3n que hacen temer un desborde similar al de fines de los 80. Y le bast\u00f3 y le alcanz\u00f3 para ganar el primer chico.<\/p>\n\n\n\n<p>La campa\u00f1a del miedo fue un acierto que el propio&nbsp;<strong>Javier Milei<\/strong>, segundo en la contienda, debi\u00f3 reconocer cuando, de manera expl\u00edcita y con tono a ruego, pidi\u00f3 que le creyeran que su proyecto tenga algo que ver con la supresi\u00f3n de derechos de los que hizo gala en la primera parte de la campa\u00f1a que le permiti\u00f3 instalarse en los medios como el favorito, aunque no para el resultado de la elecci\u00f3n. Ahora, Milei es muy probable que se asemeje mucho m\u00e1s a ese \u201cosito mimoso\u201d con el que lo compar\u00f3&nbsp;<strong>Myriam Bregman<\/strong>, pero m\u00e1s que como una postura en su relaci\u00f3n con el poder econ\u00f3mico, s\u00ed para los votantes de Juntos por el Cambio. \u201cSe acabaron las agresiones\u201d, prometi\u00f3 Milei, para agregar que ahora s\u00ed puede llegar a ser el abanderado de esos dos tercios de argentinos opuestos la kirchnerismo.<\/p>\n\n\n\n<p>Massa cosech\u00f3 este domingo el resultado de lo que fue una m\u00e1s que acertada construcci\u00f3n de una estrategia de campa\u00f1a que englob\u00f3 todo: una respuesta por medio del plan platita a los sectores m\u00e1s desesperados, para lo que tuvo las herramientas a la mano gracias al manejo del Estado. A sabiendas de que su tabla de salvaci\u00f3n tambi\u00e9n podr\u00eda ser una trampa mortal, Massa se fue despegando del gobierno del que es parte prometiendo sacar al pa\u00eds del ostracismo. \u00bfC\u00f3mo lo har\u00e1? Supone una gran inc\u00f3gnita, porque a todo ese bagaje exitoso de instrumentos que sac\u00f3 de la galera para encantar, tendr\u00eda que conocer, ahora con m\u00e1s seguridad y garant\u00edas, las claves para desactivar ese encadenamiento de bombas en el que se convirtieron las bater\u00edas de ayudas extras a los millones de desahuciados.<\/p>\n\n\n\n<p>Como se supon\u00eda, y luego de escuchar a un Milei decidido a seducir a los votantes de Juntos por el Cambio para el 19 de noviembre, Massa puso el eje en el llamado a la unidad nacional y al discurso del acuerdo, sentenciando el fin de la grieta. La coyuntura le ha enviado un gui\u00f1o con el paso al costado, forzosamente, de los dos principales pol\u00edticos de los \u00faltimos quince a\u00f1os, los que absorbieron toda la centralidad de la pol\u00edtica nacional:&nbsp;<strong>Mauricio Macri&nbsp;<\/strong>y&nbsp;<strong>Cristina Fern\u00e1ndez de Kirchner.<\/strong>&nbsp;Probablemente sea as\u00ed. Su discurso de este domingo, adem\u00e1s de dejar todav\u00eda en claro que lo diferencia del candidato liberal, acentu\u00f3 lo que viene, o lo que se imagina de por d\u00f3nde tiene que ir su nuevo discurso: en vez de dos, tiene un solo opositor, Milei, porque de manera no tan subliminal, mencion\u00f3 a los radicales y a los sectores de la pol\u00edtica tradicional, a&nbsp;<strong>Juan Schiaretti&nbsp;<\/strong>y hasta a la izquierdista Myriam Bregman.<\/p>\n\n\n\n<p>Claro que, en lo que concierne al discurso pol\u00edtico tras los resultados, los mismos no difirieron mucho de lo que hab\u00edan mostrado y desde el lugar en el que fueron construido. Tanto es as\u00ed que&nbsp;<strong>Patricia Bullrich&nbsp;<\/strong>se aferr\u00f3 a los valores de esa sociedad entre el Pro, los radicales y la Coalici\u00f3n C\u00edvica que en el 2015 les permitiera acceder a la Presidencia con Macri: republicanismo y un pa\u00eds normal, ajeno a las malas praxis financieras y econ\u00f3micas que han alimentado los a\u00f1os y a\u00f1os de populismo, decencia, transparencia y lucha contra la corrupci\u00f3n. Pero, evidentemente, no fueron bien explicadas ni transmitidas. Desde este propio y mismo sector, el que estaba llamado a ser el ganador de las elecciones no mucho tiempo atr\u00e1s, surgieron las equivocaciones y los infortunios que lo llevaron al derrumbe y de todo lo que se vali\u00f3 Milei para ganarle el rol y el lugar.<\/p>\n\n\n\n<p>Un p\u00e1rrafo aparte merecen las desdichas argentinas, las que las tiene y lleva adosadas ya, a esta altura de su historia, como una marca imborrable: los hechos de corrupci\u00f3n, aunque estos fuesen los m\u00e1s expl\u00edcitos que se hayan visto jam\u00e1s, no terminan de alcanzar o no son suficiente motivo para un barajar y dar de nuevo en la b\u00fasqueda de un modelo de gobierno que resuelva los problemas. Eso est\u00e1 claro despu\u00e9s de que se hayan visto volar bolsos de d\u00f3lares hacia un convento, contar plata mal habida, traficar dinero espurio por la v\u00eda de la obra p\u00fablica nunca realizada, un festival de coimas, paseos en yates y robo de plata a trav\u00e9s de un ej\u00e9rcito de \u00f1oquis del Estado. Argentina todav\u00eda no est\u00e1 preparada del todo para eso ni para los esfuerzos necesarios que se entienden como lo que tiene que hacer, pero que todav\u00eda fronteras adentro del pa\u00eds una porci\u00f3n mayoritaria de la cultura nacional entiende a todo eso como un \u201ctrabajo sucio\u201d inaceptable. Impactante.<\/p>\n\n\n\n<p>fuente: elsol.com.ar<\/p>\n","protected":false},"excerpt":{"rendered":"<p>El miedo ya no s\u00f3lo a lo desconocido, sino a todo ese rosario de beneficios que podr\u00edan perderse entre subsidios sociales y aquellos servicios universales y b\u00e1sicos tan caros en la Argentina, como la educaci\u00f3n y la salud p\u00fablica, sumado al sorprendente hecho de que, pareciera y por primera vez, el elector en general no [&hellip;]<\/p>\n","protected":false},"author":2,"featured_media":2379,"comment_status":"open","ping_status":"open","sticky":true,"template":"","format":"standard","meta":[],"categories":[47],"tags":[],"_links":{"self":[{"href":"https:\/\/pasaenmendoza.com\/index.php?rest_route=\/wp\/v2\/posts\/2378"}],"collection":[{"href":"https:\/\/pasaenmendoza.com\/index.php?rest_route=\/wp\/v2\/posts"}],"about":[{"href":"https:\/\/pasaenmendoza.com\/index.php?rest_route=\/wp\/v2\/types\/post"}],"author":[{"embeddable":true,"href":"https:\/\/pasaenmendoza.com\/index.php?rest_route=\/wp\/v2\/users\/2"}],"replies":[{"embeddable":true,"href":"https:\/\/pasaenmendoza.com\/index.php?rest_route=%2Fwp%2Fv2%2Fcomments&post=2378"}],"version-history":[{"count":1,"href":"https:\/\/pasaenmendoza.com\/index.php?rest_route=\/wp\/v2\/posts\/2378\/revisions"}],"predecessor-version":[{"id":2380,"href":"https:\/\/pasaenmendoza.com\/index.php?rest_route=\/wp\/v2\/posts\/2378\/revisions\/2380"}],"wp:featuredmedia":[{"embeddable":true,"href":"https:\/\/pasaenmendoza.com\/index.php?rest_route=\/wp\/v2\/media\/2379"}],"wp:attachment":[{"href":"https:\/\/pasaenmendoza.com\/index.php?rest_route=%2Fwp%2Fv2%2Fmedia&parent=2378"}],"wp:term":[{"taxonomy":"category","embeddable":true,"href":"https:\/\/pasaenmendoza.com\/index.php?rest_route=%2Fwp%2Fv2%2Fcategories&post=2378"},{"taxonomy":"post_tag","embeddable":true,"href":"https:\/\/pasaenmendoza.com\/index.php?rest_route=%2Fwp%2Fv2%2Ftags&post=2378"}],"curies":[{"name":"wp","href":"https:\/\/api.w.org\/{rel}","templated":true}]}}