{"id":2384,"date":"2023-10-23T13:57:09","date_gmt":"2023-10-23T11:57:09","guid":{"rendered":"https:\/\/pasaenmendoza.com\/?p=2384"},"modified":"2023-10-23T13:57:10","modified_gmt":"2023-10-23T11:57:10","slug":"estos-son-los-nuevos-diputados-nacionales-por-mendoza","status":"publish","type":"post","link":"https:\/\/pasaenmendoza.com\/?p=2384","title":{"rendered":"Estos son los nuevos diputados nacionales por Mendoza"},"content":{"rendered":"\n<p>Con el 98% de las mesas escrutadas, en las elecciones generales de este domingo\u00a0<strong>volvi\u00f3 a ganar en Mendoza La Libertad Avanza<\/strong>, tanto en la categor\u00eda presidente y diputados nacionales. En ambas, sac\u00f3 m\u00e1s del 40% de los votos.<\/p>\n\n\n\n<p>De acuerdo con los resultados publicados por la Direcci\u00f3n Nacional Electoral,&nbsp;<strong>de las 5 bancas a diputados nacionales&nbsp;<\/strong>que renueva Mendoza en esta elecci\u00f3n,&nbsp;<strong>3 ser\u00e1n para La Libertad Avanza, 1 para Cambia Mendoza y 1 para Uni\u00f3n por la Patria.<\/strong><\/p>\n\n\n\n<p>La\u00a0<strong>lista<\/strong>\u00a0de diputados nacionales de\u00a0<strong>Javier Milei<\/strong>\u00a0en Mendoza sac\u00f3\u00a0<strong>43,16%<\/strong>, la de<strong>\u00a0Cambia Mendoza, 26,92%\u00a0<\/strong>y la de\u00a0<strong>Uni\u00f3n por la Patria, 24,09%<\/strong>. Con el c\u00e1lculo por sistema D&#8217;Hondt, La Libertad Avanza le gana una banca a Cambia Mendoza por poco m\u00e1s de 1 punto.<\/p>\n\n\n\n<p>Los 5 nuevos diputados<\/p>\n\n\n\n<p>Por La Libertad Avanza, asumir\u00e1 quien encabezaba la lista:\u00a0<strong>Mercedes Llano<\/strong>, dirigente del PD y actual diputada provincial. Previamente, fue concejal de Godoy Cruz, entre otros cargos.<\/p>\n\n\n\n<p>Tambi\u00e9n asumir\u00e1 como diputado nacional el segundo candidato de Milei en Mendoza:\u00a0<strong>Facundo Correa Llano<\/strong>\u00a0(no es pariente de &#8220;Mechi&#8221;). Es hermano del magistrado Luis Correa Llano y asesor legislativo del PD.<\/p>\n\n\n\n<p>La tercera de la lista, la libertaria\u00a0<strong>Lourdes Arrieta<\/strong>, finalmente ser\u00e1 diputada nacional. Es hija de un veterano de Malvinas, licenciada en Comunicaci\u00f3n Social y milita en el Partido Libertario desde el a\u00f1o 2020.<\/p>\n\n\n\n<p>El radical\u00a0<strong>Lisandro Nieri\u00a0<\/strong>es el \u00fanico candidato de Cambia Mendoza que logr\u00f3 una banca en la C\u00e1mara de Diputados de la Naci\u00f3n. Fue ministro de Hacienda y de Gobierno, antes de llegar al Congreso, donde fue reelecto hoy.<\/p>\n\n\n\n<p>En tanto, el intendente de Tunuy\u00e1n,\u00a0<strong>Mart\u00edn Aveiro,<\/strong>\u00a0llegar\u00e1 a la C\u00e1mara de Diputados de la Naci\u00f3n por la lista de Uni\u00f3n por la Patria. Meses atr\u00e1s fue electo concejal en su comuna, pero anticip\u00f3 que priorizar\u00e1 el Congreso.<\/p>\n\n\n\n<p>Los cinco elegidos hoy se sumar\u00e1n a otros 5 que seguir\u00e1n dos a\u00f1os m\u00e1s en sus bancas:\u00a0<strong>Julio Cobos, Pamela Verasay, \u00c1lvaro Mart\u00ednez, Adolfo Bermejo y Liliana Paponet.<\/strong><\/p>\n\n\n\n<p>FUENTE: mendozapost.<\/p>\n","protected":false},"excerpt":{"rendered":"<p>Con el 98% de las mesas escrutadas, en las elecciones generales de este domingo\u00a0volvi\u00f3 a ganar en Mendoza La Libertad Avanza, tanto en la categor\u00eda presidente y diputados nacionales. En ambas, sac\u00f3 m\u00e1s del 40% de los votos. De acuerdo con los resultados publicados por la Direcci\u00f3n Nacional Electoral,&nbsp;de las 5 bancas a diputados nacionales&nbsp;que [&hellip;]<\/p>\n","protected":false},"author":2,"featured_media":2385,"comment_status":"open","ping_status":"open","sticky":true,"template":"","format":"standard","meta":[],"categories":[47],"tags":[],"_links":{"self":[{"href":"https:\/\/pasaenmendoza.com\/index.php?rest_route=\/wp\/v2\/posts\/2384"}],"collection":[{"href":"https:\/\/pasaenmendoza.com\/index.php?rest_route=\/wp\/v2\/posts"}],"about":[{"href":"https:\/\/pasaenmendoza.com\/index.php?rest_route=\/wp\/v2\/types\/post"}],"author":[{"embeddable":true,"href":"https:\/\/pasaenmendoza.com\/index.php?rest_route=\/wp\/v2\/users\/2"}],"replies":[{"embeddable":true,"href":"https:\/\/pasaenmendoza.com\/index.php?rest_route=%2Fwp%2Fv2%2Fcomments&post=2384"}],"version-history":[{"count":1,"href":"https:\/\/pasaenmendoza.com\/index.php?rest_route=\/wp\/v2\/posts\/2384\/revisions"}],"predecessor-version":[{"id":2386,"href":"https:\/\/pasaenmendoza.com\/index.php?rest_route=\/wp\/v2\/posts\/2384\/revisions\/2386"}],"wp:featuredmedia":[{"embeddable":true,"href":"https:\/\/pasaenmendoza.com\/index.php?rest_route=\/wp\/v2\/media\/2385"}],"wp:attachment":[{"href":"https:\/\/pasaenmendoza.com\/index.php?rest_route=%2Fwp%2Fv2%2Fmedia&parent=2384"}],"wp:term":[{"taxonomy":"category","embeddable":true,"href":"https:\/\/pasaenmendoza.com\/index.php?rest_route=%2Fwp%2Fv2%2Fcategories&post=2384"},{"taxonomy":"post_tag","embeddable":true,"href":"https:\/\/pasaenmendoza.com\/index.php?rest_route=%2Fwp%2Fv2%2Ftags&post=2384"}],"curies":[{"name":"wp","href":"https:\/\/api.w.org\/{rel}","templated":true}]}}