{"id":2387,"date":"2023-10-23T14:00:23","date_gmt":"2023-10-23T12:00:23","guid":{"rendered":"https:\/\/pasaenmendoza.com\/?p=2387"},"modified":"2023-10-23T14:00:24","modified_gmt":"2023-10-23T12:00:24","slug":"el-mensaje-de-cornejo-tras-la-derrota-de-jxc","status":"publish","type":"post","link":"https:\/\/pasaenmendoza.com\/?p=2387","title":{"rendered":"El mensaje de Cornejo tras la derrota de JxC"},"content":{"rendered":"\n<p>El gobernador electo de Mendoza,\u00a0<strong>Alfredo Cornejo, se manifest\u00f3 en redes sociales<\/strong>\u00a0tras la victoria de Sergio Massa en las elecciones generales de este domingo, y la dura derrota de Juntos por el Cambio, que qued\u00f3 tercero.<\/p>\n\n\n\n<p>&#8220;Hoy la sociedad nos ha ubicado en un rol opositor a nivel nacional.&nbsp;<strong>No alcanz\u00f3 el incansable trabajo realizado por @patobullrich<\/strong>. Este nuevo escenario debe ser con los diez Gobernadores y todo JxC trabajando unidos, como siempre lo hicimos desde su concepci\u00f3n&#8221;, poste\u00f3.<\/p>\n\n\n\n<p>M\u00e1s temprano,<strong>\u00a0Cornejo avis\u00f3 que no viajar\u00eda a Buenos Aires\u00a0<\/strong>para acompa\u00f1ar a Bullrich en el b\u00fanker de campa\u00f1a. En ese momento, se inform\u00f3 que el mendocino estar\u00eda en el b\u00fanker local, de Cambia Mendoza, pero tampoco ir\u00eda.<\/p>\n\n\n\n<p>Con casi la totalidad de votos escrutados, a nivel nacional gana S<strong>ergio Massa, con el 36,39%<\/strong>\u00a0de los votos, segundo queda\u00a0<strong>Javier Milei, con 30,14%<\/strong>, por lo que ambos definir\u00e1n la presidencia en el balotaje del 19 de noviembre. Y tercera aparece\u00a0<strong>Bullrich, con 23,83%.<\/strong><\/p>\n\n\n\n<p>En\u00a0<strong>Mendoza<\/strong>, la victoria fue para Javier Milei, con 42,35%, segunda qued\u00f3 Patricia Bullrich, con 25,91% y tercero Sergio Massa, con 23,92%. En la categor\u00eda diputados nacionales, La Libertad Avanza gana 3 bancas, Cambia Mendoza 1 y Uni\u00f3n por la Patria, 1.<\/p>\n\n\n\n<p>FUENTE: mendozapost.<\/p>\n","protected":false},"excerpt":{"rendered":"<p>El gobernador electo de Mendoza,\u00a0Alfredo Cornejo, se manifest\u00f3 en redes sociales\u00a0tras la victoria de Sergio Massa en las elecciones generales de este domingo, y la dura derrota de Juntos por el Cambio, que qued\u00f3 tercero. &#8220;Hoy la sociedad nos ha ubicado en un rol opositor a nivel nacional.&nbsp;No alcanz\u00f3 el incansable trabajo realizado por @patobullrich. [&hellip;]<\/p>\n","protected":false},"author":2,"featured_media":2388,"comment_status":"open","ping_status":"open","sticky":true,"template":"","format":"standard","meta":[],"categories":[47],"tags":[],"_links":{"self":[{"href":"https:\/\/pasaenmendoza.com\/index.php?rest_route=\/wp\/v2\/posts\/2387"}],"collection":[{"href":"https:\/\/pasaenmendoza.com\/index.php?rest_route=\/wp\/v2\/posts"}],"about":[{"href":"https:\/\/pasaenmendoza.com\/index.php?rest_route=\/wp\/v2\/types\/post"}],"author":[{"embeddable":true,"href":"https:\/\/pasaenmendoza.com\/index.php?rest_route=\/wp\/v2\/users\/2"}],"replies":[{"embeddable":true,"href":"https:\/\/pasaenmendoza.com\/index.php?rest_route=%2Fwp%2Fv2%2Fcomments&post=2387"}],"version-history":[{"count":1,"href":"https:\/\/pasaenmendoza.com\/index.php?rest_route=\/wp\/v2\/posts\/2387\/revisions"}],"predecessor-version":[{"id":2389,"href":"https:\/\/pasaenmendoza.com\/index.php?rest_route=\/wp\/v2\/posts\/2387\/revisions\/2389"}],"wp:featuredmedia":[{"embeddable":true,"href":"https:\/\/pasaenmendoza.com\/index.php?rest_route=\/wp\/v2\/media\/2388"}],"wp:attachment":[{"href":"https:\/\/pasaenmendoza.com\/index.php?rest_route=%2Fwp%2Fv2%2Fmedia&parent=2387"}],"wp:term":[{"taxonomy":"category","embeddable":true,"href":"https:\/\/pasaenmendoza.com\/index.php?rest_route=%2Fwp%2Fv2%2Fcategories&post=2387"},{"taxonomy":"post_tag","embeddable":true,"href":"https:\/\/pasaenmendoza.com\/index.php?rest_route=%2Fwp%2Fv2%2Ftags&post=2387"}],"curies":[{"name":"wp","href":"https:\/\/api.w.org\/{rel}","templated":true}]}}