{"id":2398,"date":"2023-10-23T14:52:50","date_gmt":"2023-10-23T12:52:50","guid":{"rendered":"https:\/\/pasaenmendoza.com\/?p=2398"},"modified":"2023-10-23T14:52:50","modified_gmt":"2023-10-23T12:52:50","slug":"identificaron-al-hombre-que-provoco-el-incendio-en-lavalle-se-quemaron-700-hectareas","status":"publish","type":"post","link":"https:\/\/pasaenmendoza.com\/?p=2398","title":{"rendered":"Identificaron al hombre que provoc\u00f3 el incendio en Lavalle: se quemaron 700 hect\u00e1reas"},"content":{"rendered":"\n<p>La Polic\u00eda identific\u00f3 este domingo al hombre que provoc\u00f3 el\u00a0<strong>incendio\u00a0<\/strong>forestal en\u00a0<strong>Lavalle<\/strong>. El siniestro afect\u00f3 unas\u00a0<strong>700 hect\u00e1reas<\/strong>\u00a0en la zona de Costa de Araujo.<\/p>\n\n\n\n<p><mark>El hombre, de unos 44 a\u00f1os<\/mark>, oriundo de Las Heras, fue individualizado en un control vehicular.<\/p>\n\n\n\n<p>El Plan Provincial de Manejo del Fuego, en conjunto con Defensa Civil, Hidr\u00e1ulica y la Polic\u00eda de Mendoza, trabajaron en sofocar las llamas que fueron detectadas la tarde del s\u00e1bado y cuyo operativo continu\u00f3 durante la noche.<\/p>\n\n\n\n<p>Despu\u00e9s de la medianoche, se registraron precipitaciones en el lugar acompa\u00f1adas con granizo.<\/p>\n\n\n\n<p>Las operaciones a\u00e9reas contaron con la colaboraci\u00f3n del helic\u00f3ptero\u00a0Halc\u00f3n 1\u00a0del\u00a0Cuerpo de Avaci\u00f3n Policial\u00a0(CAP), que realiz\u00f3 36 descargas equivalentes a aproximadamente 21.600 litros de agua.<\/p>\n\n\n\n<p>Al mismo tiempo, por tierra se utiliz\u00f3 la topadora D8 de la Direcci\u00f3n de Hidr\u00e1ulica para crear una picada cortafuegos y as\u00ed contener el incendio.<\/p>\n\n\n\n<p><strong>Fuente: www.elsol.com.ar<\/strong><\/p>\n","protected":false},"excerpt":{"rendered":"<p>La Polic\u00eda identific\u00f3 este domingo al hombre que provoc\u00f3 el\u00a0incendio\u00a0forestal en\u00a0Lavalle. El siniestro afect\u00f3 unas\u00a0700 hect\u00e1reas\u00a0en la zona de Costa de Araujo. El hombre, de unos 44 a\u00f1os, oriundo de Las Heras, fue individualizado en un control vehicular. El Plan Provincial de Manejo del Fuego, en conjunto con Defensa Civil, Hidr\u00e1ulica y la Polic\u00eda de [&hellip;]<\/p>\n","protected":false},"author":2,"featured_media":2400,"comment_status":"open","ping_status":"open","sticky":false,"template":"","format":"standard","meta":[],"categories":[48],"tags":[],"_links":{"self":[{"href":"https:\/\/pasaenmendoza.com\/index.php?rest_route=\/wp\/v2\/posts\/2398"}],"collection":[{"href":"https:\/\/pasaenmendoza.com\/index.php?rest_route=\/wp\/v2\/posts"}],"about":[{"href":"https:\/\/pasaenmendoza.com\/index.php?rest_route=\/wp\/v2\/types\/post"}],"author":[{"embeddable":true,"href":"https:\/\/pasaenmendoza.com\/index.php?rest_route=\/wp\/v2\/users\/2"}],"replies":[{"embeddable":true,"href":"https:\/\/pasaenmendoza.com\/index.php?rest_route=%2Fwp%2Fv2%2Fcomments&post=2398"}],"version-history":[{"count":1,"href":"https:\/\/pasaenmendoza.com\/index.php?rest_route=\/wp\/v2\/posts\/2398\/revisions"}],"predecessor-version":[{"id":2401,"href":"https:\/\/pasaenmendoza.com\/index.php?rest_route=\/wp\/v2\/posts\/2398\/revisions\/2401"}],"wp:featuredmedia":[{"embeddable":true,"href":"https:\/\/pasaenmendoza.com\/index.php?rest_route=\/wp\/v2\/media\/2400"}],"wp:attachment":[{"href":"https:\/\/pasaenmendoza.com\/index.php?rest_route=%2Fwp%2Fv2%2Fmedia&parent=2398"}],"wp:term":[{"taxonomy":"category","embeddable":true,"href":"https:\/\/pasaenmendoza.com\/index.php?rest_route=%2Fwp%2Fv2%2Fcategories&post=2398"},{"taxonomy":"post_tag","embeddable":true,"href":"https:\/\/pasaenmendoza.com\/index.php?rest_route=%2Fwp%2Fv2%2Ftags&post=2398"}],"curies":[{"name":"wp","href":"https:\/\/api.w.org\/{rel}","templated":true}]}}