{"id":2417,"date":"2023-10-24T13:59:16","date_gmt":"2023-10-24T11:59:16","guid":{"rendered":"https:\/\/pasaenmendoza.com\/?p=2417"},"modified":"2023-10-24T13:59:17","modified_gmt":"2023-10-24T11:59:17","slug":"el-rol-que-tendran-los-libertarios-en-mendoza-a-partir-de-ahora","status":"publish","type":"post","link":"https:\/\/pasaenmendoza.com\/?p=2417","title":{"rendered":"El rol que tendr\u00e1n los libertarios en Mendoza a partir de ahora"},"content":{"rendered":"\n<p>En Mendoza, Javier Milei gan\u00f3 con el 42,35% de los votos y consigui\u00f3 3 de las 5 bancas que la provincia renueva en la C\u00e1mara de Diputados. El 19 noviembre se definir\u00e1 el presidente entre Massa y Milei<\/p>\n\n\n\n<p>Los resultados de las PASO nacionales se repitieron en\u00a0<strong>Mendoza\u00a0<\/strong>en las\u00a0<strong>elecciones<\/strong>\u00a0generales y\u00a0<strong>Javier Milei<\/strong>\u00a0se llev\u00f3 el mayor caudal de\u00a0votos, Patricia Bullrich qued\u00f3 en segundo lugar y muy cerca Sergio Massa. A nivel nacional,\u00a0los n\u00fameros fueron distintos: Uni\u00f3n por la Patria sac\u00f3 el 36% de los sufragios, La Libertad Avanza el 30% y Juntos por el Cambio 23%. El presidente de los argentino se definir\u00e1 en el balotaje del 19 de noviembre entre Massa y Milei.<\/p>\n\n\n\n<p>Aunque en\u00a0<strong>Mendoza\u00a0<\/strong>los libertarios lograron mantener los n\u00famero y en diciembre ocupar\u00e1n tres bancas en el Congreso, ya piensan en la estrategia para llegar fortalecidos a la segunda vuelta y buscar\u00e1n el apoyo de los votantes de Patricia Bullrich. \u201cJuntos por el Cambio se ha manifestado a favor de las ideas de la libertad y esperamos que sus votantes respalden la alternativa liberal ante el populismo. La sociedad ha despertado. Convocamos a los votantes que votaron a otros candidatos pero que discursivamente apoyan a la libertad\u201d, dijo la flamante diputada electa, Mercedes Llano en conferencia de prensa en la sede del PD en\u00a0<strong>Mendoza<\/strong>.\u00a0<\/p>\n\n\n\n<p>\u201c<strong>Mendoza\u00a0<\/strong>es antik y ha visto en\u00a0<strong>Javier Milei<\/strong>\u00a0al \u00fanico capaz de liderar un proyecto antipopulista. A los mendocinos les pedimos que nos acompa\u00f1en nuevamente con su voto y a quienes no lo hicieron los invitamos a adherir a las ideas de la libertad. Con los que no pasaron esta instancia tenderemos puentes porque necesitamos unirnos para derrotar al kirchnerismo. No m\u00e1s pobreza, no m\u00e1s inflaci\u00f3n, necesitamos oportunidades para los j\u00f3venes\u201d, insisti\u00f3 la dem\u00f3crata despu\u00e9s de alentar con gritos y saltos a la militancia en un escenario especialmente montado en la calle.\u00a0<\/p>\n\n\n\n<h2 class=\"wp-block-heading\">Los n\u00fameros de las PASO<\/h2>\n\n\n\n<p>En agosto, La Libertad Avanza gan\u00f3 las\u00a0<strong>elecciones\u00a0<\/strong>primarias nacionales en\u00a0<strong>Mendoza\u00a0<\/strong>con el 44,80% de los votos. Entre Patricia Bullrich y Horacio Rodr\u00edguez Larreta de Juntos por el Cambio alcanzaron el 28,24% y Uni\u00f3n por la Patria sac\u00f3 16,86% entre los votos de Sergio Massa y Juan Grabois.\u00a0<\/p>\n\n\n\n<p>Seg\u00fan los datos del recuento provisional,\u00a0<strong>Javier Milei<\/strong>\u00a0alcanz\u00f3 el 42,35%, Juntos por el Cambio 25,90% y Uni\u00f3n por la Patria 23,92%.<\/p>\n\n\n\n<p><strong>avier Milei&nbsp;<\/strong>perdi\u00f3 2 puntos pero por la amplia diferencia con la segunda fuerza podr\u00e1 ubicar tres de las cinco bancas que&nbsp;<strong>Mendoza&nbsp;<\/strong>renueva en la C\u00e1mara de Diputados de la Naci\u00f3n. Por su parte, Patricia Bullrich perdi\u00f3 3 puntos y Juntos por el Cambio colocar\u00e1 a un solo legislados nacional. Sergio Massa gan\u00f3 7 puntos pero como los votos que sum\u00f3 no alcanzaron para achicar la brecha con la Libertad Avanza por lo que solo entrar\u00e1 un diputado de Uni\u00f3n por la Patria. &nbsp;<\/p>\n\n\n\n<h2 class=\"wp-block-heading\">Festejos controlados en el b\u00fanker libertario<\/h2>\n\n\n\n<p>A pesar de que la tendencia indicaba que&nbsp;<strong>Javier Milei&nbsp;<\/strong>ganaba en&nbsp;<strong>Mendoza<\/strong>, los n\u00fameros no eran los mismo a nivel nacional por lo que el festejo no fue completo. No se escuchaban risas y gritos desde temprano como en las PASO.<\/p>\n\n\n\n<p>Estaba prevista una conferencia para dar a conocer n\u00fameros propios a las 20, pero esta actividad se suspendi\u00f3 y a las 21.30 Mercedes\u00a0Llano cop\u00f3 el escenario montado en al puerta de la sede del PD en la calle Sarmiento y festej\u00f3 con la militancia al grito vivo de \u201cla casta tiene miedo\u201d y \u201cvamos\u00a0<strong>Mendoza\u00a0<\/strong>cuna de la libertad\u201d.<\/p>\n\n\n\n<p>Las actividades en el b\u00fanker de La Libertad Avanza estuvieron m\u00e1s controlado. Hubo precintos para periodistas, dirigentes, vallas y seguridad privada. En el sal\u00f3n de la vieja casona se mont\u00f3 la sala de prensa con mesa, banners y equipos de sonido. En el patio hab\u00eda televisores para ver en directo los canales de Buenos Aires y&nbsp;<strong>Mendoza<\/strong>, a esta zona tuvieron acceso los presidentes de los partidos y los dirigentes. En la vereda se arm\u00f3 un escenario, pantalla gigante y DJ. Este \u00faltimo fue el espacio para la militancia y todos los vecinos que quisieron sumarse con banderas y bombos. Todos estuvo m\u00e1s ordenado pero no se vivi\u00f3 el calor del festejo de las PASO.&nbsp;<\/p>\n\n\n\n<h2 class=\"wp-block-heading\">Faltaron Omar De Marchi y Carlos Balter<\/h2>\n\n\n\n<p>Con las&nbsp;<strong>elecciones&nbsp;<\/strong>provinciales resueltas, esta vez el l\u00edder de La Uni\u00f3n Mendocina no pas\u00f3 a saludar por el b\u00fanker de La Libertad Avanza en&nbsp;<strong>Mendoza&nbsp;<\/strong>y hasta cerca de la medianoche tampoco hab\u00eda hab\u00eda posteado declaraciones o saludos en sus cuentas oficiales de redes sociales.&nbsp;<\/p>\n\n\n\n<p>El hist\u00f3rico Carlos Balter tampoco estuvo en los festejos provinciales pero su falta fue justificada: vot\u00f3 en\u00a0<strong>Mendoza\u00a0<\/strong>y se tom\u00f3 un avi\u00f3n para festejar junto a\u00a0<strong>Javier Milei<\/strong>\u00a0en Buenos Aires.\u00a0<\/p>\n\n\n\n<p>FUENTES: Mdzonline.<\/p>\n","protected":false},"excerpt":{"rendered":"<p>En Mendoza, Javier Milei gan\u00f3 con el 42,35% de los votos y consigui\u00f3 3 de las 5 bancas que la provincia renueva en la C\u00e1mara de Diputados. El 19 noviembre se definir\u00e1 el presidente entre Massa y Milei Los resultados de las PASO nacionales se repitieron en\u00a0Mendoza\u00a0en las\u00a0elecciones\u00a0generales y\u00a0Javier Milei\u00a0se llev\u00f3 el mayor caudal de\u00a0votos, [&hellip;]<\/p>\n","protected":false},"author":2,"featured_media":2418,"comment_status":"open","ping_status":"open","sticky":true,"template":"","format":"standard","meta":[],"categories":[47],"tags":[],"_links":{"self":[{"href":"https:\/\/pasaenmendoza.com\/index.php?rest_route=\/wp\/v2\/posts\/2417"}],"collection":[{"href":"https:\/\/pasaenmendoza.com\/index.php?rest_route=\/wp\/v2\/posts"}],"about":[{"href":"https:\/\/pasaenmendoza.com\/index.php?rest_route=\/wp\/v2\/types\/post"}],"author":[{"embeddable":true,"href":"https:\/\/pasaenmendoza.com\/index.php?rest_route=\/wp\/v2\/users\/2"}],"replies":[{"embeddable":true,"href":"https:\/\/pasaenmendoza.com\/index.php?rest_route=%2Fwp%2Fv2%2Fcomments&post=2417"}],"version-history":[{"count":1,"href":"https:\/\/pasaenmendoza.com\/index.php?rest_route=\/wp\/v2\/posts\/2417\/revisions"}],"predecessor-version":[{"id":2419,"href":"https:\/\/pasaenmendoza.com\/index.php?rest_route=\/wp\/v2\/posts\/2417\/revisions\/2419"}],"wp:featuredmedia":[{"embeddable":true,"href":"https:\/\/pasaenmendoza.com\/index.php?rest_route=\/wp\/v2\/media\/2418"}],"wp:attachment":[{"href":"https:\/\/pasaenmendoza.com\/index.php?rest_route=%2Fwp%2Fv2%2Fmedia&parent=2417"}],"wp:term":[{"taxonomy":"category","embeddable":true,"href":"https:\/\/pasaenmendoza.com\/index.php?rest_route=%2Fwp%2Fv2%2Fcategories&post=2417"},{"taxonomy":"post_tag","embeddable":true,"href":"https:\/\/pasaenmendoza.com\/index.php?rest_route=%2Fwp%2Fv2%2Ftags&post=2417"}],"curies":[{"name":"wp","href":"https:\/\/api.w.org\/{rel}","templated":true}]}}