{"id":2420,"date":"2023-10-24T14:04:16","date_gmt":"2023-10-24T12:04:16","guid":{"rendered":"https:\/\/pasaenmendoza.com\/?p=2420"},"modified":"2023-10-24T14:04:17","modified_gmt":"2023-10-24T12:04:17","slug":"cornejo-viaja-para-definir-la-postura-de-juntos-por-el-cambio-en-el-balotaje","status":"publish","type":"post","link":"https:\/\/pasaenmendoza.com\/?p=2420","title":{"rendered":"Cornejo viaja para definir la postura de Juntos por el Cambio en el balotaje"},"content":{"rendered":"\n<p>El gobernador electo participar\u00e1 a Ciudad de Buenos Aires de una reuni\u00f3n de mandatarios provinciales. Decidir\u00e1n si apoyan a un candidato o dan libertad de acci\u00f3n.<\/p>\n\n\n\n<p>La derrota electoral de&nbsp;<strong>Patricia Bullrich<\/strong>&nbsp;de este domingo aceler\u00f3 la discusi\u00f3n interna entre los diferentes sectores que conforman el espacio, que si bien existe desde hace mucho tiempo atr\u00e1s, se aceler\u00f3 tras quedar tercero en los comicios. Por ello, el electo gobernador de Mendoza,&nbsp;<strong>Alfredo Cornejo<\/strong>, participar\u00e1 este mi\u00e9rcoles de&nbsp;<mark>una reuni\u00f3n decisiva de cara al balotaje.<\/mark><\/p>\n\n\n\n<p>La principal discusi\u00f3n se centrar\u00e1 en saber&nbsp;<mark>qu\u00e9 postura toma el espacio opositor en relaci\u00f3n con la segunda vuelta<\/mark>&nbsp;que se disputar\u00e1 el pr\u00f3ximo 19 de noviembre entre&nbsp;<strong>Javier Milei&nbsp;<\/strong>de La Libertad Avanza (LLA) y&nbsp;<strong>Sergio Massa<\/strong>&nbsp;de Uni\u00f3n por la Patria.<\/p>\n\n\n\n<p>En este sentido, el primer paso lo dar\u00e1n los gobernadores de<strong>&nbsp;Juntos por el Cambio<\/strong>&nbsp;que definir\u00e1n&nbsp;<mark>si dar\u00e1n su apoyo a alguno de los dos candidatos o garantizar\u00e1n la libertad de acci\u00f3n<\/mark>&nbsp;para que acompa\u00f1en a quien deseen.<\/p>\n\n\n\n<p><em>\u201cLos impulsores de este r\u00e1pido encuentro son Alfredo Cornejo, y los gobernadores electos de Entre R\u00edos y Chubut, Rogelio Frigerio e Ignacio Torres\u201d<\/em>, expresaron desde Cambia Mendoza.<\/p>\n\n\n\n<p><mark>El encuentro ser\u00e1 este mi\u00e9rcoles en la Casa de Misiones, ubicada en la Ciudad de Buenos Aires, sin hora definida y s\u00f3lo participar\u00e1n los gobernadores de las 10 provincias de Juntos por el Cambio.<\/mark><\/p>\n\n\n\n<p>Cornejo viajar\u00e1 solo, es decir, no asistir\u00e1 el actual gobernador,&nbsp;<strong>Rodolfo Suarez<\/strong>.<\/p>\n\n\n\n<p>Por el momento, ni Cornejo ni Suarez han adelantado alguna postura hacia Massa o Milei. Cornejo, por su parte, s\u00ed estableci\u00f3 que la decisi\u00f3n debe ser bajo la unidad de JxC.<\/p>\n\n\n\n<p>\u201c<em>Este nuevo escenario debe ser con los diez Gobernadores y todo JxC trabajando unidos, como siempre lo hicimos desde su concepci\u00f3n<\/em>\u201c, asegur\u00f3 el domingo tras conocerse el resultado electoral.<\/p>\n\n\n\n<p>La elecci\u00f3n de noviembre tiene vital trascendencia para los diferentes esquemas provinciales, principalmente por los recursos coparticipables que reciben las jurisdicciones y que fueron parte de la agenda electoral.<\/p>\n\n\n\n<p>El libertario hab\u00eda asegurado que de ser electo presidente eliminar\u00eda el sistema, el cual consider\u00f3 \u201c<em>nefasto<\/em>\u201c, ya que obliga a las provincias a una \u201c<em>dependencia absoluta<\/em>\u201d del estado nacional.<\/p>\n\n\n\n<p>\u201c<em>La mayor\u00eda de las provincias dependen de la coparticipaci\u00f3n federal para solventar sus actividades. Este esquema lesiona gravemente la autonom\u00eda provincial y el principio del federalismo local. Existen diferencias pronunciadas entre poblaci\u00f3n y coparticipaci\u00f3n<\/em>\u201c, hab\u00eda se\u00f1alado Milei.<\/p>\n\n\n\n<p>Por otro lado, si bien Massa no se ha expresado sobre el sistema, s\u00ed realiz\u00f3 un importante ajuste a las provincias en los recursos de la coparticipaci\u00f3n, al modificar el impuesto a las Ganancias.<\/p>\n\n\n\n<p>Con la eliminaci\u00f3n de la cuarta categor\u00eda que impuls\u00f3 el ministro de Econom\u00eda, Mendoza dejar\u00e1 de recibir 45 mil millones de pesos durante el 2024, lo que es equivalente a una masa salarial y media del sector p\u00fablico. Adem\u00e1s, seg\u00fan la pauta de gastos de la provincia para el a\u00f1o pr\u00f3ximo, el 56% de los recursos son de origen nacional.<\/p>\n\n\n\n<h2 class=\"wp-block-heading\" id=\"h-las-primeras-definiciones\">Las primeras definiciones<\/h2>\n\n\n\n<p>Algunos dirigentes de Juntos por el Cambio ya empezaron a definir sus apoyos y lo hicieron p\u00fablico a trav\u00e9s de las redes sociales.<\/p>\n\n\n\n<p>Por ejemplo, el diputado nacional del PRO por Neuqu\u00e9n Francisco S\u00e1nchez afirm\u00f3 por redes sociales: \u201c<em>Desde ahora voy a trabajar sin condiciones ni especulaci\u00f3n alguna por Javier Milei presidente<\/em>\u201d.<\/p>\n\n\n\n<p>En la vereda de enfrente, se posicion\u00f3 el ex alcalde porte\u00f1o Facundo Suarez Lastra, quien advirti\u00f3 que no apoyar\u00e1 a Milei en la segunda vuelta.<\/p>\n\n\n\n<p>FUENTE: elsol.com.ar<\/p>\n","protected":false},"excerpt":{"rendered":"<p>El gobernador electo participar\u00e1 a Ciudad de Buenos Aires de una reuni\u00f3n de mandatarios provinciales. Decidir\u00e1n si apoyan a un candidato o dan libertad de acci\u00f3n. La derrota electoral de&nbsp;Patricia Bullrich&nbsp;de este domingo aceler\u00f3 la discusi\u00f3n interna entre los diferentes sectores que conforman el espacio, que si bien existe desde hace mucho tiempo atr\u00e1s, se [&hellip;]<\/p>\n","protected":false},"author":2,"featured_media":2421,"comment_status":"open","ping_status":"open","sticky":true,"template":"","format":"standard","meta":[],"categories":[47],"tags":[],"_links":{"self":[{"href":"https:\/\/pasaenmendoza.com\/index.php?rest_route=\/wp\/v2\/posts\/2420"}],"collection":[{"href":"https:\/\/pasaenmendoza.com\/index.php?rest_route=\/wp\/v2\/posts"}],"about":[{"href":"https:\/\/pasaenmendoza.com\/index.php?rest_route=\/wp\/v2\/types\/post"}],"author":[{"embeddable":true,"href":"https:\/\/pasaenmendoza.com\/index.php?rest_route=\/wp\/v2\/users\/2"}],"replies":[{"embeddable":true,"href":"https:\/\/pasaenmendoza.com\/index.php?rest_route=%2Fwp%2Fv2%2Fcomments&post=2420"}],"version-history":[{"count":1,"href":"https:\/\/pasaenmendoza.com\/index.php?rest_route=\/wp\/v2\/posts\/2420\/revisions"}],"predecessor-version":[{"id":2422,"href":"https:\/\/pasaenmendoza.com\/index.php?rest_route=\/wp\/v2\/posts\/2420\/revisions\/2422"}],"wp:featuredmedia":[{"embeddable":true,"href":"https:\/\/pasaenmendoza.com\/index.php?rest_route=\/wp\/v2\/media\/2421"}],"wp:attachment":[{"href":"https:\/\/pasaenmendoza.com\/index.php?rest_route=%2Fwp%2Fv2%2Fmedia&parent=2420"}],"wp:term":[{"taxonomy":"category","embeddable":true,"href":"https:\/\/pasaenmendoza.com\/index.php?rest_route=%2Fwp%2Fv2%2Fcategories&post=2420"},{"taxonomy":"post_tag","embeddable":true,"href":"https:\/\/pasaenmendoza.com\/index.php?rest_route=%2Fwp%2Fv2%2Ftags&post=2420"}],"curies":[{"name":"wp","href":"https:\/\/api.w.org\/{rel}","templated":true}]}}