{"id":2423,"date":"2023-10-24T14:09:22","date_gmt":"2023-10-24T12:09:22","guid":{"rendered":"https:\/\/pasaenmendoza.com\/?p=2423"},"modified":"2023-10-24T14:09:23","modified_gmt":"2023-10-24T12:09:23","slug":"apenas-levantaron-cabeza-en-el-peronismo-pelean-por-la-intermediacion-ante-massa","status":"publish","type":"post","link":"https:\/\/pasaenmendoza.com\/?p=2423","title":{"rendered":"Apenas levantaron cabeza, en el peronismo pelean por la intermediaci\u00f3n ante Massa"},"content":{"rendered":"\n<p>El peronismo mendocino est\u00e1 contento por primera vez en mucho tiempo. Han ganado a nivel nacional y mejorado su performance en Mendoza. Ahora tienen trabajo por delante: ver qui\u00e9n es Massa aqu\u00ed y abrir el juego a otras fuerzas con la mirada puesta en el 19 de noviembre.<\/p>\n\n\n\n<p><strong>El peronismo mendocino tom\u00f3 una bocanada grande de ox\u00edgeno este domingo en toda Mendoza<\/strong>, gracias al\u00a0<strong>voto por Massa o contra Milei<\/strong>, como se lo quiera ver, que\u00a0<strong>los hizo\u00a0subir 8 puntos desde las PASO<\/strong>. Adem\u00e1s, si bien en Mendoza quedaron terceros, en el poroteo se da que\u00a0<strong>estuvieron muy cerca del segundo, Cambia Mendoza<\/strong>, fuerza que ven\u00eda de triunfar para la gobernaci\u00f3n de Mendoza pero que la candidatura de Patricia Bullrich hundi\u00f3 hasta casi empatar con Uni\u00f3n por la Patria, boleta que con la marca local Eleg\u00ed hizo un triste papel electoral recientemente.<\/p>\n\n\n\n<p>Ahora&nbsp;<strong>la disputa en el peronismo es por la intermediaci\u00f3n ante Sergio Massa<\/strong>, con la posibilidad de que sea presidente tras el balotaje del 19 de noviembre.<\/p>\n\n\n\n<p>El problema que tiene el\u00a0<strong>Partido Justicialista<\/strong>\u00a0es que si bien su figura les vino al dedillo para levantar su \u00e1nimo y so\u00f1ar con posibilidades de encaramarse en el poder o bien, sostener cargos que ya tienen,\u00a0<strong>Massa tiene su propio partido, el Frente Renovador<\/strong>, con figuras que no son tan &#8220;compa\u00f1eras&#8221; de la dirigencia oficial partidaria.<\/p>\n\n\n\n<p>As\u00ed es que asom\u00f3 la cabeza el siempre dispuesto sancarlino\u00a0<strong>Jorge Difonso<\/strong>, recordando viejos momentos con el dirigente de Tigre. Pero tambi\u00e9n est\u00e1 presente la tarea de reconstrucci\u00f3n que inici\u00f3 en el massismo la rivadaviense\u00a0<strong>Gabriela Lizana<\/strong>, que pr\u00e1ctica le sacudi\u00f3 el polvo luego de que el kirchnerismo los archivara en el desv\u00e1n.<\/p>\n\n\n\n<p>Con ella, antes del despiplume de las elecciones provinciales, se activaron algunos de los que despu\u00e9s se fueron con<strong>&nbsp;Omar De Marchi<\/strong>, pero que ya est\u00e1n pegando la vuelta, como el lasherino&nbsp;<strong>Rub\u00e9n Miranda<\/strong>, o alguno de los Cazab\u00e1n, sin dejar afuera a varios exradicales, como&nbsp;<strong>Marcelo Romano<\/strong>, tambi\u00e9n exverde, exasesor en el Senado del PRO, entre otros ex.&nbsp;<\/p>\n\n\n\n<p>Pero quien tiene intenciones de hacerlo &#8220;en serio&#8221; es un intendente. Se trata de&nbsp;<strong>Mat\u00edas Stevanato<\/strong>. All\u00ed la elecci\u00f3n de este domingo dej\u00f3 como dato&nbsp;<strong>una subida de 10 puntos desde las PASO presidenciales y 9 arriba desde las elecciones provinciales<\/strong>. All\u00ed le ganaron a Patricia Bullrich.<\/p>\n\n\n\n<p>Pero tambi\u00e9n surgi\u00f3 una figura el domingo y es la del intendente de Tunuy\u00e1n,\u00a0<strong>Mart\u00edn Aveiro<\/strong>. En medio del inesperado e improvisado festejo en la sede partidaria de la sede partidaria de Avenida Espa\u00f1a, el tunuyanino que &#8220;puso la cabeza&#8221; en esta elecci\u00f3n dijo que &#8220;es clave Sergio Massa en esto, m\u00e1s all\u00e1 de nuestro trabajo, del sacrificio que ha hecho la militancia, todo el peronismo junto en cada uno de los rincones de Mendoza, tiene que ver con las propuestas, con que se alej\u00f3 de las chicanas, y se puso al frente con la valent\u00eda, y el coraje que lo caracteriza, mostr\u00e1ndole al pueblo argentino que es el \u00fanico capaz de liderar y conducir un proceso nuevo y una reconstrucci\u00f3n argentina&#8221;.\u00a0<\/p>\n\n\n\n<p>La senadora nacional&nbsp;<strong>Anabel Fern\u00e1ndez Sagasti<\/strong>, figura estrechamente vinculada a&nbsp;<strong>Cristina Kirchner<\/strong>&nbsp;-que dijo no tener nada que ver con el gobierno nacional, siendo su vicepresidenta y electora de&nbsp;<strong>Alberto Fern\u00e1ndez&nbsp;<\/strong>como candidato, junto a Massa, en su momento-&nbsp; hizo su propio an\u00e1lisis sobre el triunfo nacional. En ese sentido, dijo que &#8220;muchos se sumaron a apoyar un Estado presente, la salud y educaci\u00f3n p\u00fablica y lo que queremos es llegar a la mayor cantidad de personas con este mensaje&#8221;. Sobre lo que se viene, alent\u00f3 nuevos objetivos para abroquelar a los que ya se hab\u00edan dispersado por tanta derrota en continuado y&nbsp;<strong>se anim\u00f3 a aconsejar a Massa diciendo lo que Massa ya ha dicho<\/strong>, como que hay que hacer &#8220;un gobierno de unidad nacional, un gobierno de acuerdos, por la profundidad de la crisis que tenemos, sobre todo con el endeudamiento y eso va a necesitar altura pol\u00edtica de la dirigencia&#8221;. Lo coron\u00f3 elogiando al nuevo l\u00edder: &#8220;Entiendo que Sergio Massa es la persona para esa tarea&#8221;.&nbsp;<\/p>\n\n\n\n<p>La senadora provincial electa&nbsp;<strong>Gabriela Lizana, estrechamente ligada a la esposa de Massa, Malena Galmarini<\/strong>, quien evalu\u00f3 que &#8220;Sergio se puso la campa\u00f1a al hombro, provincia por provincia y llev\u00f3 el mensaje de inclusi\u00f3n, de defensa de lo popular, del Estado presente en la vida de los mendocinos y mendocinas y que quede claro que la mejor forma de hacer pol\u00edtica es haciendo gesti\u00f3n&#8221;.<\/p>\n\n\n\n<p>Y habr\u00e1 m\u00e1s. Pero por lo pronto, tienen algo m\u00e1s que un triunfo nacional en la mano y chances reales de supervivencia, cuando muchos los daban por muertos pol\u00edticos tras el gobierno que hicieron en el pa\u00eds. Es que son objeto de negociaci\u00f3n con otras fuerzas, centralmente con Juntos por el Cambio -que qued\u00f3 descartada de la competencia por la Casa Rosada- para conseguir los votos que puedan confirmar a Massa en el poder. Y all\u00ed es que vuelven a cobrar valor con doble tarea:\u00a0<strong>elegir un intermediario hacia adentro y negociadores hacia afuera<\/strong>. Trabajo, tienen.<\/p>\n\n\n\n<p>FUENTE: Memo.com.ar <\/p>\n","protected":false},"excerpt":{"rendered":"<p>El peronismo mendocino est\u00e1 contento por primera vez en mucho tiempo. Han ganado a nivel nacional y mejorado su performance en Mendoza. Ahora tienen trabajo por delante: ver qui\u00e9n es Massa aqu\u00ed y abrir el juego a otras fuerzas con la mirada puesta en el 19 de noviembre. El peronismo mendocino tom\u00f3 una bocanada grande [&hellip;]<\/p>\n","protected":false},"author":2,"featured_media":2424,"comment_status":"open","ping_status":"open","sticky":true,"template":"","format":"standard","meta":[],"categories":[47],"tags":[],"_links":{"self":[{"href":"https:\/\/pasaenmendoza.com\/index.php?rest_route=\/wp\/v2\/posts\/2423"}],"collection":[{"href":"https:\/\/pasaenmendoza.com\/index.php?rest_route=\/wp\/v2\/posts"}],"about":[{"href":"https:\/\/pasaenmendoza.com\/index.php?rest_route=\/wp\/v2\/types\/post"}],"author":[{"embeddable":true,"href":"https:\/\/pasaenmendoza.com\/index.php?rest_route=\/wp\/v2\/users\/2"}],"replies":[{"embeddable":true,"href":"https:\/\/pasaenmendoza.com\/index.php?rest_route=%2Fwp%2Fv2%2Fcomments&post=2423"}],"version-history":[{"count":1,"href":"https:\/\/pasaenmendoza.com\/index.php?rest_route=\/wp\/v2\/posts\/2423\/revisions"}],"predecessor-version":[{"id":2425,"href":"https:\/\/pasaenmendoza.com\/index.php?rest_route=\/wp\/v2\/posts\/2423\/revisions\/2425"}],"wp:featuredmedia":[{"embeddable":true,"href":"https:\/\/pasaenmendoza.com\/index.php?rest_route=\/wp\/v2\/media\/2424"}],"wp:attachment":[{"href":"https:\/\/pasaenmendoza.com\/index.php?rest_route=%2Fwp%2Fv2%2Fmedia&parent=2423"}],"wp:term":[{"taxonomy":"category","embeddable":true,"href":"https:\/\/pasaenmendoza.com\/index.php?rest_route=%2Fwp%2Fv2%2Fcategories&post=2423"},{"taxonomy":"post_tag","embeddable":true,"href":"https:\/\/pasaenmendoza.com\/index.php?rest_route=%2Fwp%2Fv2%2Ftags&post=2423"}],"curies":[{"name":"wp","href":"https:\/\/api.w.org\/{rel}","templated":true}]}}