{"id":2426,"date":"2023-10-24T14:16:53","date_gmt":"2023-10-24T12:16:53","guid":{"rendered":"https:\/\/pasaenmendoza.com\/?p=2426"},"modified":"2023-10-24T14:16:54","modified_gmt":"2023-10-24T12:16:54","slug":"juntos-por-la-libertad-seguidores-de-milei-piden-un-acuerdo-con-bullrich","status":"publish","type":"post","link":"https:\/\/pasaenmendoza.com\/?p=2426","title":{"rendered":"&#8220;Juntos por la Libertad&#8221;, seguidores de Milei piden un acuerdo con Bullrich"},"content":{"rendered":"\n<p><strong>Milei busca los votos anti K\u00a0<\/strong>desde el minuto en que se enter\u00f3 que no solo no hab\u00eda ganado en primera vuelta, sino que adem\u00e1s estaba segundo detr\u00e1s de Massa.<\/p>\n\n\n\n<p>En su discurso del domingo a la noche,\u00a0<strong>Milei reconoci\u00f3 la derrota y dio un discurso menos disruptivo buscando convencer a los votantes de Patricia Bullrich<\/strong>.<\/p>\n\n\n\n<p>El mensaje es claro y va en sinton\u00eda con la campa\u00f1a de Pato que buscaba &#8220;exterminar al kirchnerismo&#8221;. Los libertarios pusieron al kirchnerismo como el blanco de su campa\u00f1a. El propio Javier Milei asegur\u00f3 que su objetivo es el mismo que el esgrimido por Patricia Bullrich durante estos \u00faltimos meses.<\/p>\n\n\n\n<p>&#8220;Estoy dispuesto a dejar las diferencias de lado, hacer\u00a0<em>t\u00e1bula<\/em>\u00a0<em>rasa<\/em>\u00a0y barajar de nuevo para terminar con el kirchnerismo&#8221;, fueron las palabras del candidato que ingres\u00f3 a la segunda vuelta junto con el ministro Sergio Massa.<\/p>\n\n\n\n<p>Minutos antes, Patricia Bullrich hab\u00eda sacado a relucir sus diferencias con el Gobierno y hasta se neg\u00f3 a saludar a Massa por este triunfo parcial que lo coloca en el balotaje. El acuerdo parece estar cerca y ser solo una cuesti\u00f3n de horas.<\/p>\n\n\n\n<p>En el transcurso de este lunes,\u00a0<strong>Milei arremeti\u00f3 contra los radicales, a quienes tild\u00f3 de &#8220;traidores&#8221; y contra Horacio Rodr\u00edguez Larreta porque &#8220;no expresa las ideas de la libertad&#8221;<\/strong>. Sin embargo, fue mucho m\u00e1s elogioso para con Patricia Bullrich y hasta<strong>\u00a0reconoci\u00f3 que podr\u00eda incorporarla a su equipo<\/strong>.<\/p>\n\n\n\n<p>La repercusi\u00f3n en las redes<\/p>\n\n\n\n<p>Los seguidores de Milei inundaron las redes sociales con im\u00e1genes sobre el posible acuerdo entre el libertario y la referente del PRO. Con la premisa de &#8220;sacar al kirchnerismo&#8221;, los libertarios coquetean con quien hasta hace poco era considerada parte de la casta y hasta fue se\u00f1alada como &#8220;una terrorista que pon\u00eda bombas en jardines de infante&#8221;.<\/p>\n\n\n\n<p>Los seguidores libertarios hicieron tendencia el nombre del espacio como &#8220;Juntos por la libertad&#8221;, con un mix entre los logos de ambos frentes pol\u00edticos.<\/p>\n\n\n\n<p>Por otro lado,\u00a0<strong>algunos usuarios de redes sociales se atrevieron a vaticinar un acuerdo con Juan Schiaretti<\/strong>. En las im\u00e1genes en cuesti\u00f3n jugaron con los memes habituales de Dragon Ball y hasta im\u00e1genes del le\u00f3n junto a un Pato y una botella de fernet para expresar la idiosincrasia cordobesa.<\/p>\n\n\n\n<p>El acuerdo con Bullrich no es oficial, pero en La Libertad Avanza se lo entiende como necesario, cercano y posible. Por eso sus militantes ya se animan a\u00a0<em>darle la bienvenida a Pato al equipo del le\u00f3n.<\/em><\/p>\n\n\n\n<p>FUENTE: mendozapost.<\/p>\n","protected":false},"excerpt":{"rendered":"<p>Milei busca los votos anti K\u00a0desde el minuto en que se enter\u00f3 que no solo no hab\u00eda ganado en primera vuelta, sino que adem\u00e1s estaba segundo detr\u00e1s de Massa. En su discurso del domingo a la noche,\u00a0Milei reconoci\u00f3 la derrota y dio un discurso menos disruptivo buscando convencer a los votantes de Patricia Bullrich. El [&hellip;]<\/p>\n","protected":false},"author":2,"featured_media":2427,"comment_status":"open","ping_status":"open","sticky":true,"template":"","format":"standard","meta":[],"categories":[47],"tags":[],"_links":{"self":[{"href":"https:\/\/pasaenmendoza.com\/index.php?rest_route=\/wp\/v2\/posts\/2426"}],"collection":[{"href":"https:\/\/pasaenmendoza.com\/index.php?rest_route=\/wp\/v2\/posts"}],"about":[{"href":"https:\/\/pasaenmendoza.com\/index.php?rest_route=\/wp\/v2\/types\/post"}],"author":[{"embeddable":true,"href":"https:\/\/pasaenmendoza.com\/index.php?rest_route=\/wp\/v2\/users\/2"}],"replies":[{"embeddable":true,"href":"https:\/\/pasaenmendoza.com\/index.php?rest_route=%2Fwp%2Fv2%2Fcomments&post=2426"}],"version-history":[{"count":1,"href":"https:\/\/pasaenmendoza.com\/index.php?rest_route=\/wp\/v2\/posts\/2426\/revisions"}],"predecessor-version":[{"id":2428,"href":"https:\/\/pasaenmendoza.com\/index.php?rest_route=\/wp\/v2\/posts\/2426\/revisions\/2428"}],"wp:featuredmedia":[{"embeddable":true,"href":"https:\/\/pasaenmendoza.com\/index.php?rest_route=\/wp\/v2\/media\/2427"}],"wp:attachment":[{"href":"https:\/\/pasaenmendoza.com\/index.php?rest_route=%2Fwp%2Fv2%2Fmedia&parent=2426"}],"wp:term":[{"taxonomy":"category","embeddable":true,"href":"https:\/\/pasaenmendoza.com\/index.php?rest_route=%2Fwp%2Fv2%2Fcategories&post=2426"},{"taxonomy":"post_tag","embeddable":true,"href":"https:\/\/pasaenmendoza.com\/index.php?rest_route=%2Fwp%2Fv2%2Ftags&post=2426"}],"curies":[{"name":"wp","href":"https:\/\/api.w.org\/{rel}","templated":true}]}}