{"id":2433,"date":"2023-10-24T14:52:03","date_gmt":"2023-10-24T12:52:03","guid":{"rendered":"https:\/\/pasaenmendoza.com\/?p=2433"},"modified":"2023-10-24T14:52:04","modified_gmt":"2023-10-24T12:52:04","slug":"aumento-el-boleto-del-colectivo-en-mendoza-en-cuanto-quedo","status":"publish","type":"post","link":"https:\/\/pasaenmendoza.com\/?p=2433","title":{"rendered":"Aument\u00f3 el boleto del colectivo en Mendoza: en cu\u00e1nto qued\u00f3"},"content":{"rendered":"\n<p>Este martes se oficializ\u00f3 el<strong>\u00a0aumento del boleto del colectivo<\/strong>\u00a0del transporte p\u00fablico en<strong>\u00a0Mendoza<\/strong>. De ac\u00e1 a febrero se vienen otros dos incrementos.<\/p>\n\n\n\n<p>En el decreto 2198 publicado este martes en el\u00a0Bolet\u00edn Oficial\u00a0de la provincia, se detalla que por el pedido de las empresas que hab\u00edan solicitado la adecuaci\u00f3n del valor del costo por kil\u00f3metro y actualizaci\u00f3n de la tarifa por los &#8220;<strong>costos operativos<\/strong>&#8220;, el gobernador\u00a0Rodolfo Suarez\u00a0firm\u00f3 la suba.<\/p>\n\n\n\n<p>Todos los detalles hab\u00edan quedado plasmados en la audiencia p\u00fablica que se realiz\u00f3 el 14 de agosto en el Centro de Congresos y Exposiciones, en donde el\u00a0Ente de la Movilidad Provincial (Emop)\u00a0evalu\u00f3 los argumentos.<\/p>\n\n\n\n<p><strong>Argumentos del aumento<\/strong><\/p>\n\n\n\n<p>Las empresas que brindan el servicio de transporte p\u00fablico, argumentaron que el costo por kil\u00f3metro actualizado a agosto de 2023, tuvo un incremento promedio del &#8220;138,44% para el Servicio P\u00fablico de Transporte Regular de Pasajeros del \u00c1rea Metropolitana de Gran Mendoza&#8221;.<\/p>\n\n\n\n<p><strong>Nuevas tarifas<\/strong><\/p>\n\n\n\n<p>El aumento del boleto de colectivo tiene tres aumentos: a partir de este&nbsp;<strong>martes 24 de octubre hasta el 30 de noviembre<\/strong>;&nbsp; a partir del 1 de diciembre de 2023 y hasta el 31 de enero de 2024; y&nbsp;<strong>a partir del 1 de febrero de 2024<\/strong>.<\/p>\n\n\n\n<p>El boleto del usuario frecuente que ten\u00eda un valor de $70 pasa a costar a partir de hoy\u00a0<strong>$120\u00a0<\/strong>(desde el viaje 1 al 20), $72 (del 21 al 40), $60 (del 41 al 80) y $96 (desde el viaje 81); el estudiante primario $48; secundario, universitario y jubilados a $60.<\/p>\n\n\n\n<p>Se mantienen las tarifas gratuitas al 100% para personal bombero y voluntarios; celadores; docentes; personas con discapacidad; mayores de 70 a\u00f1os;\u00a0 y LEY 7811 (pacientes que padecen infecci\u00f3n HIV-SIDA con tratamientos prolongados y carentes de recursos econ\u00f3micos).<\/p>\n\n\n\n<p><strong>Demora en la actualizaci\u00f3n de la tarifa<\/strong><\/p>\n\n\n\n<p>Si bien el incremento empieza a regir desde este martes, el nuevo monto no se refleja en muchas unidades, es que -como ha sucedido en otras oportunidades- la actualizaci\u00f3n del sistema SUBE se demora unos d\u00edas.<\/p>\n\n\n\n<p><strong>Fuente: www.mendozapost.com<\/strong><\/p>\n","protected":false},"excerpt":{"rendered":"<p>Este martes se oficializ\u00f3 el\u00a0aumento del boleto del colectivo\u00a0del transporte p\u00fablico en\u00a0Mendoza. De ac\u00e1 a febrero se vienen otros dos incrementos. En el decreto 2198 publicado este martes en el\u00a0Bolet\u00edn Oficial\u00a0de la provincia, se detalla que por el pedido de las empresas que hab\u00edan solicitado la adecuaci\u00f3n del valor del costo por kil\u00f3metro y actualizaci\u00f3n [&hellip;]<\/p>\n","protected":false},"author":2,"featured_media":2436,"comment_status":"open","ping_status":"open","sticky":false,"template":"","format":"standard","meta":[],"categories":[50],"tags":[],"_links":{"self":[{"href":"https:\/\/pasaenmendoza.com\/index.php?rest_route=\/wp\/v2\/posts\/2433"}],"collection":[{"href":"https:\/\/pasaenmendoza.com\/index.php?rest_route=\/wp\/v2\/posts"}],"about":[{"href":"https:\/\/pasaenmendoza.com\/index.php?rest_route=\/wp\/v2\/types\/post"}],"author":[{"embeddable":true,"href":"https:\/\/pasaenmendoza.com\/index.php?rest_route=\/wp\/v2\/users\/2"}],"replies":[{"embeddable":true,"href":"https:\/\/pasaenmendoza.com\/index.php?rest_route=%2Fwp%2Fv2%2Fcomments&post=2433"}],"version-history":[{"count":1,"href":"https:\/\/pasaenmendoza.com\/index.php?rest_route=\/wp\/v2\/posts\/2433\/revisions"}],"predecessor-version":[{"id":2439,"href":"https:\/\/pasaenmendoza.com\/index.php?rest_route=\/wp\/v2\/posts\/2433\/revisions\/2439"}],"wp:featuredmedia":[{"embeddable":true,"href":"https:\/\/pasaenmendoza.com\/index.php?rest_route=\/wp\/v2\/media\/2436"}],"wp:attachment":[{"href":"https:\/\/pasaenmendoza.com\/index.php?rest_route=%2Fwp%2Fv2%2Fmedia&parent=2433"}],"wp:term":[{"taxonomy":"category","embeddable":true,"href":"https:\/\/pasaenmendoza.com\/index.php?rest_route=%2Fwp%2Fv2%2Fcategories&post=2433"},{"taxonomy":"post_tag","embeddable":true,"href":"https:\/\/pasaenmendoza.com\/index.php?rest_route=%2Fwp%2Fv2%2Ftags&post=2433"}],"curies":[{"name":"wp","href":"https:\/\/api.w.org\/{rel}","templated":true}]}}