{"id":2441,"date":"2023-10-24T15:01:44","date_gmt":"2023-10-24T13:01:44","guid":{"rendered":"https:\/\/pasaenmendoza.com\/?p=2441"},"modified":"2023-10-24T15:01:44","modified_gmt":"2023-10-24T13:01:44","slug":"potenciar-trabajo-piden-el-cierre-de-144-424-cuentas-bancarias-de-beneficiarios","status":"publish","type":"post","link":"https:\/\/pasaenmendoza.com\/?p=2441","title":{"rendered":"Potenciar Trabajo: piden el cierre de 144.424 cuentas bancarias de beneficiarios"},"content":{"rendered":"\n<p>El Ministerio de Desarrollo Social instruy\u00f3 a su Secretar\u00eda de Gesti\u00f3n Administrativa para que notifique el cierre de 144.424\u00a0<strong>cuentas bancarias de titulares del Plan Potenciar Trabajo que no registraron movimiento alguno entre marzo y julio de este a\u00f1o. Son unas 5.150 cuentas en Mendoza<\/strong>.<\/p>\n\n\n\n<p>La medida fue dispuesta a trav\u00e9s de la Resoluci\u00f3n 2105\/2023, publicada este lunes en el Bolet\u00edn Oficial, en cumplimiento con lo establecido en el Convenio Espec\u00edfico de Colaboraci\u00f3n entre el Ministerio y el Banco de la Naci\u00f3n Argentina (BNA).<\/p>\n\n\n\n<p>En el marco de ese convenio, se procedi\u00f3 a realizar un informe de la situaci\u00f3n de los beneficiarios del plan, con corte al 5 de julio de 2023, y se comprob\u00f3 que\u00a0<strong>&#8220;existe un total de 144.424 cuentas susceptibles de ser cerradas por no registrar acreditaciones ni saldo en los 90 d\u00edas previos a la fecha de corte del informe&#8221;<\/strong>, se precis\u00f3 en los considerandos de la resoluci\u00f3n.<\/p>\n\n\n\n<p>&#8220;Las cuentas bancarias respecto de las cuales se solicitar\u00e1 su cierre son aquellas que, habiendo sido abiertas en el marco de un programa de asistencia social o con el objeto de abonar alguna prestaci\u00f3n de dicha \u00edndole, ya no se encuentran vinculadas a aquellos o destinadas a ese tipo de acreditaciones por parte de este Ministerio de Desarrollo Social ni hayan registrado acreditaciones de dicha \u00edndole en los \u00faltimos 90 d\u00edas&#8221;, se explic\u00f3.<\/p>\n\n\n\n<p>La cartera encabezada por Victoria Tolosa Paz puntualiz\u00f3 que &#8220;se encuentra frente a la imperiosa necesidad de desvincularse de una serie de cuentas que se encuentran inactivas y que entorpecen la ejecuci\u00f3n de los programas sociales&#8221;, aunque aclar\u00f3 que ello &#8220;no implica que el Banco Naci\u00f3n contin\u00fae su relaci\u00f3n con los Titulares de Derecho con la finalidad de cumplir con la inclusi\u00f3n financiera&#8221;.<\/p>\n\n\n\n<p>La n\u00f3mina de los titulares (con nombre, apellido, DNI, CUIT, n\u00famero de cuenta y CBU) est\u00e1n detallados en cinco anexos de un total de 2.331 p\u00e1ginas que acompa\u00f1an a la resoluci\u00f3n.<\/p>\n\n\n\n<h2 class=\"wp-block-heading\">C\u00f3mo mantener la cuenta del Potenciar Trabajo<\/h2>\n\n\n\n<p>Las personas all\u00ed mencionadas cuentan con un plazo de 5 d\u00edas &#8220;a los fines que manifiesten ante la autoridad bancaria su voluntad de mantener abiertas las cuentas, asumiendo la titularidad exclusiva respecto de aquellas&#8221;, se agreg\u00f3.<\/p>\n\n\n\n<p>Entre los fundamentos de la medida se indic\u00f3 que &#8220;la din\u00e1mica y complejidad del abordaje de la pol\u00edtica social exige la adopci\u00f3n de acciones con el objeto de&nbsp;<strong>mejorar y robustecer el control interno, la administraci\u00f3n y el de propender a un mejor funcionamiento del Programa<\/strong>&#8220;.<\/p>\n\n\n\n<p>Entre esas medidas, estuvo el &#8220;an\u00e1lisis del padr\u00f3n total de beneficiarios de prestaciones vinculadas con el Programa Nacional de Inclusi\u00f3n Socioproductiva y Desarrollo Local &#8216;Potenciar Trabajo&#8217; y otros programas, lo que incluy\u00f3 un an\u00e1lisis del universo de cuentas bancarias abiertas con relaci\u00f3n al pago de dichas prestaciones&#8221;, todas ante el Banco Naci\u00f3n.<\/p>\n\n\n\n<p>El 13 de agosto de 2020, el Ministerio firm\u00f3 un Convenio Espec\u00edfico de Colaboraci\u00f3n con el Banco Naci\u00f3n, que busc\u00f3 establecer &#8220;los mecanismos de colaboraci\u00f3n a los fines de administrar de forma eficiente las cuentas bancarias destinadas a los titulares de derecho de los diferentes programas sociales&#8221;, se record\u00f3 en la resoluci\u00f3n.<\/p>\n\n\n\n<p>Al respecto, se precis\u00f3 que el Ministerio &#8220;carece de relaci\u00f3n con los titulares de las cuentas bancarias que ya no tienen movimiento&#8221; y por tal raz\u00f3n no tiene &#8220;la posibilidad de continuar habilitando el uso de dichas cuentas&#8221;, tarea que, asegur\u00f3, le compete al Banco Naci\u00f3n &#8220;en raz\u00f3n de su obligaci\u00f3n de lograr la inclusi\u00f3n financiera de los sectores m\u00e1s vulnerables&#8221;.<\/p>\n\n\n\n<p><strong>Fuente: www.diariouno.com.ar<\/strong><\/p>\n","protected":false},"excerpt":{"rendered":"<p>El Ministerio de Desarrollo Social instruy\u00f3 a su Secretar\u00eda de Gesti\u00f3n Administrativa para que notifique el cierre de 144.424\u00a0cuentas bancarias de titulares del Plan Potenciar Trabajo que no registraron movimiento alguno entre marzo y julio de este a\u00f1o. Son unas 5.150 cuentas en Mendoza. La medida fue dispuesta a trav\u00e9s de la Resoluci\u00f3n 2105\/2023, publicada [&hellip;]<\/p>\n","protected":false},"author":2,"featured_media":2443,"comment_status":"open","ping_status":"open","sticky":false,"template":"","format":"standard","meta":[],"categories":[50],"tags":[],"_links":{"self":[{"href":"https:\/\/pasaenmendoza.com\/index.php?rest_route=\/wp\/v2\/posts\/2441"}],"collection":[{"href":"https:\/\/pasaenmendoza.com\/index.php?rest_route=\/wp\/v2\/posts"}],"about":[{"href":"https:\/\/pasaenmendoza.com\/index.php?rest_route=\/wp\/v2\/types\/post"}],"author":[{"embeddable":true,"href":"https:\/\/pasaenmendoza.com\/index.php?rest_route=\/wp\/v2\/users\/2"}],"replies":[{"embeddable":true,"href":"https:\/\/pasaenmendoza.com\/index.php?rest_route=%2Fwp%2Fv2%2Fcomments&post=2441"}],"version-history":[{"count":1,"href":"https:\/\/pasaenmendoza.com\/index.php?rest_route=\/wp\/v2\/posts\/2441\/revisions"}],"predecessor-version":[{"id":2446,"href":"https:\/\/pasaenmendoza.com\/index.php?rest_route=\/wp\/v2\/posts\/2441\/revisions\/2446"}],"wp:featuredmedia":[{"embeddable":true,"href":"https:\/\/pasaenmendoza.com\/index.php?rest_route=\/wp\/v2\/media\/2443"}],"wp:attachment":[{"href":"https:\/\/pasaenmendoza.com\/index.php?rest_route=%2Fwp%2Fv2%2Fmedia&parent=2441"}],"wp:term":[{"taxonomy":"category","embeddable":true,"href":"https:\/\/pasaenmendoza.com\/index.php?rest_route=%2Fwp%2Fv2%2Fcategories&post=2441"},{"taxonomy":"post_tag","embeddable":true,"href":"https:\/\/pasaenmendoza.com\/index.php?rest_route=%2Fwp%2Fv2%2Ftags&post=2441"}],"curies":[{"name":"wp","href":"https:\/\/api.w.org\/{rel}","templated":true}]}}