{"id":2442,"date":"2023-10-24T15:01:02","date_gmt":"2023-10-24T13:01:02","guid":{"rendered":"https:\/\/pasaenmendoza.com\/?p=2442"},"modified":"2023-10-24T15:01:03","modified_gmt":"2023-10-24T13:01:03","slug":"tiroteo-gritos-y-una-pareja-herida-en-el-barrio-san-martin","status":"publish","type":"post","link":"https:\/\/pasaenmendoza.com\/?p=2442","title":{"rendered":"Tiroteo, gritos y una pareja herida en el barrio San Mart\u00edn"},"content":{"rendered":"\n<p>Un hombre de 28 a\u00f1os con pasado carcelario y una reconocida fuga de la Comisar\u00eda 33\u00aa y su pareja, de 26, fueron baleados mientras circulaban en moto en la tarde de este lunes<strong>\u00a0en el barrio San Mart\u00edn<\/strong>\u00a0de Ciudad, complejo que est\u00e1 en el centro de la escena por hechos de estas caracter\u00edsticas desde hace m\u00e1s de un mes.<\/p>\n\n\n\n<p><mark>Ambas v\u00edctimas ingresaron a la guardia del Hospital Lagomaggiore<\/mark>\u00a0en una camioneta blanca Nissan Frontier para ser atendidas y los investigadores policiales y judiciales iniciaron el trabajo de recolecci\u00f3n de pruebas para intentar determinar el sector donde se produjo el ataque y descubrir el motivo, debido a que no eran demasiado claros.<\/p>\n\n\n\n<p>Por fuentes que hablaron con este diario,\u00a0<mark>los disparos se produjeron despu\u00e9s de las 18 en una zona no especificada de la citada barriada, pero ser\u00eda pr\u00f3xima al puente que da al hospital, hacia el sur.<\/mark><\/p>\n\n\n\n<p>La mujer, identificada como\u00a0<strong>Sof\u00eda Morales<\/strong>, recibi\u00f3 un proyectil en una pierna (muslo). Por su parte, el sujeto que la acompa\u00f1aba, quien ser\u00eda su novio, identificado como\u00a0<strong>Diego Alejandro Aveiro<\/strong>, ten\u00eda m\u00e1s comprometida la salud pasadas las 19, debido a que ingres\u00f3 al quir\u00f3fano por una lesiones en la zona \u201cdel abdomen o t\u00f3rax\u201d, en una pierna y un brazo, describi\u00f3 una fuente que habl\u00f3 con\u00a0<strong><em>El Sol.\u00a0<\/em><\/strong>Ambos tienen domicilio en el barrio Olivares, tambi\u00e9n de Ciudad.<\/p>\n\n\n\n<p>Testigos que pasaron por lugar en un taxi detallaron que tuvieron que frenar la marcha y agacharse por los disparos que se escuchaban.\u00a0<mark>Observaron al hombre herido de gravedad al lado de una moto y a su pareja que gritaba solicitando ayuda<\/mark>. Los disparos, agregaron, no cesaban. Un hombre que intent\u00f3 frenar en su auto para ayudar fue apedreado por algunos de los presentes.<\/p>\n\n\n\n<p><strong>El caso qued\u00f3 en manos de la fiscal de Homicidios Claudia R\u00edos<\/strong>\u00a0y ten\u00eda un testigo que observ\u00f3 c\u00f3mo sucedi\u00f3 el hecho y apunt\u00f3 contra una conocida familia del popular complejo del oeste capitalino.\u00a0<mark>El aporte servir\u00eda para encaminar la reconstrucci\u00f3n que necesitan los pesquisas porque, por los primeros datos que aport\u00f3 Morales tras resultar herida, no coincidir\u00edan con lo declarado informalmente por el testigo.<\/mark><\/p>\n\n\n\n<p>Ante esto, esperaban escuchar la versi\u00f3n de la joven\u00a0<strong>Morales, cuya vida no estaba en riesgo<\/strong>, tal como describieron fuentes hospitalarias, y podr\u00eda dejar el nosocomio en las pr\u00f3ximas horas, para conocer m\u00e1s detalles de su versi\u00f3n de los hechos.<\/p>\n\n\n\n<p>Las fuentes judiciales y penitenciarias se\u00f1alaron que\u00a0<strong>Aveiro tiene pasado carcelario por diversos delitos desde el 2014<\/strong>\u00a0y tambi\u00e9n registra una fuga mientras estaba detenido en la\u00a0<strong>Comisar\u00eda 33 del barrio San Mart\u00edn<\/strong>. Fue detenido e investigado por tenencia de arma, encubrimiento (la mayor\u00eda de sus causas) y amenazas.<\/p>\n\n\n\n<p><mark>El 31 de diciembre del 2021, efectivos de Investigaciones lo capturaron en un domicilio de calle Bicentenario del barrio Olivares luego de huir de la citada dependencia capitalina el 30 de julio de ese a\u00f1o<\/mark>. Por informaci\u00f3n de aquellos d\u00edas,\u00a0<strong>Aveiro huy\u00f3 de la Comisar\u00eda de calle Padre Llorens<\/strong>\u00a0aprovechando la distracci\u00f3n de un auxiliar que trasladaba a otro detenido hasta el ba\u00f1o.<\/p>\n\n\n\n<p>Los polic\u00edas lo detectaron en una propiedad luego de trabajar una informaci\u00f3n sobre su paradero, pero intent\u00f3 escapar por los techos. A pesar de intentar continuar en la clandestinidad, no lo consigui\u00f3.<\/p>\n\n\n\n<p><strong>Los otros hechos<\/strong><\/p>\n\n\n\n<p>Luego del ataque contra Aveiro y su pareja, los pesquisas comenzaron a buscar pruebas para intentar conocer si podr\u00eda estar relacionado con los otros sucesos ocurridos en el barriada desde fines de setiembre.<\/p>\n\n\n\n<p>Justamente, se han registrado tiroteos y diversos cruces verbales y f\u00edsicos con protagonistas sospechados de ser parte del mundo de las drogas.<\/p>\n\n\n\n<p>El viernes 29 de septiembre, un sujeto de 26 a\u00f1os recibi\u00f3 cuatro balazos en la manzana 40.&nbsp;<strong>Hern\u00e1n Alessandro Baigorria Fontagnol&nbsp;<\/strong>fue llevado en una camioneta de urgencia al Hospital Lagomaggiore y los m\u00e9dicos le salvaron la vida. Este sujeto se mostraba armado en las redes y est\u00e1 sospechado de tener v\u00ednculo por venta de drogas. Los agresores eran del oeste de Godoy Cruz.<\/p>\n\n\n\n<p>El domingo 1 de este mes, por la noche, atacaron a golpes y con armas de fuego a un chico identificado como Ticiano Le\u00f3n, de 19 a\u00f1os. El caso tuvo la particularidad de que a su madre le enviaron, desde un n\u00famero desconocido a su WhatsApp, un video de c\u00f3mo lo baleaban entre cuatro o cinco sujetos en la manzana G.<\/p>\n\n\n\n<p>El lunes 2 fue acribillado con seis balazos 9 mil\u00edmetros el ex convicto&nbsp;<strong>Rodrigo Mart\u00edn Pelayes<\/strong>.&nbsp;<mark>El crimen sucedi\u00f3 en una casa de la manzana 24 minutos antes de las 18<\/mark>. Este caso qued\u00f3 en manos del fiscal Gustavo Pirrello, quien pidi\u00f3 la captura de<strong>&nbsp;Miguel \u00c1ngel Cer\u00f3n<\/strong>, conocido como el Pipa y hermano del famoso Morocha, un delincuente juvenil abatido por la polic\u00eda despu\u00e9s de un asalto en la Cuarta Secci\u00f3n, Ciudad.<\/p>\n\n\n\n<p>Por su parte, el 8 de este mes fue baleado Gustavo Mart\u00edn Corzo, en el sector conocido como Fuerte Apache. Recibi\u00f3 nueve disparos en diferentes partes del cuerpo y salv\u00f3 su vida.<\/p>\n\n\n\n<p><strong>Fuente: www.elsol.com.ar<\/strong><\/p>\n","protected":false},"excerpt":{"rendered":"<p>Un hombre de 28 a\u00f1os con pasado carcelario y una reconocida fuga de la Comisar\u00eda 33\u00aa y su pareja, de 26, fueron baleados mientras circulaban en moto en la tarde de este lunes\u00a0en el barrio San Mart\u00edn\u00a0de Ciudad, complejo que est\u00e1 en el centro de la escena por hechos de estas caracter\u00edsticas desde hace m\u00e1s [&hellip;]<\/p>\n","protected":false},"author":2,"featured_media":2444,"comment_status":"open","ping_status":"open","sticky":false,"template":"","format":"standard","meta":[],"categories":[48],"tags":[],"_links":{"self":[{"href":"https:\/\/pasaenmendoza.com\/index.php?rest_route=\/wp\/v2\/posts\/2442"}],"collection":[{"href":"https:\/\/pasaenmendoza.com\/index.php?rest_route=\/wp\/v2\/posts"}],"about":[{"href":"https:\/\/pasaenmendoza.com\/index.php?rest_route=\/wp\/v2\/types\/post"}],"author":[{"embeddable":true,"href":"https:\/\/pasaenmendoza.com\/index.php?rest_route=\/wp\/v2\/users\/2"}],"replies":[{"embeddable":true,"href":"https:\/\/pasaenmendoza.com\/index.php?rest_route=%2Fwp%2Fv2%2Fcomments&post=2442"}],"version-history":[{"count":1,"href":"https:\/\/pasaenmendoza.com\/index.php?rest_route=\/wp\/v2\/posts\/2442\/revisions"}],"predecessor-version":[{"id":2445,"href":"https:\/\/pasaenmendoza.com\/index.php?rest_route=\/wp\/v2\/posts\/2442\/revisions\/2445"}],"wp:featuredmedia":[{"embeddable":true,"href":"https:\/\/pasaenmendoza.com\/index.php?rest_route=\/wp\/v2\/media\/2444"}],"wp:attachment":[{"href":"https:\/\/pasaenmendoza.com\/index.php?rest_route=%2Fwp%2Fv2%2Fmedia&parent=2442"}],"wp:term":[{"taxonomy":"category","embeddable":true,"href":"https:\/\/pasaenmendoza.com\/index.php?rest_route=%2Fwp%2Fv2%2Fcategories&post=2442"},{"taxonomy":"post_tag","embeddable":true,"href":"https:\/\/pasaenmendoza.com\/index.php?rest_route=%2Fwp%2Fv2%2Ftags&post=2442"}],"curies":[{"name":"wp","href":"https:\/\/api.w.org\/{rel}","templated":true}]}}