{"id":2449,"date":"2023-10-24T15:34:47","date_gmt":"2023-10-24T13:34:47","guid":{"rendered":"https:\/\/pasaenmendoza.com\/?p=2449"},"modified":"2023-10-24T15:34:47","modified_gmt":"2023-10-24T13:34:47","slug":"inauguraron-un-importante-monumento-en-el-dia-nacional-por-el-derecho-a-la-identidad","status":"publish","type":"post","link":"https:\/\/pasaenmendoza.com\/?p=2449","title":{"rendered":"Inauguraron un importante monumento en el D\u00eda Nacional por el Derecho a la Identidad"},"content":{"rendered":"\n<p>La\u00a0Ciudad de Mendoza\u00a0y la\u00a0Corte Suprema de Justicia\u00a0provincial llevaron adelante la inauguraci\u00f3n de la puesta en valor del Cuadro 33, sitio hist\u00f3rico para la reflexi\u00f3n de la\u00a0<strong>Memoria, la Verdad y la Justicia<\/strong>.<\/p>\n\n\n\n<p>Para ello, el intendente\u00a0Ulpiano Suarez\u00a0junto con Dalmiro Garay, ministro de la Corte Suprema, convocaron a familiares de desaparecidos, organismos de\u00a0<strong>derechos humanos<\/strong>, al Equipo Argentino de Antropolog\u00eda Forense y al equipo de Arqueolog\u00eda de la Facultad de Filosof\u00eda y Letras de la UNCuyo, que trabajan all\u00ed desde hace a\u00f1os.<\/p>\n\n\n\n<p>Antes de destapar la placa distintiva y recorrer la primera etapa de la obra dise\u00f1ada por el arquitecto &#8220;Nino&#8221; Bonoldi, el intendente expres\u00f3: &#8220;Siento que este es uno de los actos m\u00e1s trascendentes de mis cuatro a\u00f1os de gesti\u00f3n, porque uno debe dimensionar la intervenci\u00f3n en el espacio p\u00fablico no por la cantidad de metros cuadrados, sino en c\u00f3mo esa intervenci\u00f3n forja la identidad de una sociedad&#8221;.<\/p>\n\n\n\n<p><strong>EN EL MARCO DEL D\u00cdA NACIONAL POR EL DERECHO A LA IDENTIDAD, DAMOS LUZ SOBRE ESTE SITIO QUE LOS PROTAGONISTAS DE LA \u00c9POCA M\u00c1S OSCURA DE NUESTRA HISTORIA QUISIERON QUE PERMANECIERA POR SIEMPRE EN LAS SOMBRAS.\u00a0<\/strong><\/p>\n\n\n\n<p>&#8220;Hoy, en momentos en que se pone todo en cuesti\u00f3n y se relativiza el valor de la verdad y la \u00e9tica de la coherencia, damos un mensaje contundente de compromiso con los valores democr\u00e1ticos&#8221;, sostuvo.<\/p>\n\n\n\n<p>Por su parte, el arquitecto Juan Eduardo Bonoldi, manifest\u00f3: \u201cCuando iniciamos este camino hace dos a\u00f1os, esto era un campo vac\u00edo y decidimos llevar adelante este compromiso. A partir de all\u00ed, esto comenz\u00f3 a encaminarse de una manera armoniosa\u201d.<\/p>\n\n\n\n<p><strong>Y HOY ESTAMOS EN UN LUGAR QUE NOS INTERPELA, REPRESENTANDO UNA SITUACI\u00d3N L\u00cdMITE DE LAS PERSONAS ENTERRADAS CLANDESTINAMENTE AQU\u00cd.<\/strong><\/p>\n\n\n\n<p>El arquitecto, que es hermano de Adriana Bonoldi, secuestrada y desaparecida el 1 de diciembre de 1976, agradeci\u00f3 &#8220;a los organismos de derechos humanos que iniciaron este camino de b\u00fasqueda con el equipo forense y lograron la identificaci\u00f3n de desaparecidas y desaparecidos&#8221;.<\/p>\n\n\n\n<p>&#8220;En su momento dije &#8211; agreg\u00f3 &#8211; que ten\u00edamos que unir y ese fue el amor para nosotros. Empezamos a unir, la justicia ha sido un camino de uni\u00f3n y ahora este lugar tendr\u00e1 un valor muy importante para la educaci\u00f3n, la reflexi\u00f3n y la celebraci\u00f3n de los derechos humanos. Que este camino sea una luz para caminar juntos&#8221;.<\/p>\n\n\n\n<p>Finalmente, Dalmiro Garay llam\u00f3 a &#8220;no olvidar&#8221; y a qu\u00e9 &#8220;exista la Memoria para siempre&#8221;, recordando que la sociedad argentina elige desde hace 40 a\u00f1os la democracia.<\/p>\n\n\n\n<h2 class=\"wp-block-heading\">\u00bfEn qu\u00e9 consiste el Cuadro 33?<\/h2>\n\n\n\n<p>El Cuadro 33 es un sector del<strong>&nbsp;cementerio<\/strong>&nbsp;de la Ciudad de Mendoza que, seg\u00fan registros y testimonios, siempre estuvo destinado para enterrar a los denominados NN. Se representa all\u00ed lo que la dictadura quiso ocultar y el trabajo de los familiares que no se rindieron.<\/p>\n\n\n\n<p>Fue gracias a la investigaci\u00f3n y b\u00fasqueda incansable de la Comisi\u00f3n de Familiares de Detenidos Desaparecidos por Razones Pol\u00edticas de Mendoza que presentaron ante la justicia la evidencia necesaria para que se pudieran ordenar las excavaciones.<\/p>\n\n\n\n<p>Desde el a\u00f1o 2010 hasta la actualidad, el Equipo Argentino de Antropolog\u00eda Forense ha realizado m\u00faltiples excavaciones con el apoyo del Equipo de Arqueolog\u00eda de la Facultad de Filosof\u00eda y Letras de la Universidad Nacional de Cuyo, encontrando los restos de 115 personas, entre los cuales se lograron identificar los de Ana Mar\u00eda Moral; Mar\u00eda del Carmen Laudani de Jos\u00e9; Alberto Jos\u00e9; Raquel Herrera de Bernal; Juan Bernal; Sabino Rosales; Antonio Juan Molina y N\u00e9stor Alberto Oliva, todos enterrados de forma clandestina.<\/p>\n\n\n\n<p>En nombre y memoria de cada uno de ellos, en 2021, el arquitecto Juan Eduardo Bonoldi propuso el dise\u00f1o de la\u00a0<strong>obra<\/strong>\u00a0inaugurada hoy, que tiene por objetivo recuperar el nombre y memoria de cada uno de ellos, sac\u00e1ndolos del olvido y honr\u00e1ndolos.<\/p>\n\n\n\n<p><strong>Fuente: www.diariomendoza.com.ar<\/strong><\/p>\n","protected":false},"excerpt":{"rendered":"<p>La\u00a0Ciudad de Mendoza\u00a0y la\u00a0Corte Suprema de Justicia\u00a0provincial llevaron adelante la inauguraci\u00f3n de la puesta en valor del Cuadro 33, sitio hist\u00f3rico para la reflexi\u00f3n de la\u00a0Memoria, la Verdad y la Justicia. Para ello, el intendente\u00a0Ulpiano Suarez\u00a0junto con Dalmiro Garay, ministro de la Corte Suprema, convocaron a familiares de desaparecidos, organismos de\u00a0derechos humanos, al Equipo Argentino [&hellip;]<\/p>\n","protected":false},"author":2,"featured_media":2451,"comment_status":"open","ping_status":"open","sticky":false,"template":"","format":"standard","meta":[],"categories":[77],"tags":[],"_links":{"self":[{"href":"https:\/\/pasaenmendoza.com\/index.php?rest_route=\/wp\/v2\/posts\/2449"}],"collection":[{"href":"https:\/\/pasaenmendoza.com\/index.php?rest_route=\/wp\/v2\/posts"}],"about":[{"href":"https:\/\/pasaenmendoza.com\/index.php?rest_route=\/wp\/v2\/types\/post"}],"author":[{"embeddable":true,"href":"https:\/\/pasaenmendoza.com\/index.php?rest_route=\/wp\/v2\/users\/2"}],"replies":[{"embeddable":true,"href":"https:\/\/pasaenmendoza.com\/index.php?rest_route=%2Fwp%2Fv2%2Fcomments&post=2449"}],"version-history":[{"count":1,"href":"https:\/\/pasaenmendoza.com\/index.php?rest_route=\/wp\/v2\/posts\/2449\/revisions"}],"predecessor-version":[{"id":2452,"href":"https:\/\/pasaenmendoza.com\/index.php?rest_route=\/wp\/v2\/posts\/2449\/revisions\/2452"}],"wp:featuredmedia":[{"embeddable":true,"href":"https:\/\/pasaenmendoza.com\/index.php?rest_route=\/wp\/v2\/media\/2451"}],"wp:attachment":[{"href":"https:\/\/pasaenmendoza.com\/index.php?rest_route=%2Fwp%2Fv2%2Fmedia&parent=2449"}],"wp:term":[{"taxonomy":"category","embeddable":true,"href":"https:\/\/pasaenmendoza.com\/index.php?rest_route=%2Fwp%2Fv2%2Fcategories&post=2449"},{"taxonomy":"post_tag","embeddable":true,"href":"https:\/\/pasaenmendoza.com\/index.php?rest_route=%2Fwp%2Fv2%2Ftags&post=2449"}],"curies":[{"name":"wp","href":"https:\/\/api.w.org\/{rel}","templated":true}]}}