{"id":2457,"date":"2023-10-25T14:12:53","date_gmt":"2023-10-25T12:12:53","guid":{"rendered":"https:\/\/pasaenmendoza.com\/?p=2457"},"modified":"2023-10-25T14:12:55","modified_gmt":"2023-10-25T12:12:55","slug":"miercoles-de-reuniones-para-definir-el-apoyo-de-jxc-en-el-balotaje","status":"publish","type":"post","link":"https:\/\/pasaenmendoza.com\/?p=2457","title":{"rendered":"Mi\u00e9rcoles de reuniones para definir el apoyo de JxC en el balotaje"},"content":{"rendered":"\n<p>Este mi\u00e9rcoles, en una noche llena de tensiones por las decisiones cruciales para el futuro de Juntos por el Cambio (JxC), el ex presidente\u00a0<strong>Mauricio Macri y la presidenta del PRO\u00a0Patricia Bullrich<\/strong>\u00a0se reunieron en la casa de Macri en Acassuso para analizar la posibilidad de que el\u00a0<strong>PRO apoye a Javier Milei en el balotaje del 19 de noviembre.<\/strong>\u00a0<\/p>\n\n\n\n<p>Esta reuni\u00f3n precede a otra serie de encuentros que los l\u00edderes de JxC sostendr\u00e1n a lo largo del d\u00eda para definir la postura que adoptar\u00e1n en la segunda vuelta electoral.<\/p>\n\n\n\n<p>Seg\u00fan public\u00f3\u00a0<em>Infobae<\/em>, Juntos por el Cambio enfrenta fuertes desacuerdos internos sobre la estrategia a seguir en el balotaje, donde\u00a0Javier Milei\u00a0y\u00a0Sergio Massa\u00a0se disputar\u00e1n la presidencia. En el PRO, liderado por\u00a0<strong>Mauricio Macri\u00a0<\/strong>y sus seguidores conocidos como\u00a0<strong>&#8220;los halcones&#8221;<\/strong>, la mayor\u00eda est\u00e1 inclinada a pedir el voto\u00a0<strong>a favor de Milei<\/strong>. En contraste, en la\u00a0<strong>Uni\u00f3n C\u00edvica Radical (UCR), liderada por Gerardo Morales y Mart\u00edn Lousteau,\u00a0<\/strong>la preferencia recae en apoyar a\u00a0<strong>Massa.\u00a0<\/strong>No obstante, tambi\u00e9n existen voces que abogan por una tercera alternativa: mantenerse neutrales y\u00a0<strong>dejar en libertad de acci\u00f3n a los dirigentes y al electorado.\u00a0<\/strong><\/p>\n\n\n\n<p>La discusi\u00f3n sobre el rumbo de JxC se torna cr\u00edtica, ya que cualquier decisi\u00f3n podr\u00eda\u00a0<strong>resultar en la ruptura de la coalici\u00f3n opositora<\/strong>. Mauricio Macri, Patricia Bullrich, y otros l\u00edderes del PRO han manifestado su preferencia por apoyar a Milei, pero se enfrentan a\u00a0<strong>Horacio Rodr\u00edguez Larreta, Mar\u00eda Eugenia Vidal y Diego Santilli est\u00e1n entre aquellos que proponen la neutralidad<\/strong>\u00a0como la opci\u00f3n m\u00e1s sensata.\u00a0<\/p>\n\n\n\n<p>En un intento por evitar la fractura, algunos\u00a0<strong>gobernadores de JxC,<\/strong>\u00a0como\u00a0<strong>Rogelio Frigerio e Ignacio Torres, impulsar\u00e1n la libertad de acci\u00f3n en el balotaje,<\/strong>\u00a0actuando como un nuevo polo de poder interno. Los\u00a0<strong>10 mandatarios provinciales<\/strong>\u00a0en la coalici\u00f3n se reunir\u00e1n para discutir la estrategia en la Casa de la Provincia de Corrientes. Su objetivo es evitar una fisura a\u00fan mayor en JxC.<\/p>\n\n\n\n<p><strong>La Coalici\u00f3n C\u00edvica, liderada por Maximiliano Ferraro,\u00a0<\/strong>ha expresado su decisi\u00f3n de\u00a0<strong>no apoyar ni a Massa ni a Milei\u00a0<\/strong>en el balotaje. Seg\u00fan Ferraro, ambas opciones representan gobiernos irresponsables basados en imposibilidades morales y pol\u00edticas, as\u00ed como un pacto de impunidad.<\/p>\n\n\n\n<p>FUENTE: mendozapost.<\/p>\n","protected":false},"excerpt":{"rendered":"<p>Este mi\u00e9rcoles, en una noche llena de tensiones por las decisiones cruciales para el futuro de Juntos por el Cambio (JxC), el ex presidente\u00a0Mauricio Macri y la presidenta del PRO\u00a0Patricia Bullrich\u00a0se reunieron en la casa de Macri en Acassuso para analizar la posibilidad de que el\u00a0PRO apoye a Javier Milei en el balotaje del 19 [&hellip;]<\/p>\n","protected":false},"author":2,"featured_media":2458,"comment_status":"open","ping_status":"open","sticky":true,"template":"","format":"standard","meta":[],"categories":[47],"tags":[],"_links":{"self":[{"href":"https:\/\/pasaenmendoza.com\/index.php?rest_route=\/wp\/v2\/posts\/2457"}],"collection":[{"href":"https:\/\/pasaenmendoza.com\/index.php?rest_route=\/wp\/v2\/posts"}],"about":[{"href":"https:\/\/pasaenmendoza.com\/index.php?rest_route=\/wp\/v2\/types\/post"}],"author":[{"embeddable":true,"href":"https:\/\/pasaenmendoza.com\/index.php?rest_route=\/wp\/v2\/users\/2"}],"replies":[{"embeddable":true,"href":"https:\/\/pasaenmendoza.com\/index.php?rest_route=%2Fwp%2Fv2%2Fcomments&post=2457"}],"version-history":[{"count":1,"href":"https:\/\/pasaenmendoza.com\/index.php?rest_route=\/wp\/v2\/posts\/2457\/revisions"}],"predecessor-version":[{"id":2459,"href":"https:\/\/pasaenmendoza.com\/index.php?rest_route=\/wp\/v2\/posts\/2457\/revisions\/2459"}],"wp:featuredmedia":[{"embeddable":true,"href":"https:\/\/pasaenmendoza.com\/index.php?rest_route=\/wp\/v2\/media\/2458"}],"wp:attachment":[{"href":"https:\/\/pasaenmendoza.com\/index.php?rest_route=%2Fwp%2Fv2%2Fmedia&parent=2457"}],"wp:term":[{"taxonomy":"category","embeddable":true,"href":"https:\/\/pasaenmendoza.com\/index.php?rest_route=%2Fwp%2Fv2%2Fcategories&post=2457"},{"taxonomy":"post_tag","embeddable":true,"href":"https:\/\/pasaenmendoza.com\/index.php?rest_route=%2Fwp%2Fv2%2Ftags&post=2457"}],"curies":[{"name":"wp","href":"https:\/\/api.w.org\/{rel}","templated":true}]}}