{"id":2478,"date":"2023-10-25T14:53:46","date_gmt":"2023-10-25T12:53:46","guid":{"rendered":"https:\/\/pasaenmendoza.com\/?p=2478"},"modified":"2023-10-25T14:53:47","modified_gmt":"2023-10-25T12:53:47","slug":"condenaron-a-la-pareja-de-asaltantes-que-baleo-a-un-publicista-en-el-parque-san-martin","status":"publish","type":"post","link":"https:\/\/pasaenmendoza.com\/?p=2478","title":{"rendered":"Condenaron a la pareja de asaltantes que bale\u00f3 a un publicista en el parque San Mart\u00edn"},"content":{"rendered":"\n<p>A mediados de junio, el publicista&nbsp;<strong>Fernando Alberto Von Der Heyde&nbsp;<\/strong>(63) vivi\u00f3 posiblemente el momento m\u00e1s cr\u00edtico de toda su vida: mientras se ejercitaba en el&nbsp;<strong>parque General San Mart\u00edn<\/strong>&nbsp;fue asaltado y baleado por malvivientes.<\/p>\n\n\n\n<p>Si bien logr\u00f3 sobrevivir al ataque, permaneci\u00f3 al borde de la muerte durante algunos d\u00edas y hubo una intensa investigaci\u00f3n que permiti\u00f3, con el paso de los d\u00edas, la captura de una pareja con antecedentes policiales.<\/p>\n\n\n\n<p>Casi cuatro meses despu\u00e9s del hecho de sangre, la causa tuvo su cierre este martes con la condena de los dos detenidos.\u00a0<mark>Se trata de\u00a0<strong>Jonathan Enrique Godoy Barrera<\/strong>\u00a0(22) y\u00a0<strong>Dolores Macarena Yacanto Ib\u00e1\u00f1ez\u00a0<\/strong>(24), quienes confesaron la autor\u00eda para acceder a un juicio abreviado inicial<\/mark>.<\/p>\n\n\n\n<p>Los defensores de ambos acusados pactaron el debate con el fiscal de Homicidios\u00a0<strong>Carlos Torres<\/strong>, quien encabez\u00f3 la instrucci\u00f3n, y debieron admitir ante la jueza\u00a0<strong>Mirna Montaldi\u00a0<\/strong>que perpetraron el asalto a mano armada contra el empresario.<\/p>\n\n\n\n<p>De esa forma, la magistrada del<strong>\u00a0Juzgado Penal Colegiado N\u00ba 2<\/strong>\u00a0<mark>sentenci\u00f3 a Godoy a la pena de 10 a\u00f1os y 2 meses de c\u00e1rcel como autor del delito de homicidio criminis causa en grado de tentativa<\/mark>; mientras que a Yacanto accedi\u00f3 a una condena de 3 a\u00f1os de c\u00e1rcel en suspenso por robo agravado por el uso de arma de fuego cuya aptitud para el disparo no puede tenerse acreditada y qued\u00f3 en libertad.<\/p>\n\n\n\n<p><strong>El hecho<\/strong><\/p>\n\n\n\n<p>La reconstrucci\u00f3n que hicieron los detectives del caso sostiene que el lunes 26 de junio Von Der Heyde sali\u00f3 de su casa de&nbsp;<strong>Guaymall\u00e9n&nbsp;<\/strong>para realizar un corrido en bicicleta por el citado espacio verde capitalino.<\/p>\n\n\n\n<p>Luego de subir hasta el<strong>\u00a0cerro de la Gloria<\/strong>, emprendi\u00f3 su regreso y en el camino fren\u00f3 para refrescarse y cambiarse la ropa en la zona conocida como\u00a0<strong>Villa Cari\u00f1o<\/strong>, un punto popular entre las parejas mendocinas que visitan el parque y buscan un momento de intimidad.<\/p>\n\n\n\n<p>All\u00ed fue abordado por una pareja de maleantes que le apuntaron con un arma de fuego para robarle su bicicleta. Acto seguido,&nbsp;<mark>el empresario se resisti\u00f3 al asalto y termin\u00f3 recibiendo un balazo en la clav\u00edcula<\/mark>.<\/p>\n\n\n\n<p>Posteriormente, Von Der Heyde pidi\u00f3 auxilio y recibi\u00f3 ayuda de un abogado que pasaba en su auto por las inmediaciones del\u00a0<strong>Club Mendoza de Regatas<\/strong>, detr\u00e1s del\u00a0<strong>Golf Club Andino<\/strong>. As\u00ed, fue trasladado hasta la\u00a0<strong>Cl\u00ednica de Cuyo<\/strong>, donde\u00a0<mark>ingres\u00f3 en grave estado, aunque logr\u00f3 recuperarse completamente con el paso de los d\u00edas<\/mark>.<\/p>\n\n\n\n<p>Mientras el cuadro de salud de la v\u00edctima evolucionaba favorablemente, los dos sospechosos fueron capturados gracias a que quedaron complicados por una c\u00e1mara de seguridad que tom\u00f3 el ataque y huida de ambos. En menos de cuatro meses,\u00a0<strong>Godoy\u00a0<\/strong>y\u00a0<strong>Yacanto<\/strong>\u00a0terminaron condenados por la Justicia.<\/p>\n\n\n\n<p><strong>Fuente: www.elsol.com.ar<\/strong><\/p>\n","protected":false},"excerpt":{"rendered":"<p>A mediados de junio, el publicista&nbsp;Fernando Alberto Von Der Heyde&nbsp;(63) vivi\u00f3 posiblemente el momento m\u00e1s cr\u00edtico de toda su vida: mientras se ejercitaba en el&nbsp;parque General San Mart\u00edn&nbsp;fue asaltado y baleado por malvivientes. Si bien logr\u00f3 sobrevivir al ataque, permaneci\u00f3 al borde de la muerte durante algunos d\u00edas y hubo una intensa investigaci\u00f3n que permiti\u00f3, [&hellip;]<\/p>\n","protected":false},"author":2,"featured_media":2479,"comment_status":"open","ping_status":"open","sticky":false,"template":"","format":"standard","meta":[],"categories":[48],"tags":[],"_links":{"self":[{"href":"https:\/\/pasaenmendoza.com\/index.php?rest_route=\/wp\/v2\/posts\/2478"}],"collection":[{"href":"https:\/\/pasaenmendoza.com\/index.php?rest_route=\/wp\/v2\/posts"}],"about":[{"href":"https:\/\/pasaenmendoza.com\/index.php?rest_route=\/wp\/v2\/types\/post"}],"author":[{"embeddable":true,"href":"https:\/\/pasaenmendoza.com\/index.php?rest_route=\/wp\/v2\/users\/2"}],"replies":[{"embeddable":true,"href":"https:\/\/pasaenmendoza.com\/index.php?rest_route=%2Fwp%2Fv2%2Fcomments&post=2478"}],"version-history":[{"count":1,"href":"https:\/\/pasaenmendoza.com\/index.php?rest_route=\/wp\/v2\/posts\/2478\/revisions"}],"predecessor-version":[{"id":2480,"href":"https:\/\/pasaenmendoza.com\/index.php?rest_route=\/wp\/v2\/posts\/2478\/revisions\/2480"}],"wp:featuredmedia":[{"embeddable":true,"href":"https:\/\/pasaenmendoza.com\/index.php?rest_route=\/wp\/v2\/media\/2479"}],"wp:attachment":[{"href":"https:\/\/pasaenmendoza.com\/index.php?rest_route=%2Fwp%2Fv2%2Fmedia&parent=2478"}],"wp:term":[{"taxonomy":"category","embeddable":true,"href":"https:\/\/pasaenmendoza.com\/index.php?rest_route=%2Fwp%2Fv2%2Fcategories&post=2478"},{"taxonomy":"post_tag","embeddable":true,"href":"https:\/\/pasaenmendoza.com\/index.php?rest_route=%2Fwp%2Fv2%2Ftags&post=2478"}],"curies":[{"name":"wp","href":"https:\/\/api.w.org\/{rel}","templated":true}]}}