{"id":2481,"date":"2023-10-25T16:58:34","date_gmt":"2023-10-25T14:58:34","guid":{"rendered":"https:\/\/pasaenmendoza.com\/?p=2481"},"modified":"2023-10-25T16:58:35","modified_gmt":"2023-10-25T14:58:35","slug":"en-el-pro-aseguran-que-milei-ofrecio-el-80-de-un-posible-gobierno-y-bullrich-apoyara-al-libertario","status":"publish","type":"post","link":"https:\/\/pasaenmendoza.com\/?p=2481","title":{"rendered":"En el PRO aseguran que Milei ofreci\u00f3 el 80% de un posible Gobierno y Bullrich apoyar\u00e1 al libertario"},"content":{"rendered":"\n<p><strong>La\u00a0reuni\u00f3n que Patricia Bullrich y Mauricio Macri\u00a0durante la madrugada sirvi\u00f3 para acelerar la posici\u00f3n del PRO en el balotaje<\/strong>, lo que se ser\u00e1 anunciado en las pr\u00f3ximas horas mas all\u00e1 de que Patricia Bullrich ya dej\u00f3 trascender que respaldar\u00e1 a Javier Milei.<\/p>\n\n\n\n<p>Bullrich convenci\u00f3 anoche a Macri de que hab\u00eda adelantar la jugada y mostrar decisi\u00f3n. El ex presidente estuvo de acuerdo y es lo que llev\u00f3 a suspender la reuni\u00f3n del PRO en la sede nacional de la calle Balcarce que se realizar\u00eda a las 11, detall\u00f3 El Cronista.<\/p>\n\n\n\n<p>Por otro lado el portal porte\u00f1o tambi\u00e9n confirm\u00f3 que una fuente importante del partido confes\u00f3 que &#8220;Milei nos ofreci\u00f3 el 80% del gobierno&#8221;.<\/p>\n\n\n\n<p><strong>El anuncio se podr\u00eda dar en la conferencia de prensa&nbsp;<\/strong>que brindar\u00e1 al mediod\u00eda<strong>&nbsp;Patricia Bullrich junto al mendocino Luis Petri.<\/strong><\/p>\n\n\n\n<p>La ex candidata presidencial de Juntos por el Cambio acept\u00f3 no realizar la conferencia de prensa en el PRO y realizar el anuncio en su oficina personal, para evitar papelones edilicios en medio de la discusi\u00f3n interna.<\/p>\n\n\n\n<p>Dos referentes del PRO, el intendente de Capit\u00e1n Sarmiento,<strong>\u00a0Javier Iguacel<\/strong>, y el dirigente\u00a0<strong>Waldo Wolf, expresaron p\u00fablicamente sus preferencias por Milei<\/strong>\u00a0y anticiparon que propondr\u00e1n al partido apoyarlo de cara al balotaje. Mientras que hay dudas que Horacio Rodr\u00edguez Larreta, el radicalismo y la Coalici\u00f3n C\u00edvica acompa\u00f1en el apoyo expl\u00edcito.<\/p>\n\n\n\n<p><strong>Fuente: www.diariouno.com.ar<\/strong><\/p>\n","protected":false},"excerpt":{"rendered":"<p>La\u00a0reuni\u00f3n que Patricia Bullrich y Mauricio Macri\u00a0durante la madrugada sirvi\u00f3 para acelerar la posici\u00f3n del PRO en el balotaje, lo que se ser\u00e1 anunciado en las pr\u00f3ximas horas mas all\u00e1 de que Patricia Bullrich ya dej\u00f3 trascender que respaldar\u00e1 a Javier Milei. Bullrich convenci\u00f3 anoche a Macri de que hab\u00eda adelantar la jugada y mostrar [&hellip;]<\/p>\n","protected":false},"author":2,"featured_media":2482,"comment_status":"open","ping_status":"open","sticky":false,"template":"","format":"standard","meta":[],"categories":[67],"tags":[],"_links":{"self":[{"href":"https:\/\/pasaenmendoza.com\/index.php?rest_route=\/wp\/v2\/posts\/2481"}],"collection":[{"href":"https:\/\/pasaenmendoza.com\/index.php?rest_route=\/wp\/v2\/posts"}],"about":[{"href":"https:\/\/pasaenmendoza.com\/index.php?rest_route=\/wp\/v2\/types\/post"}],"author":[{"embeddable":true,"href":"https:\/\/pasaenmendoza.com\/index.php?rest_route=\/wp\/v2\/users\/2"}],"replies":[{"embeddable":true,"href":"https:\/\/pasaenmendoza.com\/index.php?rest_route=%2Fwp%2Fv2%2Fcomments&post=2481"}],"version-history":[{"count":1,"href":"https:\/\/pasaenmendoza.com\/index.php?rest_route=\/wp\/v2\/posts\/2481\/revisions"}],"predecessor-version":[{"id":2483,"href":"https:\/\/pasaenmendoza.com\/index.php?rest_route=\/wp\/v2\/posts\/2481\/revisions\/2483"}],"wp:featuredmedia":[{"embeddable":true,"href":"https:\/\/pasaenmendoza.com\/index.php?rest_route=\/wp\/v2\/media\/2482"}],"wp:attachment":[{"href":"https:\/\/pasaenmendoza.com\/index.php?rest_route=%2Fwp%2Fv2%2Fmedia&parent=2481"}],"wp:term":[{"taxonomy":"category","embeddable":true,"href":"https:\/\/pasaenmendoza.com\/index.php?rest_route=%2Fwp%2Fv2%2Fcategories&post=2481"},{"taxonomy":"post_tag","embeddable":true,"href":"https:\/\/pasaenmendoza.com\/index.php?rest_route=%2Fwp%2Fv2%2Ftags&post=2481"}],"curies":[{"name":"wp","href":"https:\/\/api.w.org\/{rel}","templated":true}]}}