{"id":2484,"date":"2023-10-25T17:21:29","date_gmt":"2023-10-25T15:21:29","guid":{"rendered":"https:\/\/pasaenmendoza.com\/?p=2484"},"modified":"2023-10-25T17:21:30","modified_gmt":"2023-10-25T15:21:30","slug":"cornejo-y-los-intendentes-radicales-decidieron-no-apoyar-a-ningun-candidato-en-el-balotaje","status":"publish","type":"post","link":"https:\/\/pasaenmendoza.com\/?p=2484","title":{"rendered":"Cornejo y los intendentes radicales decidieron no apoyar a ning\u00fan candidato en el balotaje"},"content":{"rendered":"\n<p><strong>Alfredo Cornejo<\/strong>\u00a0lider\u00f3 una reuni\u00f3n en la que convoc\u00f3 a<strong>\u00a0los 8 intendentes radicales electos y a los salientes<\/strong>, m\u00e1s sus principales alfiles legislativos, para ratificar con ellos la postura del radicalismo mendocino: se mantendr\u00e1n neutrales, y no apoyar\u00e1n a ninguno de los candidatos presidenciables en el balotaje.<\/p>\n\n\n\n<p>Los referentes locales estuvieron dialogando hasta bien entrada la noche del martes.&nbsp;<strong>A las 23, el intercambio continuaba<\/strong>. La postura que el&nbsp;<strong>gobernador electo&nbsp;<\/strong>tratar\u00e1 de sostener a rajatabla en rodeos propios y ajenos es que&nbsp;<strong>esa liga de gobernadores debe mantenerse como un bloque homog\u00e9neo neutral y consolidarse como &#8220;oposici\u00f3n responsable&#8221;<\/strong>.<\/p>\n\n\n\n<p>Para eso, es clave que nadie saque los pies del plato, y fundamentalmente\u00a0<strong>que no haya manifestaciones en favor de ninguno de los dos presidenciables<\/strong>.<\/p>\n\n\n\n<p>&#8220;En este momento la discusi\u00f3n nuestra no puede ser si Massa o Milei,<strong>\u00a0tenemos que consolidarnos como un bloque opositor<\/strong>, que sea quien demande que ellos expliquen antes del balotaje qu\u00e9 modelo de pa\u00eds quieren&#8221;, se sincer\u00f3\u00a0<strong>Ulpiano Suarez<\/strong>, jefe comunal de Ciudad, minutos despu\u00e9s de la reuni\u00f3n.<\/p>\n\n\n\n<p>&#8220;Quienes siguen en carrera, tienen la responsabilidad de explicitar sus propuestas, mostrar sus equipos y generar la confianza necesaria en el conjunto de la sociedad. Los argentinos no merecemos nuevas desilusiones. Menos aun que se ponga en juego la convivencia civica y hasta el propio sistema democr\u00e1tico&#8221;, ampli\u00f3.<\/p>\n\n\n\n<p>De esa cumbre tambi\u00e9n participaron\u00a0<strong>Andr\u00e9s &#8220;Peti&#8221; Lombardi<\/strong>\u00a0-presidente de la C\u00e1mara de Diputados de Mendoza- y\u00a0<strong>Mart\u00edn Kerchner<\/strong>\u00a0-presidente del bloque Cambia Mendoza en el Senado-, espadas del Gobierno en la Legislatura.<\/p>\n\n\n\n<p><strong>Fuente: diariouno.com.ar<\/strong><\/p>\n","protected":false},"excerpt":{"rendered":"<p>Alfredo Cornejo\u00a0lider\u00f3 una reuni\u00f3n en la que convoc\u00f3 a\u00a0los 8 intendentes radicales electos y a los salientes, m\u00e1s sus principales alfiles legislativos, para ratificar con ellos la postura del radicalismo mendocino: se mantendr\u00e1n neutrales, y no apoyar\u00e1n a ninguno de los candidatos presidenciables en el balotaje. Los referentes locales estuvieron dialogando hasta bien entrada la [&hellip;]<\/p>\n","protected":false},"author":2,"featured_media":2486,"comment_status":"open","ping_status":"open","sticky":false,"template":"","format":"standard","meta":[],"categories":[47],"tags":[],"_links":{"self":[{"href":"https:\/\/pasaenmendoza.com\/index.php?rest_route=\/wp\/v2\/posts\/2484"}],"collection":[{"href":"https:\/\/pasaenmendoza.com\/index.php?rest_route=\/wp\/v2\/posts"}],"about":[{"href":"https:\/\/pasaenmendoza.com\/index.php?rest_route=\/wp\/v2\/types\/post"}],"author":[{"embeddable":true,"href":"https:\/\/pasaenmendoza.com\/index.php?rest_route=\/wp\/v2\/users\/2"}],"replies":[{"embeddable":true,"href":"https:\/\/pasaenmendoza.com\/index.php?rest_route=%2Fwp%2Fv2%2Fcomments&post=2484"}],"version-history":[{"count":1,"href":"https:\/\/pasaenmendoza.com\/index.php?rest_route=\/wp\/v2\/posts\/2484\/revisions"}],"predecessor-version":[{"id":2487,"href":"https:\/\/pasaenmendoza.com\/index.php?rest_route=\/wp\/v2\/posts\/2484\/revisions\/2487"}],"wp:featuredmedia":[{"embeddable":true,"href":"https:\/\/pasaenmendoza.com\/index.php?rest_route=\/wp\/v2\/media\/2486"}],"wp:attachment":[{"href":"https:\/\/pasaenmendoza.com\/index.php?rest_route=%2Fwp%2Fv2%2Fmedia&parent=2484"}],"wp:term":[{"taxonomy":"category","embeddable":true,"href":"https:\/\/pasaenmendoza.com\/index.php?rest_route=%2Fwp%2Fv2%2Fcategories&post=2484"},{"taxonomy":"post_tag","embeddable":true,"href":"https:\/\/pasaenmendoza.com\/index.php?rest_route=%2Fwp%2Fv2%2Ftags&post=2484"}],"curies":[{"name":"wp","href":"https:\/\/api.w.org\/{rel}","templated":true}]}}