{"id":2500,"date":"2023-10-26T13:52:07","date_gmt":"2023-10-26T11:52:07","guid":{"rendered":"https:\/\/pasaenmendoza.com\/?p=2500"},"modified":"2023-10-26T13:52:08","modified_gmt":"2023-10-26T11:52:08","slug":"la-sorpresiva-confesion-de-luis-petri-sobre-el-encuentro-macri-milei","status":"publish","type":"post","link":"https:\/\/pasaenmendoza.com\/?p=2500","title":{"rendered":"La sorpresiva confesi\u00f3n de Luis Petri sobre el encuentro Macri-Milei"},"content":{"rendered":"\n<p>El excandidato a vicepresidente afirm\u00f3 que no sab\u00eda que se reunir\u00eda con el l\u00edder de La Libertad Avanza. &#8220;Despu\u00e9s me enter\u00e9 de que estaba en la casa de Macri&#8221;, agreg\u00f3.<\/p>\n\n\n\n<p><strong>Luis Petri\u00a0<\/strong>dio una entrevista televisiva este mi\u00e9rcoles y all\u00ed\u00a0se refiri\u00f3 al anuncio que encabez\u00f3 junto a\u00a0Patricia Bullrich\u00a0de apoyar a\u00a0<strong>Javier Milei<\/strong>\u00a0de cara al balotaje con Sergio Massa.<\/p>\n\n\n\n<p>&#8220;Fue una decisi\u00f3n personal y de la f\u00f3rmula.\u00a0No nos da lo mismo que pueda haber un quinto mandato kirchnerista a que pueda haber una expresi\u00f3n que, a la luz de los resultados, fue m\u00e1s cambio que Juntos por el Cambio&#8221;, argument\u00f3.<\/p>\n\n\n\n<p>En di\u00e1logo por TN, el excandidato a vicepresidente sostuvo que &#8220;el 63% de los argentinos vot\u00f3 un cambio&#8221; y reiter\u00f3 que el objetivo del espacio que integra es &#8220;terminar con el kirchnerismo&#8221;<\/p>\n\n\n\n<p>En esa l\u00ednea, agreg\u00f3: &#8220;Hoy no jugarnos puede significar, entre otras cosas, que tengamos que vivir este gobierno que genera cada vez m\u00e1s pobreza, m\u00e1s inflaci\u00f3n, m\u00e1s d\u00e9ficit, m\u00e1s populismo inescrupuloso&#8221;.<\/p>\n\n\n\n<p>&#8220;Yo iba a una reuni\u00f3n en la casa de\u00a0<strong>Mauricio Macri<\/strong>, despu\u00e9s me enter\u00e9 de que estaba\u00a0<strong>Milei<\/strong>\u00a0pero no modifica absolutamente nada&#8221;, confes\u00f3\u00a0<strong>Petri<\/strong>\u00a0respecto al encuentro que se desarroll\u00f3 el martes por la noche en casa del exmandatario.<\/p>\n\n\n\n<p>Y reiter\u00f3 que la postura que tomaron &#8220;no involucra ni al radicalismo, ni al PRO, ni a la Coalici\u00f3n C\u00edvica&#8221; ya que esos espacios &#8220;se han expresado&nbsp;a trav\u00e9s de sus \u00f3rganos partidarios&#8221;.<\/p>\n\n\n\n<p>&#8220;No somos espectadores de este partido. No me hago el desentendido. Por la responsabilidad que tuvimos, por las cosas que dijimos y\u00a0las seguimos sosteniendo es que hay que cambiar en la Rep\u00fablica Argentina y hay que frenar al kirchnerismo. No podemos permitir que se perpet\u00faen en el poder&#8221;, concluy\u00f3.<\/p>\n\n\n\n<p>FUENTE: Mdzonline.<\/p>\n","protected":false},"excerpt":{"rendered":"<p>El excandidato a vicepresidente afirm\u00f3 que no sab\u00eda que se reunir\u00eda con el l\u00edder de La Libertad Avanza. &#8220;Despu\u00e9s me enter\u00e9 de que estaba en la casa de Macri&#8221;, agreg\u00f3. Luis Petri\u00a0dio una entrevista televisiva este mi\u00e9rcoles y all\u00ed\u00a0se refiri\u00f3 al anuncio que encabez\u00f3 junto a\u00a0Patricia Bullrich\u00a0de apoyar a\u00a0Javier Milei\u00a0de cara al balotaje con Sergio [&hellip;]<\/p>\n","protected":false},"author":2,"featured_media":2505,"comment_status":"open","ping_status":"open","sticky":true,"template":"","format":"standard","meta":[],"categories":[47],"tags":[],"_links":{"self":[{"href":"https:\/\/pasaenmendoza.com\/index.php?rest_route=\/wp\/v2\/posts\/2500"}],"collection":[{"href":"https:\/\/pasaenmendoza.com\/index.php?rest_route=\/wp\/v2\/posts"}],"about":[{"href":"https:\/\/pasaenmendoza.com\/index.php?rest_route=\/wp\/v2\/types\/post"}],"author":[{"embeddable":true,"href":"https:\/\/pasaenmendoza.com\/index.php?rest_route=\/wp\/v2\/users\/2"}],"replies":[{"embeddable":true,"href":"https:\/\/pasaenmendoza.com\/index.php?rest_route=%2Fwp%2Fv2%2Fcomments&post=2500"}],"version-history":[{"count":1,"href":"https:\/\/pasaenmendoza.com\/index.php?rest_route=\/wp\/v2\/posts\/2500\/revisions"}],"predecessor-version":[{"id":2506,"href":"https:\/\/pasaenmendoza.com\/index.php?rest_route=\/wp\/v2\/posts\/2500\/revisions\/2506"}],"wp:featuredmedia":[{"embeddable":true,"href":"https:\/\/pasaenmendoza.com\/index.php?rest_route=\/wp\/v2\/media\/2505"}],"wp:attachment":[{"href":"https:\/\/pasaenmendoza.com\/index.php?rest_route=%2Fwp%2Fv2%2Fmedia&parent=2500"}],"wp:term":[{"taxonomy":"category","embeddable":true,"href":"https:\/\/pasaenmendoza.com\/index.php?rest_route=%2Fwp%2Fv2%2Fcategories&post=2500"},{"taxonomy":"post_tag","embeddable":true,"href":"https:\/\/pasaenmendoza.com\/index.php?rest_route=%2Fwp%2Fv2%2Ftags&post=2500"}],"curies":[{"name":"wp","href":"https:\/\/api.w.org\/{rel}","templated":true}]}}