{"id":2504,"date":"2023-10-26T13:54:22","date_gmt":"2023-10-26T11:54:22","guid":{"rendered":"https:\/\/pasaenmendoza.com\/?p=2504"},"modified":"2023-10-26T13:54:22","modified_gmt":"2023-10-26T11:54:22","slug":"subieron-los-pasajes-de-media-distancia-ir-a-lavalle-cuesta-340-y-a-san-martin-400","status":"publish","type":"post","link":"https:\/\/pasaenmendoza.com\/?p=2504","title":{"rendered":"Subieron los pasajes de media distancia: ir a Lavalle cuesta $340 y a San Mart\u00edn $400"},"content":{"rendered":"\n<p>Tras la\u00a0<strong>suba del precio de los pasajes<\/strong>\u00a0del servicio urbano en Mendoza, el Ente de la Movilidad Provincial anunci\u00f3 este jueves el\u00a0<strong>aumento de un 71,4% en los valores del transporte p\u00fablico de pasajeros de media y larga distancia en la provincia.<\/strong><\/p>\n\n\n\n<p>Por ejemplo, el pasaje&nbsp;<strong>a Lavalle costar\u00e1 $340, a San Mart\u00edn $400, a Tunuy\u00e1n $820,<\/strong>&nbsp;a San Rafael $1.850 y a Malarg\u00fce, $3.460.<\/p>\n\n\n\n<p>En la resoluci\u00f3n que sali\u00f3 publicada este jueves en el&nbsp;<strong>bolet\u00edn oficial<\/strong>&nbsp;explican que la suba en los costos de los pasajes deber\u00e1 &#8220;adecuarse a las tarifas para el resto de los recorridos manteniendo una proporci\u00f3n promedio similar a la establecida para los recorridos urbanos&#8221;.<\/p>\n\n\n\n<p>Los precios<strong>\u00a0volver\u00edan a aumentar el 1 de diciembre y desde febrero<\/strong>.<\/p>\n\n\n\n<h2 class=\"wp-block-heading\">Algunos precios de los pasajes desde la terminal del de Mendoza<\/h2>\n\n\n\n<ul>\n<li>Rodeo del Medio: $160<\/li>\n\n\n\n<li>Luj\u00e1n $160<\/li>\n\n\n\n<li>Lavalle $340<\/li>\n\n\n\n<li>Ugarteche: $400<\/li>\n\n\n\n<li>San Mart\u00edn: $400<\/li>\n\n\n\n<li>Potrerillos $560<\/li>\n\n\n\n<li>Tunuy\u00e1n: $820<\/li>\n\n\n\n<li>La Paz: $1.120<\/li>\n\n\n\n<li>Puente del Inca $1630<\/li>\n\n\n\n<li>San Rafael: $1.850<\/li>\n\n\n\n<li>Malarg\u00fce: $3.460<\/li>\n<\/ul>\n\n\n\n<h2 class=\"wp-block-heading\">Los pasajes urbanos<\/h2>\n\n\n\n<p>Los nuevos&nbsp;<strong>valores de la tarifa<\/strong>&nbsp;-especifica el Ministerio de Planificaci\u00f3n- para el Servicio P\u00fablico de Transporte Regular de Pasajeros del \u00c1rea Metropolitana de Gran Mendoza Mediante \u00d3mnibus -incluido el Metrotranv\u00eda Urbano- tiene los siguientes&nbsp;<strong>precios<\/strong>:<\/p>\n\n\n\n<ul>\n<li>$120 a desde el lunes pasado<\/li>\n\n\n\n<li>$160 desde el 1 de diciembre<\/li>\n\n\n\n<li>$200 desde el primer d\u00eda de febrero<\/li>\n<\/ul>\n\n\n\n<p><strong>Fuente: www.diariouno.com.ar<\/strong><\/p>\n","protected":false},"excerpt":{"rendered":"<p>Tras la\u00a0suba del precio de los pasajes\u00a0del servicio urbano en Mendoza, el Ente de la Movilidad Provincial anunci\u00f3 este jueves el\u00a0aumento de un 71,4% en los valores del transporte p\u00fablico de pasajeros de media y larga distancia en la provincia. Por ejemplo, el pasaje&nbsp;a Lavalle costar\u00e1 $340, a San Mart\u00edn $400, a Tunuy\u00e1n $820,&nbsp;a San [&hellip;]<\/p>\n","protected":false},"author":2,"featured_media":2507,"comment_status":"open","ping_status":"open","sticky":false,"template":"","format":"standard","meta":[],"categories":[80],"tags":[],"_links":{"self":[{"href":"https:\/\/pasaenmendoza.com\/index.php?rest_route=\/wp\/v2\/posts\/2504"}],"collection":[{"href":"https:\/\/pasaenmendoza.com\/index.php?rest_route=\/wp\/v2\/posts"}],"about":[{"href":"https:\/\/pasaenmendoza.com\/index.php?rest_route=\/wp\/v2\/types\/post"}],"author":[{"embeddable":true,"href":"https:\/\/pasaenmendoza.com\/index.php?rest_route=\/wp\/v2\/users\/2"}],"replies":[{"embeddable":true,"href":"https:\/\/pasaenmendoza.com\/index.php?rest_route=%2Fwp%2Fv2%2Fcomments&post=2504"}],"version-history":[{"count":1,"href":"https:\/\/pasaenmendoza.com\/index.php?rest_route=\/wp\/v2\/posts\/2504\/revisions"}],"predecessor-version":[{"id":2509,"href":"https:\/\/pasaenmendoza.com\/index.php?rest_route=\/wp\/v2\/posts\/2504\/revisions\/2509"}],"wp:featuredmedia":[{"embeddable":true,"href":"https:\/\/pasaenmendoza.com\/index.php?rest_route=\/wp\/v2\/media\/2507"}],"wp:attachment":[{"href":"https:\/\/pasaenmendoza.com\/index.php?rest_route=%2Fwp%2Fv2%2Fmedia&parent=2504"}],"wp:term":[{"taxonomy":"category","embeddable":true,"href":"https:\/\/pasaenmendoza.com\/index.php?rest_route=%2Fwp%2Fv2%2Fcategories&post=2504"},{"taxonomy":"post_tag","embeddable":true,"href":"https:\/\/pasaenmendoza.com\/index.php?rest_route=%2Fwp%2Fv2%2Ftags&post=2504"}],"curies":[{"name":"wp","href":"https:\/\/api.w.org\/{rel}","templated":true}]}}