{"id":2508,"date":"2023-10-26T13:56:27","date_gmt":"2023-10-26T11:56:27","guid":{"rendered":"https:\/\/pasaenmendoza.com\/?p=2508"},"modified":"2023-10-26T13:56:27","modified_gmt":"2023-10-26T11:56:27","slug":"cambia-mendoza-defendio-la-neutralidad-para-el-balotaje","status":"publish","type":"post","link":"https:\/\/pasaenmendoza.com\/?p=2508","title":{"rendered":"Cambia Mendoza defendi\u00f3 la neutralidad para el balotaje"},"content":{"rendered":"\n<p>El frente oficialista provincial ratific\u00f3 que habr\u00e1 libertad de acci\u00f3n, pero minimizaron las cr\u00edticas internas.<\/p>\n\n\n\n<p>El mi\u00e9rcoles de alto voltaje pol\u00edtico comenz\u00f3 con una carta de&nbsp;<strong>Cambia Mendoza<\/strong>&nbsp;donde se afirm\u00f3 que no acompa\u00f1ar\u00e1 la candidatura de&nbsp;<strong>Sergio Massa<\/strong>&nbsp;y de<strong>&nbsp;Javier Milei<\/strong>&nbsp;de cara al balotaje del 19 de noviembre. Pero la postura no agrad\u00f3 a todos, por lo que durante el resto del d\u00eda distintos referentes fundamentaron la decisi\u00f3n de mantenerse ajenos, en un momento donde Patricia Bullrich expres\u00f3 su apoyo al libertario.<\/p>\n\n\n\n<p>Durante el mediod\u00eda, la f\u00f3rmula presidencial de<strong>&nbsp;Juntos por el Cambio<\/strong>,&nbsp;<mark>Bullrich y Luis Petri, anunciaron a t\u00edtulo personal que se encolumnar\u00e1n detr\u00e1s del candidato de La Libertad Avanza<\/mark>. El gesto fue un mazazo hacia el interior de JxC. Pasadas unas horas del anuncio, la mesa nacional de la&nbsp;<strong>Uni\u00f3n C\u00edvica Radical&nbsp;<\/strong>emiti\u00f3 un comunicado con la misma postura que tuvo Cambia Mendoza por la ma\u00f1ana: tomar distancia y dar libertad de acci\u00f3n.<\/p>\n\n\n\n<p>Ante las diferentes posturas internas y el crecimiento de los rumores de ruptura del frente opositor, distintas figuras del oficialismo mendocino se expresaron en relaci\u00f3n con el momento cr\u00edtico que se encuentra viviendo el espacio a nivel nacional y descartaron cualquier posibilidad de divisi\u00f3n dentro de la provincia.<\/p>\n\n\n\n<p>La vicegobernadora electa,&nbsp;<strong>Hebe Casado,<\/strong>&nbsp;defendi\u00f3 la postura de neutralidad tomada por CM y cont\u00f3 a&nbsp;<em>El Sol&nbsp;<\/em>que optaron por no comenzar con perseguir al que opina distinto en esta instancia decisiva, una suerte de libertad de acci\u00f3n, a la vez que minimiz\u00f3 los reclamos de dirigentes del PRO.<\/p>\n\n\n\n<p>\u201c<em>Dentro del Frente no quer\u00edamos que se comenzara una cacer\u00eda de brujas por ver qui\u00e9n votaba a quien. Por eso tomamos esa decisi\u00f3n y priorizamos la unidad de CM. La gente que se enoja por esta postura no est\u00e1 entendiendo el mensaje final<\/em>\u201d, sostuvo Casado.<\/p>\n\n\n\n<p>Por su parte, los intendentes electos de CM resaltaron la importancia de que Juntos por el Cambio ocupe el lugar que le otorg\u00f3 la sociedad post elecciones pero tambi\u00e9n de mantener la unidad a nivel nacional tras los resultados obtenidos en los comicios provinciales.<\/p>\n\n\n\n<p><strong>Alejandro Molero<\/strong>, de General Alvear, reconoci\u00f3 que\u00a0<em>\u201cdespu\u00e9s del 19 va a haber un nuevo reordenamiento dentro de Juntos por el Cambio. Es tiempo de nuevos liderazgos. Hay que aprovechar el fortalecimiento pol\u00edtico conseguido en cada elecci\u00f3n provincial y as\u00ed fortalecer la unidad<\/em>\u201c.<\/p>\n\n\n\n<p>\u201c<em>La sociedad nos posicion\u00f3 como oposici\u00f3n a nivel nacional y tenemos que cumplir con ese mandato. Hay que lograr un trabajo articulado con los 10 gobernadores que tiene JxC para lograr un mejor posicionamiento a nivel nacional<\/em>\u201d, grafic\u00f3&nbsp;<strong>Francisco Lo Presti&nbsp;<\/strong>(Las Heras).<\/p>\n\n\n\n<p>Por el lado del jefe comunal de&nbsp;<strong>Godoy Cruz<\/strong>,&nbsp;<strong>Diego Costarelli<\/strong>, inst\u00f3 a la unidad del frente pero tambi\u00e9n de ser una oposici\u00f3n consolidada a nivel nacional.<\/p>\n\n\n\n<p>\u201c<em>Nosotros interpretamos el mensaje de la gente y es que seamos oposici\u00f3n a nivel nacional. Estamos dando una neutralidad y centralidad a una liga de gobernadores, que manteni\u00e9ndose unidas, pueden generar todo el tiempo una alternativa de oposici\u00f3n al gobierno que vaya a venir<\/em>\u201d, explay\u00f3 Costarelli.<\/p>\n\n\n\n<p>Respecto a la posici\u00f3n tomada por Cambia Mendoza como la UCR nacional,&nbsp;<strong>Marcos Calvente<\/strong>&nbsp;(Guaymall\u00e9n) desliz\u00f3 que fue una decisi\u00f3n acertada de cara a la divisi\u00f3n de poder pol\u00edtico que tendr\u00e1 la Argentina en los pr\u00f3ximos cuatro a\u00f1os.<\/p>\n\n\n\n<p>\u201c<em>Tanto yo como el resto de los intendentes tenemos que defender los intereses de los municipios como los gobernadores de sus provincias y mantener una neutralidad, es dar una alternativa a la diversificaci\u00f3n de poder que va habar en la Argentina despu\u00e9s del 19 de noviembre<\/em>\u201d, finaliz\u00f3.<\/p>\n\n\n\n<h2 class=\"wp-block-heading\" id=\"h-evitar-los-roces-internos\">Evitar los roces internos<\/h2>\n\n\n\n<p>Para los legisladores,&nbsp;<strong>Andr\u00e9s Lombardi&nbsp;<\/strong>y&nbsp;<strong>Mart\u00edn Kerchner<\/strong>, reconocen que pueden darse roces internos por el contexto que se encuentra el pa\u00eds pero no es momento para la especulaci\u00f3n pol\u00edtica y desde Cambia Mendoza hay que concentrarse en gestionar la provincia.<\/p>\n\n\n\n<p>\u201c<em>No veo sentido tener una discusi\u00f3n interna por este tema. Cada uno es libre de apoyar a quien quiera. Seguramente tengamos diferencias pero hay que dejar de lado la especulaci\u00f3n y concentrarnos en gobernar que para eso nos eligi\u00f3 la gente<\/em>\u201d, desliz\u00f3 el senador provincial al frente del bloque en la Legislatura.<\/p>\n\n\n\n<p>Mientras que el presidente de la C\u00e1mara de Diputados revalid\u00f3 que se podr\u00e1 elegir de manera individual, porque as\u00ed lo dispuso la coalici\u00f3n:\u00a0<em>\u201cSon malos entendidos del momento. Nosotros dimos la libertad a que apoyen a quien quiera. Vamos a tener un a\u00f1o muy dif\u00edcil para estar tonteando con la pol\u00edtica. Nos tenemos que concentrar en gestionar<\/em>\u201d.<\/p>\n\n\n\n<p>FUENTE: elsol.com.ar<\/p>\n","protected":false},"excerpt":{"rendered":"<p>El frente oficialista provincial ratific\u00f3 que habr\u00e1 libertad de acci\u00f3n, pero minimizaron las cr\u00edticas internas. El mi\u00e9rcoles de alto voltaje pol\u00edtico comenz\u00f3 con una carta de&nbsp;Cambia Mendoza&nbsp;donde se afirm\u00f3 que no acompa\u00f1ar\u00e1 la candidatura de&nbsp;Sergio Massa&nbsp;y de&nbsp;Javier Milei&nbsp;de cara al balotaje del 19 de noviembre. Pero la postura no agrad\u00f3 a todos, por lo que [&hellip;]<\/p>\n","protected":false},"author":2,"featured_media":2511,"comment_status":"open","ping_status":"open","sticky":true,"template":"","format":"standard","meta":[],"categories":[47],"tags":[],"_links":{"self":[{"href":"https:\/\/pasaenmendoza.com\/index.php?rest_route=\/wp\/v2\/posts\/2508"}],"collection":[{"href":"https:\/\/pasaenmendoza.com\/index.php?rest_route=\/wp\/v2\/posts"}],"about":[{"href":"https:\/\/pasaenmendoza.com\/index.php?rest_route=\/wp\/v2\/types\/post"}],"author":[{"embeddable":true,"href":"https:\/\/pasaenmendoza.com\/index.php?rest_route=\/wp\/v2\/users\/2"}],"replies":[{"embeddable":true,"href":"https:\/\/pasaenmendoza.com\/index.php?rest_route=%2Fwp%2Fv2%2Fcomments&post=2508"}],"version-history":[{"count":1,"href":"https:\/\/pasaenmendoza.com\/index.php?rest_route=\/wp\/v2\/posts\/2508\/revisions"}],"predecessor-version":[{"id":2512,"href":"https:\/\/pasaenmendoza.com\/index.php?rest_route=\/wp\/v2\/posts\/2508\/revisions\/2512"}],"wp:featuredmedia":[{"embeddable":true,"href":"https:\/\/pasaenmendoza.com\/index.php?rest_route=\/wp\/v2\/media\/2511"}],"wp:attachment":[{"href":"https:\/\/pasaenmendoza.com\/index.php?rest_route=%2Fwp%2Fv2%2Fmedia&parent=2508"}],"wp:term":[{"taxonomy":"category","embeddable":true,"href":"https:\/\/pasaenmendoza.com\/index.php?rest_route=%2Fwp%2Fv2%2Fcategories&post=2508"},{"taxonomy":"post_tag","embeddable":true,"href":"https:\/\/pasaenmendoza.com\/index.php?rest_route=%2Fwp%2Fv2%2Ftags&post=2508"}],"curies":[{"name":"wp","href":"https:\/\/api.w.org\/{rel}","templated":true}]}}