{"id":2510,"date":"2023-10-26T14:11:04","date_gmt":"2023-10-26T12:11:04","guid":{"rendered":"https:\/\/pasaenmendoza.com\/?p=2510"},"modified":"2023-10-26T14:11:05","modified_gmt":"2023-10-26T12:11:05","slug":"santa-rosa-sera-sede-de-la-gran-final-del-campeonato-mendocino-de-ajedrez","status":"publish","type":"post","link":"https:\/\/pasaenmendoza.com\/?p=2510","title":{"rendered":"Santa Rosa ser\u00e1 sede de la gran final del campeonato mendocino de ajedrez"},"content":{"rendered":"\n<p>La final del \u201c<strong>Campeonato Mendocino de Ajedrez<\/strong>\u00a0In Memoriam Eduardo Hualpa\u201d se realizar\u00e1 en Santa Rosa con el objetivo de promover el desarrollo y la difusi\u00f3n del\u00a0<strong>ajedrez<\/strong>\u00a0en la regi\u00f3n este, para poder as\u00ed fomentar el intercambio cultural y deportivo entre jugadores de diferentes regiones de la\u00a0<strong>provincia<\/strong>.\u00a0<\/p>\n\n\n\n<h2 class=\"wp-block-heading\">Los or\u00edgenes del Campeonato Mendocino<\/h2>\n\n\n\n<p>El C<strong>ampeonato Mendocino de Ajedrez<\/strong>\u00a0es uno de los torneos m\u00e1s tradicionales del pa\u00eds, de mayor prestigio, y que ha dado a este deporte-ciencia numerosos maestros de prestigio nacional e internacional. Ser campe\u00f3n\u00a0<strong>mendocino<\/strong>\u00a0es un t\u00edtulo para toda la vida. Al punto que desde hace a\u00f1os, los campeones obtienen el t\u00edtulo honor\u00edfico de\u00a0<strong>Maestro Mendocino<\/strong>.<\/p>\n\n\n\n<p>Este a\u00f1o, y luego de un proceso de clasificaci\u00f3n que tuvo instancias en el sur provincial, el Valle de Uco y las zonas Este y\u00a0<strong>Gran Mendoza<\/strong>, la final entre los ocho mejores se jugar\u00e1 entre el 2 y el 5 de noviembre en Santa Rosa. La\u00a0<strong>Federaci\u00f3n Mendocina de Ajedrez<\/strong>, conducida por Raquel Herrera, compuls\u00f3 las sedes posibles tal como se hace con los grandes torneos del mundo. Fue Santa Rosa la que hizo la mejor oferta que incluye traslados, alojamientos, log\u00edstica general del juego y premios.\u00a0<\/p>\n\n\n\n<h2 class=\"wp-block-heading\">Los participantes<\/h2>\n\n\n\n<p>Los participantes ser\u00e1n ocho. El MI Alejandro Needleman (58), quien llevaba a\u00f1os casi retirado del\u00a0<strong>ajedrez<\/strong>, gan\u00f3 una de las mangas clasificatorias y ya ha sido campe\u00f3n mendocino varias veces, el veterano abogado Andr\u00e9s Forestani, el ex campe\u00f3n MF Cristian Luconi, ser\u00e1n los \u201cveteranos\u201d del evento.<\/p>\n\n\n\n<h2 class=\"wp-block-heading\">Muy expertos y de gran nivel<\/h2>\n\n\n\n<p>Desde el sur llegan los j\u00f3venes talentos Camilo Lieby y \u00c1lvaro Acu\u00f1a. Leandro Quiroga -otro joven- llega desde el valle de Uco. Se suman a Jorge Leal (de reciente radicaci\u00f3n en la zona y gran carrera), e Indalecio L\u00f3pez Miller. Cinco \u201csub 30\u201d y tres veteranos componen la gran final.<\/p>\n\n\n\n<p>En orden de fuerza (rating ELO, que es la medida universal que reconoce la&nbsp;<strong>Federaci\u00f3n Internacional de Ajedrez<\/strong>, los candidatos se ordenan as\u00ed:<\/p>\n\n\n\n<ol>\n<li>MF Cristian Luconi (45 a\u00f1os, 2238 ELO).<\/li>\n\n\n\n<li>IM Alejandro Needleman (58 a\u00f1os, 2220 ELO).<\/li>\n\n\n\n<li>Andr\u00e9s Forestani (65 a\u00f1os, 2174 ELO).<\/li>\n\n\n\n<li>Alvaro Acu\u00f1a (24 a\u00f1os, 2047 ELO).<\/li>\n\n\n\n<li>Indalecio L\u00f3pez Miller (26 a\u00f1os, 2036 ELO).<\/li>\n\n\n\n<li>Jorge Leal (25 a\u00f1os, 1992 ELO).<\/li>\n\n\n\n<li>Camilo Lieby (16 a\u00f1os, 1870 ELO).<\/li>\n\n\n\n<li>Leandro Quiroga (27 a\u00f1os, 1707 ELO).<\/li>\n<\/ol>\n\n\n\n<p>El r\u00e1nking y la edad son s\u00f3lo para tener una idea de la fuerza y las chances de cada uno, ya que el pareo (n\u00famero de orden inicial que determinar\u00e1 las partidas de cada ronda, y qui\u00e9nes llevar\u00e1n piezas blancas o negras contra sus rivales), se har\u00e1 el d\u00eda 19 de este mes en la sede de la Asociaci\u00f3n Bancaria, Espa\u00f1a 1234 de la&nbsp;<strong>Ciudad de Mendoza<\/strong>.<\/p>\n\n\n\n<p>Estar\u00e1 la anfitriona de la final del\u00a0<strong>Campeonato Mendocino de Ajedrez<\/strong>, la intendente de Santa Rosa Mar\u00eda Flor Dest\u00e9fanis, los jugadores, invitados y p\u00fablico, y el director del torneo, MF Jorge Luis Fern\u00e1ndez. En ese momento se har\u00e1 el lanzamiento del torneo.<\/p>\n\n\n\n<p><strong>Fuente: www.mdzol.com<\/strong><\/p>\n","protected":false},"excerpt":{"rendered":"<p>La final del \u201cCampeonato Mendocino de Ajedrez\u00a0In Memoriam Eduardo Hualpa\u201d se realizar\u00e1 en Santa Rosa con el objetivo de promover el desarrollo y la difusi\u00f3n del\u00a0ajedrez\u00a0en la regi\u00f3n este, para poder as\u00ed fomentar el intercambio cultural y deportivo entre jugadores de diferentes regiones de la\u00a0provincia.\u00a0 Los or\u00edgenes del Campeonato Mendocino El Campeonato Mendocino de Ajedrez\u00a0es [&hellip;]<\/p>\n","protected":false},"author":2,"featured_media":2519,"comment_status":"open","ping_status":"open","sticky":false,"template":"","format":"standard","meta":[],"categories":[50],"tags":[],"_links":{"self":[{"href":"https:\/\/pasaenmendoza.com\/index.php?rest_route=\/wp\/v2\/posts\/2510"}],"collection":[{"href":"https:\/\/pasaenmendoza.com\/index.php?rest_route=\/wp\/v2\/posts"}],"about":[{"href":"https:\/\/pasaenmendoza.com\/index.php?rest_route=\/wp\/v2\/types\/post"}],"author":[{"embeddable":true,"href":"https:\/\/pasaenmendoza.com\/index.php?rest_route=\/wp\/v2\/users\/2"}],"replies":[{"embeddable":true,"href":"https:\/\/pasaenmendoza.com\/index.php?rest_route=%2Fwp%2Fv2%2Fcomments&post=2510"}],"version-history":[{"count":1,"href":"https:\/\/pasaenmendoza.com\/index.php?rest_route=\/wp\/v2\/posts\/2510\/revisions"}],"predecessor-version":[{"id":2520,"href":"https:\/\/pasaenmendoza.com\/index.php?rest_route=\/wp\/v2\/posts\/2510\/revisions\/2520"}],"wp:featuredmedia":[{"embeddable":true,"href":"https:\/\/pasaenmendoza.com\/index.php?rest_route=\/wp\/v2\/media\/2519"}],"wp:attachment":[{"href":"https:\/\/pasaenmendoza.com\/index.php?rest_route=%2Fwp%2Fv2%2Fmedia&parent=2510"}],"wp:term":[{"taxonomy":"category","embeddable":true,"href":"https:\/\/pasaenmendoza.com\/index.php?rest_route=%2Fwp%2Fv2%2Fcategories&post=2510"},{"taxonomy":"post_tag","embeddable":true,"href":"https:\/\/pasaenmendoza.com\/index.php?rest_route=%2Fwp%2Fv2%2Ftags&post=2510"}],"curies":[{"name":"wp","href":"https:\/\/api.w.org\/{rel}","templated":true}]}}