{"id":2516,"date":"2023-10-26T14:06:59","date_gmt":"2023-10-26T12:06:59","guid":{"rendered":"https:\/\/pasaenmendoza.com\/?p=2516"},"modified":"2023-10-26T14:07:00","modified_gmt":"2023-10-26T12:07:00","slug":"como-va-el-poroteo-politico-mendocino-en-torno-a-quien-apoyar-en-el-balotaje","status":"publish","type":"post","link":"https:\/\/pasaenmendoza.com\/?p=2516","title":{"rendered":"C\u00f3mo va el poroteo pol\u00edtico mendocino en torno a qui\u00e9n apoyar en el balotaje"},"content":{"rendered":"\n<p>La decisi\u00f3n de Cambia Mendoza de declarar\u00a0la\u00a0<strong>neutralidad ante las candidaturas de Sergio Massa y Javier Milei<\/strong>\u00a0a la presidencia, anterior a la definici\u00f3n de\u00a0<strong>Patricia Bullrich y Luis Petri<\/strong>\u00a0de apoyar al libertario, implica -de acuerdo con lo establecido por sus dirigentes- un\u00a0<strong>ordenamiento de posiciones<\/strong>: son oposici\u00f3n como bloque,\u00a0<strong>se mantiene una identidad propia que no se puede mezclar y cada quien, en su individualidad, vota como le parece<\/strong>.<\/p>\n\n\n\n<p>El documento surgido por la ma\u00f1ana de ayer con la firma de\u00a0<strong>Alfredo Cornejo y Rodolfo Suarez<\/strong>, sus vicegobernadores, intendentes y autoridades legislativas no dice nada en contra de la libertad de acci\u00f3n, pero tampoco orienta el voto. De hecho, por la noche\u00a0<strong>Hebe Casado<\/strong>, vicegobernadora electa,\u00a0anunci\u00f3 su intenci\u00f3n personal -seg\u00fan remarc\u00f3- de votar por Milei.<\/p>\n\n\n\n<p>En Buenos Aires todo fue m\u00e1s \u00e1spero.\u00a0<strong>El PRO se parti\u00f3 notoriamente<\/strong>, ya que su presidenta, Patricia Bullrich, sigui\u00f3 el lineamiento en favor del libertario que ya ven\u00eda marcando desde antes de las elecciones\u00a0<strong>Mauricio Macri<\/strong>. Se sum\u00f3 el radical mendocino Luis Petri, como compa\u00f1ero de f\u00f3rmula, quien fue &#8220;apedreado&#8221; desde el radicalismo y \u00e9l se defendi\u00f3 con los 6.200.000 votos que obtuvo en las elecciones y asegur\u00f3 que milita en la UCR &#8220;desde los 14 a\u00f1os&#8221;, por lo que nadie lo va a echar.\u00a0<strong>Horacio Rodr\u00edguez Larreta se desmarc\u00f3 definitivamente del resto del PRO<\/strong>, que vive momentos redefinitorios.<\/p>\n\n\n\n<p><strong>La UCR se intent\u00f3 victimizar de las decisiones de su principal socio, con Gerardo Morales y Mart\u00edn Lousteau como voceros<\/strong>. Pero a poco de andar, este \u00faltimo pareci\u00f3 inclinarse hacia un voto a&nbsp;<strong>Sergio Massa<\/strong>, lo cual desconfigur\u00f3 el comunicado neutralista que emiti\u00f3 como partido.<\/p>\n\n\n\n<p>La\u00a0<strong>l\u00ednea de conducta m\u00e1s conducente\u00a0<\/strong>la pareci\u00f3 mostrar la\u00a0<strong>Liga de Gobernadores<\/strong>: all\u00ed\u00a0<strong>Alfredo Cornejo sostuvo la neutralidad como n\u00facleo, la vigencia del nombre Juntos por el Cambio con los que queden y con 10 gobernadores al frente<\/strong>, y hasta\u00a0<strong>defendi\u00f3 a Patricia Bullrich\u00a0<\/strong>por su decisi\u00f3n personal que no compromete al conjunto. Consigui\u00f3 que el gobernador electo de Santa Fe\u00a0<strong>Maximiliano Pullaro desistiera de apoyar a alg\u00fan candidato\u00a0<\/strong>y se alinearon todos, incluyendo al macrista porte\u00f1o\u00a0<strong>Jorge Macri<\/strong>, en un polo de liderazgo desde los cargos de gesti\u00f3n institucional, distinto al picudeo y picoteo de los dirigentes partidarios.<\/p>\n\n\n\n<p>A nivel pol\u00edtico, se constituy\u00f3 una especie de &#8220;<strong>federaci\u00f3n de posicionamientos personales&#8221;<\/strong>.&nbsp;<strong>La Liga de Gobernadores, ante eso, se propone como un corpus de racionalidad.<\/strong><\/p>\n\n\n\n<h3 class=\"wp-block-heading\">Los mendocinos<\/h3>\n\n\n\n<p>Mientras todo esto pasaba a nivel nacional, en Mendoza se produc\u00edan realineamientos en cuanto al voto.<\/p>\n\n\n\n<p>As\u00ed como lo hiciera Casado, sin sacar los pies del plato que hab\u00eda metido al firmar el documento de &#8220;neutralidad&#8221;, pero con opini\u00f3n personal, comenz\u00f3 un desmarque personal.<\/p>\n\n\n\n<p><strong>Enrique Thomas<\/strong>, exfuncionario de Bullrich y estrecho colaborador, fue el primero en levantar la mano para apoyarla en su decisi\u00f3n.<\/p>\n\n\n\n<p>Lo hizo&nbsp;<strong>Activ\u00e1 Mendoza<\/strong>, los socios empresarios que son socios de Cambia Mendoza, desde donde anunciaron que prefieren &#8220;cambio a continuidad&#8221; y apoyar\u00e1n a Milei. Se trata de&nbsp;<strong>Rodolfo Vargas Arizu, Carina Ganam, Andr\u00e9s Vavrik y Mauricio Badaloni<\/strong>, entre otros.<\/p>\n\n\n\n<p>Dentro del PRO local, un nuevo afiliado como&nbsp;<strong>Guillermo Mosso&nbsp;<\/strong>hizo lo propio, al igual que&nbsp;<strong>Sol Salinas<\/strong>.<\/p>\n\n\n\n<p>Desde el lopezmurphysmo,&nbsp;<strong>Sergio Miranda<\/strong>&nbsp;tambi\u00e9n anunci\u00f3 su voto por Milei.<\/p>\n\n\n\n<p><strong>Pablo Priore<\/strong>, que responde al sector Propuesta Participativa del PRO que conduce Hebe Casado, hab\u00eda dicho antes de que su referente se inclinara por decir su voto personal lo siguiente: &#8220;Creo que es un error tomar posiciones personales. Como PRO correremos riesgo si gana Massa de ser una oposici\u00f3n fragmentada que s\u00f3lo beneficia al oficialismo. Es el partido que desde sus \u00f3rganos se tiene que expedir sobre qu\u00e9 posici\u00f3n tomar&#8221;. Pero el &#8220;partido&#8221; como tal estall\u00f3 en mil egos.<\/p>\n\n\n\n<p>En el radicalismo, adem\u00e1s, sorprendi\u00f3 que&nbsp;<strong>Julio Cobos<\/strong>, a quien se ve\u00eda cercano a Massa junto a Morales, anunciara en las redes que se cuadraba, junto a todos los diputados nacionales de Cambia Mendoza, al documento impulsado por Cornejo en torno a la neutralidad.<\/p>\n\n\n\n<p>En las redes se dieron peque\u00f1os debates contrarios a esa posici\u00f3n, pero que son colaterales. Se difundi\u00f3 el audio del concejal alvearense radical oriundo de Bowen&nbsp;<strong>Hern\u00e1n Climent, jugad\u00edsimo por Massa<\/strong>. Al igual que en Facebook, el expresidente de la C\u00e1mara de Diputados,&nbsp;<strong>Andr\u00e9s Mar\u00edn, que dijo que &#8220;ser neutrales es como mirarse el ombligo&#8221;.<\/strong><\/p>\n\n\n\n<p>En tanto, por Sergio Massa ya se inclinaron el intendente lasherino&nbsp;<strong>Daniel Orozco<\/strong>, que hasta fue a Buenos Aires en medio del caos municipal junto a su pareja, secretaria de Gobierno y diputada electa por el demarchismo,&nbsp;<strong>Janina Ortiz<\/strong>, para apoyar al ministro de Econom\u00eda del peronismo.<\/p>\n\n\n\n<p>Lo propio, se sabe, hizo velozmente&nbsp;<strong>Jorge Difonso<\/strong>&nbsp;con sus seguidores sancarlinos, el actual intendente&nbsp;<strong>Rolando Scanio&nbsp;<\/strong>y el futuro,&nbsp;<strong>Alejandro Morillas.<\/strong><\/p>\n\n\n\n<p>Y as\u00ed, minuto a minuto, se reconfigura el espacio pol\u00edtico, entre reacciones viscerales por un lado, que parecen temporarias, y quiene seguramente se radicar\u00e1n en otros partidos si es que ganan, asegur\u00e1ndose refugio en el Estado por un tiempo m\u00e1s.<\/p>\n\n\n\n<p>FUENTE: memo.com.ar <\/p>\n","protected":false},"excerpt":{"rendered":"<p>La decisi\u00f3n de Cambia Mendoza de declarar\u00a0la\u00a0neutralidad ante las candidaturas de Sergio Massa y Javier Milei\u00a0a la presidencia, anterior a la definici\u00f3n de\u00a0Patricia Bullrich y Luis Petri\u00a0de apoyar al libertario, implica -de acuerdo con lo establecido por sus dirigentes- un\u00a0ordenamiento de posiciones: son oposici\u00f3n como bloque,\u00a0se mantiene una identidad propia que no se puede mezclar [&hellip;]<\/p>\n","protected":false},"author":2,"featured_media":2517,"comment_status":"open","ping_status":"open","sticky":true,"template":"","format":"standard","meta":[],"categories":[47],"tags":[],"_links":{"self":[{"href":"https:\/\/pasaenmendoza.com\/index.php?rest_route=\/wp\/v2\/posts\/2516"}],"collection":[{"href":"https:\/\/pasaenmendoza.com\/index.php?rest_route=\/wp\/v2\/posts"}],"about":[{"href":"https:\/\/pasaenmendoza.com\/index.php?rest_route=\/wp\/v2\/types\/post"}],"author":[{"embeddable":true,"href":"https:\/\/pasaenmendoza.com\/index.php?rest_route=\/wp\/v2\/users\/2"}],"replies":[{"embeddable":true,"href":"https:\/\/pasaenmendoza.com\/index.php?rest_route=%2Fwp%2Fv2%2Fcomments&post=2516"}],"version-history":[{"count":1,"href":"https:\/\/pasaenmendoza.com\/index.php?rest_route=\/wp\/v2\/posts\/2516\/revisions"}],"predecessor-version":[{"id":2518,"href":"https:\/\/pasaenmendoza.com\/index.php?rest_route=\/wp\/v2\/posts\/2516\/revisions\/2518"}],"wp:featuredmedia":[{"embeddable":true,"href":"https:\/\/pasaenmendoza.com\/index.php?rest_route=\/wp\/v2\/media\/2517"}],"wp:attachment":[{"href":"https:\/\/pasaenmendoza.com\/index.php?rest_route=%2Fwp%2Fv2%2Fmedia&parent=2516"}],"wp:term":[{"taxonomy":"category","embeddable":true,"href":"https:\/\/pasaenmendoza.com\/index.php?rest_route=%2Fwp%2Fv2%2Fcategories&post=2516"},{"taxonomy":"post_tag","embeddable":true,"href":"https:\/\/pasaenmendoza.com\/index.php?rest_route=%2Fwp%2Fv2%2Ftags&post=2516"}],"curies":[{"name":"wp","href":"https:\/\/api.w.org\/{rel}","templated":true}]}}