{"id":2521,"date":"2023-10-26T14:37:29","date_gmt":"2023-10-26T12:37:29","guid":{"rendered":"https:\/\/pasaenmendoza.com\/?p=2521"},"modified":"2023-10-26T14:37:30","modified_gmt":"2023-10-26T12:37:30","slug":"pronostico-en-mendoza-tormentas-severas-y-alerta-por-viento","status":"publish","type":"post","link":"https:\/\/pasaenmendoza.com\/?p=2521","title":{"rendered":"Pron\u00f3stico en Mendoza: tormentas severas y alerta por viento"},"content":{"rendered":"\n<p>Este&nbsp;<strong>jueves<\/strong>&nbsp;se presenta en el Gran Mendoza con nubosidad variable y ascenso de la temperatura (<mark>la m\u00ednima ser\u00e1 de 12 grados y la m\u00e1xima de 29<\/mark>). Adem\u00e1s, la Direcci\u00f3n de Agricultura y Contingencias Clim\u00e1ticas adviertes sobre \u201ctormentas severas afectando oasis cultivados\u201d.<\/p>\n\n\n\n<p>Para el<strong>\u00a0viernes<\/strong>\u00a0se pronostica: \u201cInestable con nubosidad variable y poco cambio de la temperatura, vientos leves del noreste\u201d.\u00a0<mark>La m\u00ednima ser\u00e1 de 13 grados y la m\u00e1xima de 28.<\/mark><\/p>\n\n\n\n<p>Por su parte, el\u00a0<strong>Servicio Meteorol\u00f3gico Nacional (SMN)\u00a0<\/strong>indic\u00f3\u00a0<mark>alerta amarilla por\u00a0<strong>viento.<\/strong>\u00a0<\/mark>El fen\u00f3meno se registrar\u00e1 en la zona cordillerana de Malarg\u00fce y San Rafael.<\/p>\n\n\n\n<p>El\u00a0<strong>s\u00e1bado<\/strong>\u00a0habr\u00e1 nubosidad variable, con\u00a0<mark>viento<strong>\u00a0Zonda\u00a0<\/strong>en el llano de intensidad moderada a fuerte<\/mark>\u00a0y nevadas en cordillera. La m\u00ednima ser\u00e1 de 14 grados y la m\u00e1xima de 32.<\/p>\n\n\n\n<p>La situaci\u00f3n en alta monta\u00f1a<\/p>\n\n\n\n<p>El&nbsp;<strong>Sistema Integrado Cristo Redentor<\/strong>&nbsp;se encuentra&nbsp;<mark>habilitado<\/mark>&nbsp;para todo tipo de veh\u00edculos, durante las 24 horas.<\/p>\n\n\n\n<p>El<strong>\u00a0paso Pehuenche<\/strong>\u00a0est\u00e1<mark>\u00a0cerrado<\/mark>, por tiempo indeterminado.<\/p>\n\n\n\n<p><strong>Fuente: www.elsol.com.ar<\/strong><\/p>\n","protected":false},"excerpt":{"rendered":"<p>Este&nbsp;jueves&nbsp;se presenta en el Gran Mendoza con nubosidad variable y ascenso de la temperatura (la m\u00ednima ser\u00e1 de 12 grados y la m\u00e1xima de 29). Adem\u00e1s, la Direcci\u00f3n de Agricultura y Contingencias Clim\u00e1ticas adviertes sobre \u201ctormentas severas afectando oasis cultivados\u201d. Para el\u00a0viernes\u00a0se pronostica: \u201cInestable con nubosidad variable y poco cambio de la temperatura, vientos leves [&hellip;]<\/p>\n","protected":false},"author":2,"featured_media":2522,"comment_status":"open","ping_status":"open","sticky":false,"template":"","format":"standard","meta":[],"categories":[52],"tags":[],"_links":{"self":[{"href":"https:\/\/pasaenmendoza.com\/index.php?rest_route=\/wp\/v2\/posts\/2521"}],"collection":[{"href":"https:\/\/pasaenmendoza.com\/index.php?rest_route=\/wp\/v2\/posts"}],"about":[{"href":"https:\/\/pasaenmendoza.com\/index.php?rest_route=\/wp\/v2\/types\/post"}],"author":[{"embeddable":true,"href":"https:\/\/pasaenmendoza.com\/index.php?rest_route=\/wp\/v2\/users\/2"}],"replies":[{"embeddable":true,"href":"https:\/\/pasaenmendoza.com\/index.php?rest_route=%2Fwp%2Fv2%2Fcomments&post=2521"}],"version-history":[{"count":1,"href":"https:\/\/pasaenmendoza.com\/index.php?rest_route=\/wp\/v2\/posts\/2521\/revisions"}],"predecessor-version":[{"id":2523,"href":"https:\/\/pasaenmendoza.com\/index.php?rest_route=\/wp\/v2\/posts\/2521\/revisions\/2523"}],"wp:featuredmedia":[{"embeddable":true,"href":"https:\/\/pasaenmendoza.com\/index.php?rest_route=\/wp\/v2\/media\/2522"}],"wp:attachment":[{"href":"https:\/\/pasaenmendoza.com\/index.php?rest_route=%2Fwp%2Fv2%2Fmedia&parent=2521"}],"wp:term":[{"taxonomy":"category","embeddable":true,"href":"https:\/\/pasaenmendoza.com\/index.php?rest_route=%2Fwp%2Fv2%2Fcategories&post=2521"},{"taxonomy":"post_tag","embeddable":true,"href":"https:\/\/pasaenmendoza.com\/index.php?rest_route=%2Fwp%2Fv2%2Ftags&post=2521"}],"curies":[{"name":"wp","href":"https:\/\/api.w.org\/{rel}","templated":true}]}}