{"id":2533,"date":"2023-10-27T13:16:53","date_gmt":"2023-10-27T11:16:53","guid":{"rendered":"https:\/\/pasaenmendoza.com\/?p=2533"},"modified":"2023-10-27T13:16:54","modified_gmt":"2023-10-27T11:16:54","slug":"los-recolectores-de-basura-de-las-heras-levantaron-el-paro-despues-de-96-horas","status":"publish","type":"post","link":"https:\/\/pasaenmendoza.com\/?p=2533","title":{"rendered":"Los recolectores de basura de Las Heras levantaron el paro despu\u00e9s de 96 horas"},"content":{"rendered":"\n<p>La\u00a0<strong>recolecci\u00f3n de basura en Las Heras<\/strong>\u00a0comenz\u00f3 a normalizarse este mi\u00e9rcoles por la noche, despu\u00e9s de que los trabajadores y el sindicato de Camioneros levantaran\u00a0<strong>el paro que llevaba 96 horas<\/strong>. El secretario de Obras y Servicios P\u00fablicos de la Municipalidad,\u00a0<strong>Mart\u00edn Bustos<\/strong>, anticip\u00f3 que se espera que el viernes est\u00e9n levantados todos los residuos del departamento.<\/p>\n\n\n\n<p><strong>Una reuni\u00f3n en la Subsecretar\u00eda de Trabajo fue la clave para que se destrabe el conflicto<\/strong>. Seg\u00fan cont\u00f3 Bustos a&nbsp;<strong>Diario UNO<\/strong>, la empresa Selfix, encargada de operar el pozo de El Borboll\u00f3n, se comprometi\u00f3 a&nbsp;<strong>reincorporar a los 16 empleados que hab\u00edan sido desvinculados a fines de julio<\/strong>. Con este acuerdo, el gremio acept\u00f3 levantar el paro y desbloquear la salida de camiones recolectores del predio de Vitsa.<\/p>\n\n\n\n<p>&#8220;Del encuentro particip\u00f3\u00a0<strong>Romina P\u00e9rez<\/strong>, en representaci\u00f3n de Emos, la empresa municipal que contrat\u00f3 a Selfix; esta firma, el sindicato y personal de la Subsecretar\u00eda&#8221;, cont\u00f3 Bustos ya con la noticia de que los primeros camiones ya hab\u00edan salido para comenzar la recolecci\u00f3n que estuvo pr\u00e1cticamente\u00a0<strong>frenada durante cuatro d\u00edas<\/strong>.<\/p>\n\n\n\n<p>Para intentar contrarrestar los efectos de la medida de fuerza,<strong>\u00a0el intendente Daniel Orozco puso en estos d\u00edas a un equipo de municipales a levantar la basura con camiones volcadores<\/strong>, a cambio de un incentivo en dinero.<\/p>\n\n\n\n<h2 class=\"wp-block-heading\">Las Heras confirm\u00f3 la vuelta al trabajo para levantar la basura en 24 horas<\/h2>\n\n\n\n<p>Debido a la situaci\u00f3n excepcional que atraviesa el municipio, con la basura de tres d\u00edas acumulada en las calles (municipales aminoraron un poco la tarea pero no fue suficiente),&nbsp;<strong>Vitsa har\u00e1 la recolecci\u00f3n a lo largo de la noche del jueves y todo el viernes.<\/strong>&nbsp;&#8220;La planta de El Borboll\u00f3n cierra los s\u00e1bados a la tarde, as\u00ed que es importante que terminen con el trabajo acumulado antes de eso&#8221;, dijo Bustos.<\/p>\n\n\n\n<p>La reuni\u00f3n que lleg\u00f3 a buen puerto evit\u00f3 que se avanzara con la conciliaci\u00f3n obligatoria, pedido que Orozco hab\u00eda hecho a la Subsecretar\u00eda de Trabajo el mi\u00e9rcoles por la ma\u00f1ana.<\/p>\n\n\n\n<p><strong>Fuente: www.diariouno.com.ar<\/strong><\/p>\n","protected":false},"excerpt":{"rendered":"<p>La\u00a0recolecci\u00f3n de basura en Las Heras\u00a0comenz\u00f3 a normalizarse este mi\u00e9rcoles por la noche, despu\u00e9s de que los trabajadores y el sindicato de Camioneros levantaran\u00a0el paro que llevaba 96 horas. El secretario de Obras y Servicios P\u00fablicos de la Municipalidad,\u00a0Mart\u00edn Bustos, anticip\u00f3 que se espera que el viernes est\u00e9n levantados todos los residuos del departamento. Una [&hellip;]<\/p>\n","protected":false},"author":2,"featured_media":2534,"comment_status":"open","ping_status":"open","sticky":false,"template":"","format":"standard","meta":[],"categories":[50],"tags":[],"_links":{"self":[{"href":"https:\/\/pasaenmendoza.com\/index.php?rest_route=\/wp\/v2\/posts\/2533"}],"collection":[{"href":"https:\/\/pasaenmendoza.com\/index.php?rest_route=\/wp\/v2\/posts"}],"about":[{"href":"https:\/\/pasaenmendoza.com\/index.php?rest_route=\/wp\/v2\/types\/post"}],"author":[{"embeddable":true,"href":"https:\/\/pasaenmendoza.com\/index.php?rest_route=\/wp\/v2\/users\/2"}],"replies":[{"embeddable":true,"href":"https:\/\/pasaenmendoza.com\/index.php?rest_route=%2Fwp%2Fv2%2Fcomments&post=2533"}],"version-history":[{"count":1,"href":"https:\/\/pasaenmendoza.com\/index.php?rest_route=\/wp\/v2\/posts\/2533\/revisions"}],"predecessor-version":[{"id":2535,"href":"https:\/\/pasaenmendoza.com\/index.php?rest_route=\/wp\/v2\/posts\/2533\/revisions\/2535"}],"wp:featuredmedia":[{"embeddable":true,"href":"https:\/\/pasaenmendoza.com\/index.php?rest_route=\/wp\/v2\/media\/2534"}],"wp:attachment":[{"href":"https:\/\/pasaenmendoza.com\/index.php?rest_route=%2Fwp%2Fv2%2Fmedia&parent=2533"}],"wp:term":[{"taxonomy":"category","embeddable":true,"href":"https:\/\/pasaenmendoza.com\/index.php?rest_route=%2Fwp%2Fv2%2Fcategories&post=2533"},{"taxonomy":"post_tag","embeddable":true,"href":"https:\/\/pasaenmendoza.com\/index.php?rest_route=%2Fwp%2Fv2%2Ftags&post=2533"}],"curies":[{"name":"wp","href":"https:\/\/api.w.org\/{rel}","templated":true}]}}