{"id":2536,"date":"2023-10-27T13:36:58","date_gmt":"2023-10-27T11:36:58","guid":{"rendered":"https:\/\/pasaenmendoza.com\/?p=2536"},"modified":"2023-10-27T13:36:59","modified_gmt":"2023-10-27T11:36:59","slug":"alfredo-cornejo-opino-sobre-el-pedido-de-expulsion-inmediata-de-luis-petri-del-radicalismo","status":"publish","type":"post","link":"https:\/\/pasaenmendoza.com\/?p=2536","title":{"rendered":"Alfredo Cornejo opin\u00f3 sobre el pedido de &#8220;expulsi\u00f3n inmediata&#8221; de Luis Petri del radicalismo"},"content":{"rendered":"\n<p>El gobernador electo le rest\u00f3 importancia a la solicitud de apartar al ahora excandidato a vicepresidente del partido, luego de que este \u00faltimo se\u00f1alara que apoyar\u00e1 a Javier Milei en el balotaje.<\/p>\n\n\n\n<p>Contin\u00faan las repercusiones luego de la derrota electoral de\u00a0<strong>Juntos por el Cambio<\/strong>\u00a0que deriv\u00f3 en que quedara afuera del balotaje del 19 de noviembre.\u00a0<strong>Alfredo Cornejo<\/strong>, senador nacional y gobernador electo, insisti\u00f3 en mantener su posici\u00f3n de &#8220;neutralidad&#8221;, la cual anticip\u00f3 con la dirigencia del frente Cambia Mendoza a nivel local y ratific\u00f3 junto los dem\u00e1s mandatarios provinciales pertenecientes a JxC. En tanto, calific\u00f3 de &#8220;tonter\u00eda&#8221; el pedido de echar a\u00a0<strong>Luis Petri\u00a0<\/strong>de la Uni\u00f3n C\u00edvica Radical (UCR), despu\u00e9s de que el ahora excandidato vicepresidente blanqueara que apoyar\u00e1 a Javier Milei en la segunda vuelta vs. Sergio Massa.\u00a0<\/p>\n\n\n\n<p>&#8220;<strong>Juntos por el Cambio<\/strong>\u00a0qued\u00f3 tercero en las elecciones. Han quedado solo dos opciones y el 19 de noviembre se elegir\u00e1 entre entre Milei o Massa\u00a0y la ciudadan\u00eda optar\u00e1 por uno de los dos para el pr\u00f3ximo per\u00edodo. Lo que pensamos varios de nosotros -y creo que somos mayoritario en JxC- es que la unidad de los diez gobernadores que tenemos es muy trascendente y la unidad de los bloques parlamentarios para el futuro tambi\u00e9n. Esa es nuestra\u00a0posici\u00f3n que queremos que nos identifica&#8221;, dijo\u00a0<strong>Cornejo\u00a0<\/strong>tras participar de una distinci\u00f3n a deportistas en el Estadio Malvinas Argentinas.\u00a0<\/p>\n\n\n\n<p>Y agreg\u00f3:\u00a0&#8220;Intertanto, individualmente, todos como ciudadanos -cada uno de los dirigentes de Juntos por el Cambio, como cada uno de los ciudadanos- votar\u00e1 ese domingo por uno, por otro, se abstendr\u00e1\u00a0o no votar\u00e1, que\u00a0no es lo que recomendamos.\u00a0No recomendamos a nadie en particular y cada uno podr\u00e1 manifestarse p\u00fablicamente o no, pero la unidad de JxC\u00a0es la prioridad para lo que viene. Despu\u00e9s del 19 de noviembre habr\u00e1 un nuevo gobierno y el espacio qued\u00f3 en la oposici\u00f3n nacional, no en en el oficialismo&#8221;.\u00a0<\/p>\n\n\n\n<h2 class=\"wp-block-heading\">El pedido de expulsi\u00f3n de Luis Petri de la UCR<\/h2>\n\n\n\n<p>La Juventud Radical de la Ciudad\u00a0Aut\u00f3noma de Buenos Aires sorprendi\u00f3 al emitir un comunicado en el que pidi\u00f3 expulsar a\u00a0<strong>Petri\u00a0<\/strong>del partido luego de que respaldara a Javier Milei de cara al balotaje.\u00a0Agust\u00edn R\u00f3mbola, presidente de la Juventud, &#8220;Descreo del perd\u00f3n, esto no es una Iglesia. Lo que hay son responsabilidades pol\u00edticas y rendiciones de cuenta. Bas\u00e1ndome en la carta org\u00e1nica de la Uni\u00f3n C\u00edvica Radical\u00a0y, sobre todas las cosas, en una profunda consciencia \u00e9tica y moral de lo que es ser candidato a vicepresidente de la Naci\u00f3n de un espacio que te milit\u00f3 d\u00eda a d\u00eda, creo que\u00a0Luis Petri\u00a0no deber\u00eda formar m\u00e1s parte del radicalismo. Creo que desoy\u00f3 y le falt\u00f3 el respeto a la militancia. Y traicion\u00f3 a la historia, los principios, los valores y la identidad del radical&#8221;.\u00a0<\/p>\n\n\n\n<p>Sobre este &#8220;esc\u00e1ndalo&#8221; desatado,\u00a0<strong>Cornejo\u00a0<\/strong>opin\u00f3:\u00a0&#8220;Es una tontera.\u00a0<strong>Luis\u00a0<\/strong>tiene todo el derecho a opinar sobre a qui\u00e9n va a votar y tiene todo el derecho a hacerlo. Ser\u00eda rid\u00edcula esa posici\u00f3n.\u00a0<strong>Luis\u00a0<\/strong>tiene ese derecho de manifestarse p\u00fablicamente.\u00a0Es una estupidez, no tiene ning\u00fan sentido. Y adem\u00e1s nadie la ha pedido. Es un tuit. No necesitamos andar echando a nadie ni diciendo qui\u00e9n debe estar o no. Debemos tener a todos en Juntos por el Cambio&#8221;. Acerca de su relaci\u00f3n con\u00a0<strong>Petri<\/strong>, aport\u00f3: &#8220;Es parte de nuestro nuestro equipo. De Cambia Mendoza y de\u00a0<strong>Juntos por el Cambio<\/strong>. Es\u00a0nada m\u00e1s y nada menos que el excandidato a vicepresidente de nuestra fuerza. Es una relaci\u00f3n de compa\u00f1erismo&#8221;.\u00a0<\/p>\n\n\n\n<p>FUENTE: Mdzonline.<\/p>\n","protected":false},"excerpt":{"rendered":"<p>El gobernador electo le rest\u00f3 importancia a la solicitud de apartar al ahora excandidato a vicepresidente del partido, luego de que este \u00faltimo se\u00f1alara que apoyar\u00e1 a Javier Milei en el balotaje. Contin\u00faan las repercusiones luego de la derrota electoral de\u00a0Juntos por el Cambio\u00a0que deriv\u00f3 en que quedara afuera del balotaje del 19 de noviembre.\u00a0Alfredo [&hellip;]<\/p>\n","protected":false},"author":2,"featured_media":2537,"comment_status":"open","ping_status":"open","sticky":true,"template":"","format":"standard","meta":[],"categories":[47],"tags":[],"_links":{"self":[{"href":"https:\/\/pasaenmendoza.com\/index.php?rest_route=\/wp\/v2\/posts\/2536"}],"collection":[{"href":"https:\/\/pasaenmendoza.com\/index.php?rest_route=\/wp\/v2\/posts"}],"about":[{"href":"https:\/\/pasaenmendoza.com\/index.php?rest_route=\/wp\/v2\/types\/post"}],"author":[{"embeddable":true,"href":"https:\/\/pasaenmendoza.com\/index.php?rest_route=\/wp\/v2\/users\/2"}],"replies":[{"embeddable":true,"href":"https:\/\/pasaenmendoza.com\/index.php?rest_route=%2Fwp%2Fv2%2Fcomments&post=2536"}],"version-history":[{"count":1,"href":"https:\/\/pasaenmendoza.com\/index.php?rest_route=\/wp\/v2\/posts\/2536\/revisions"}],"predecessor-version":[{"id":2538,"href":"https:\/\/pasaenmendoza.com\/index.php?rest_route=\/wp\/v2\/posts\/2536\/revisions\/2538"}],"wp:featuredmedia":[{"embeddable":true,"href":"https:\/\/pasaenmendoza.com\/index.php?rest_route=\/wp\/v2\/media\/2537"}],"wp:attachment":[{"href":"https:\/\/pasaenmendoza.com\/index.php?rest_route=%2Fwp%2Fv2%2Fmedia&parent=2536"}],"wp:term":[{"taxonomy":"category","embeddable":true,"href":"https:\/\/pasaenmendoza.com\/index.php?rest_route=%2Fwp%2Fv2%2Fcategories&post=2536"},{"taxonomy":"post_tag","embeddable":true,"href":"https:\/\/pasaenmendoza.com\/index.php?rest_route=%2Fwp%2Fv2%2Ftags&post=2536"}],"curies":[{"name":"wp","href":"https:\/\/api.w.org\/{rel}","templated":true}]}}