{"id":2543,"date":"2023-10-27T13:45:17","date_gmt":"2023-10-27T11:45:17","guid":{"rendered":"https:\/\/pasaenmendoza.com\/?p=2543"},"modified":"2023-10-27T13:45:19","modified_gmt":"2023-10-27T11:45:19","slug":"las-dudas-y-certezas-de-empresarios-mendocinos-sobre-el-escenario-que-ofrecen-massa-y-milei","status":"publish","type":"post","link":"https:\/\/pasaenmendoza.com\/?p=2543","title":{"rendered":"Las dudas y certezas de empresarios mendocinos sobre el escenario que ofrecen Massa y Milei"},"content":{"rendered":"\n<p>Vargas Arizu y Badaloni, de Activ\u00e1 Mendoza, expresaron su intenci\u00f3n de &#8220;cambio&#8221; y se sumaron a Bullrich en su apoyo a Milei. Desde el sector metal\u00fargico hay posturas contrarias a las libertarias<\/p>\n\n\n\n<p>El\u00a0<strong>sector empresario est\u00e1 alerta<\/strong>\u00a0de cara al cambio de gobierno del 10 de diciembre. Sabe que con cualquiera de los dos modelos en juego tendr\u00e1 que remarla como siempre pero hay quienes ya adoptaron una posici\u00f3n firme en relaci\u00f3n a uno u otro candidato del\u00a0<strong>balotaje<\/strong>:\u00a0<strong>Sergio Massa o Javier Milei<\/strong>.<\/p>\n\n\n\n<p>&#8220;Cuatro a\u00f1os m\u00e1s con este gobierno creo que sepultar\u00edan a Argentina&#8221;, dijo contundemente&nbsp;<strong>Rodolfo Vargas Arizu<\/strong>&nbsp;desde Italia, en di\u00e1logo con Radio Nihuil. Sus declaraciones se suman a las que emiti\u00f3 en un comunicado junto a otros empresarios de Activ\u00e1 Mendoza como Mauricio Badaloni, Carina Gannam, Andr\u00e9s Vavrik y Joaqu\u00edn Barbera en el que&nbsp;<strong>se expresaron en apoyo a Javier Milei<\/strong>.<\/p>\n\n\n\n<p><strong>Desde el sector metal\u00fargico ronda el fantasma de los &#8217;90, cuando esta industria result\u00f3 muy castigada<\/strong>. &#8220;Con Milei desaparecemos, ya lo vivimos en la era Menem&#8221;, dijo uno de los empresarios consultados a\u00a0<strong>Diario UNO<\/strong>\u00a0recordando aquella \u00e9poca y marcando posici\u00f3n, no abiertamente a favor de Sergio Massa pero s\u00ed con tono de preocupaci\u00f3n por el candidato libertario.<\/p>\n\n\n\n<h2 class=\"wp-block-heading\">Cautela, preocupaci\u00f3n y firmeza, las distintas posturas de los empresarios mendocinos<\/h2>\n\n\n\n<p><strong>&#8220;En 35 a\u00f1os nunca he visto una crisis de tal magnitud&#8221;, dijo Vargas Arizu&nbsp;<\/strong>que manifest\u00f3 que &#8220;Patricia (Bullrich) ha hecho muy bien en dar el apoyo a Milei&#8221;.<\/p>\n\n\n\n<p>Sobre el presente, el bodeguero marc\u00f3 los inconvenientes que existen para pagar importaciones y para que \u00e9stas ingresen al pa\u00eds: &#8220;Tambi\u00e9n hay problemas con las exportaciones y no entran los fletes&#8221;.<\/p>\n\n\n\n<p>&#8220;Rifaron nuestro futuro y a esto hay que pararlo r\u00e1pidamente&#8221;, dijo contundentemente.<\/p>\n\n\n\n<p>Vargas Arizu no est\u00e1 para nada de acuerdo con la neutralidad que adoptaron algunos dirigentes pol\u00edticos como la mayor\u00eda de los radicales mendocinos. &#8220;Los que trabajamos en pol\u00edtica somos referentes y como tales tenemos la obligaci\u00f3n de dar un norte de lo que a nosotros nos parece&#8221;, expres\u00f3 aunque con conocimiento de que los votos son de los ciudadanos, que luego adoptan la opci\u00f3n que mejor les parezca.<\/p>\n\n\n\n<p><strong>Como ya dijeron Luis Petri y\u00a0Hebe Casado en S\u00e9ptimo D\u00eda<\/strong>, Vargas Arizu\u00a0<strong>propuso poner el aparato de Activ\u00e1 Mendoza para la fiscalizaci\u00f3n durante el balotaje<\/strong>: &#8220;Creo que hubo mucho fraude en la elecci\u00f3n del domingo y ofrezco a toda mi gente y le pido a la poblaci\u00f3n que salga a fiscalizar, no para Milei, sino para controlar&#8221;.<\/p>\n\n\n\n<p>Sobre el futuro que necesitar\u00eda el sector empresario argentino y mendocino, el bodeguero expres\u00f3 que &#8220;Argentina necesita una reforma impositiva y una reforma laboral, algo que han dicho los dos candidatos y un Banco Central independiente; y que se permita negociar y ahorrar en d\u00f3lares como ya tiene la costumbre de hacerlo el argentino&#8221;.<\/p>\n\n\n\n<p>El\u00a0<strong>vicepresidente de la FEM Diego Stortini<\/strong>, en tanto, marc\u00f3 tambi\u00e9n el camino que como empresario bodeguero y hotelero del Valle de Uco advierte que el pa\u00eds deber\u00eda adoptar, sea cual fuere el presidente a partir del 10 de diciembre: &#8220;Creo que el pa\u00eds necesita\u00a0<strong>grandes cambios en lo institucional, independencia en el Banco Central, prudencia y responsabilidad fiscal, mayor inserci\u00f3n en el mundo comercial y un tipo de cambio muy competitivo<\/strong>&#8220;.<\/p>\n\n\n\n<p>Lo que considera Stortini es que la Argentina debe &#8220;salir de este pantano al que nos han llevado las \u00faltimas 5 administraciones presidenciales&#8221;.<\/p>\n\n\n\n<p><strong>Mariano Guizzo, el presidente de Asinmet (Asociaci\u00f3n de Industriales Metal\u00fargicos de Mendoza)<\/strong>, fue cauteloso en nombre de la entidad pero firme en relaci\u00f3n a las propuestas que se han escuchado hasta ahora.&nbsp;<strong>Como c\u00e1mara gremial empresaria &#8220;apoyamos al desarrollo de la industria y la generaci\u00f3n de valor&#8221;<\/strong>.<\/p>\n\n\n\n<p>&#8220;No tenemos postura partidaria pero s\u00ed vemos que hay una falta de profundidad en temas cr\u00edticos y&nbsp;<strong>algunas propuestas que parecen impracticables&#8221;, dijo al ser consultado por las ideas libertarias.<\/strong><\/p>\n\n\n\n<p>Desde Asinmet como entidad expres\u00f3 que &#8220;lo \u00fanico real&#8221; hoy por hoy es que &#8220;la situaci\u00f3n econ\u00f3mica es muy fr\u00e1gil y que las elecciones la empeoran&#8221;. Expectante por lo que pudiera pasar, Guizzo asegur\u00f3 que una vez que se defina el pr\u00f3ximo gobierno nacional, el deseo es que esa situaci\u00f3n &#8220;comience a estabilizarse&#8221;.<\/p>\n\n\n\n<p>Por lo pronto, concentr\u00e1ndose en Mendoza, durante la campa\u00f1a electoral provincial Asinmet se reuni\u00f3 con\u00a0<strong>Alfredo Cornejo, Omar De Marchi y Omar Parisi<\/strong>\u00a0para hacer llegar a cada espacio la agenda de la industria metal\u00fargica para que, tanto quien resultara electo, como finalmente sucedi\u00f3 con Cornejo, como desde los otros sectores se busque satisfacerla.<\/p>\n\n\n\n<p>FUENTE: diariouno.com.ar<\/p>\n","protected":false},"excerpt":{"rendered":"<p>Vargas Arizu y Badaloni, de Activ\u00e1 Mendoza, expresaron su intenci\u00f3n de &#8220;cambio&#8221; y se sumaron a Bullrich en su apoyo a Milei. Desde el sector metal\u00fargico hay posturas contrarias a las libertarias El\u00a0sector empresario est\u00e1 alerta\u00a0de cara al cambio de gobierno del 10 de diciembre. Sabe que con cualquiera de los dos modelos en juego [&hellip;]<\/p>\n","protected":false},"author":2,"featured_media":2544,"comment_status":"open","ping_status":"open","sticky":true,"template":"","format":"standard","meta":[],"categories":[47],"tags":[],"_links":{"self":[{"href":"https:\/\/pasaenmendoza.com\/index.php?rest_route=\/wp\/v2\/posts\/2543"}],"collection":[{"href":"https:\/\/pasaenmendoza.com\/index.php?rest_route=\/wp\/v2\/posts"}],"about":[{"href":"https:\/\/pasaenmendoza.com\/index.php?rest_route=\/wp\/v2\/types\/post"}],"author":[{"embeddable":true,"href":"https:\/\/pasaenmendoza.com\/index.php?rest_route=\/wp\/v2\/users\/2"}],"replies":[{"embeddable":true,"href":"https:\/\/pasaenmendoza.com\/index.php?rest_route=%2Fwp%2Fv2%2Fcomments&post=2543"}],"version-history":[{"count":1,"href":"https:\/\/pasaenmendoza.com\/index.php?rest_route=\/wp\/v2\/posts\/2543\/revisions"}],"predecessor-version":[{"id":2545,"href":"https:\/\/pasaenmendoza.com\/index.php?rest_route=\/wp\/v2\/posts\/2543\/revisions\/2545"}],"wp:featuredmedia":[{"embeddable":true,"href":"https:\/\/pasaenmendoza.com\/index.php?rest_route=\/wp\/v2\/media\/2544"}],"wp:attachment":[{"href":"https:\/\/pasaenmendoza.com\/index.php?rest_route=%2Fwp%2Fv2%2Fmedia&parent=2543"}],"wp:term":[{"taxonomy":"category","embeddable":true,"href":"https:\/\/pasaenmendoza.com\/index.php?rest_route=%2Fwp%2Fv2%2Fcategories&post=2543"},{"taxonomy":"post_tag","embeddable":true,"href":"https:\/\/pasaenmendoza.com\/index.php?rest_route=%2Fwp%2Fv2%2Ftags&post=2543"}],"curies":[{"name":"wp","href":"https:\/\/api.w.org\/{rel}","templated":true}]}}