{"id":2546,"date":"2023-10-27T13:49:38","date_gmt":"2023-10-27T11:49:38","guid":{"rendered":"https:\/\/pasaenmendoza.com\/?p=2546"},"modified":"2023-10-27T13:49:39","modified_gmt":"2023-10-27T11:49:39","slug":"que-respondio-luis-petri-ante-el-pedido-de-la-ucr-de-expulsarlo-del-partido","status":"publish","type":"post","link":"https:\/\/pasaenmendoza.com\/?p=2546","title":{"rendered":"Qu\u00e9 respondi\u00f3 Luis Petri ante el pedido de la UCR de expulsarlo del partido"},"content":{"rendered":"\n<p>El excandidato a vicepresidente de Juntos por el Cambio lanz\u00f3 cr\u00edticas hacia Morales y Lousteau por el pedido de expulsi\u00f3n inmediata del mendocino de la UCR. Qu\u00e9 respondi\u00f3.<\/p>\n\n\n\n<p><strong>Luis Petri,<\/strong>\u00a0excandidato a vicepresidente de\u00a0<strong>Juntos por el Cambio<\/strong>, lanz\u00f3 cr\u00edticas hacia sus compa\u00f1eros de la\u00a0<strong>UCR<\/strong>\u00a0como Gerardo Morales y Mart\u00edn Lousteau, quienes pidieron la expulsi\u00f3n inmediata del mendocino de la coalici\u00f3n por su apoyo expl\u00edcito a Javier Milei, el candidato libertario que pas\u00f3 al balotaje presidencial y que ayer fue apoyado por la f\u00f3rmula Patricia Bullrich-<strong>Petri.\u00a0<\/strong><\/p>\n\n\n\n<p>&#8220;\u00bfEn serio me quieren expulsar del radicalismo por reclamar un Cambio en el pa\u00eds y enfrentar el kirchnerismo?&#8221;, escribi\u00f3 en las redes sociales el dirigente que acompa\u00f1\u00f3 su comentario etiquetando al gobernador de Jujuy y a Lousteau. Adem\u00e1s, agreg\u00f3 una foto de una noticia que anuncia la idea que tiene el radicalismo de expulsar a\u00a0<strong>Petri\u00a0<\/strong>por su apoyo a Milei, una estrategia que revolucion\u00f3 la pol\u00edtica argentina.\u00a0<\/p>\n\n\n\n<p>Desde ayer la pol\u00edtica, y sobre todo\u00a0<strong>Juntos por el Cambio<\/strong>,\u00a0se vio envuelta en una revoluci\u00f3n y quiebre por la decisi\u00f3n de Bullrich de apoyar la candidatura de Milei para acabar con el kirchnerismo. La noticia no fue tomada de la mejor forma por sectores m\u00e1s neutrales dentro de la coalici\u00f3n, en donde los radicales se pronunciaron en contra y decidieron la libre acci\u00f3n ante la segunda vuelta presidencial. Otros, en\u00a0cambio, admitieron que dar\u00e1n su apoyo al candidato oficialista ya que no pueden permitir que alguien como Milei logr\u00e9 llegar al sill\u00f3n de Rivadia. Y en tercer lugar, el PRO-el ala m\u00e1s dura de\u00a0<strong>Juntos por el Cambio<\/strong>&#8211; tambi\u00e9n sufri\u00f3 discrepancias, y a pesar de que la medida fue tomada por la f\u00f3rmula en conjunto con el expresidente Mauricio Macri, dirigentes hist\u00f3ricos del partido como Mar\u00eda Eugenia Vidal y Horacio Rodr\u00edguez Larreta se pronunciaron en contra.\u00a0<\/p>\n\n\n\n<p>Seg\u00fan<strong>\u00a0Petri<\/strong>, el lunes por la noche -y tras la derrota de su f\u00f3rmula que qued\u00f3 fuera del balotaje con el 23,83% &#8211; Macri, Bullrich y Milei se reunieron en la casa del expresidente. El excandidato afirm\u00f3 que no sab\u00eda que estaba Milei presente y que luego \u00a0se\u00a0enter\u00f3\u00a0&#8220;de que estaba en la casa de Macri&#8221;.\u00a0<\/p>\n\n\n\n<p>&#8220;Fue una decisi\u00f3n personal y de la f\u00f3rmula.&nbsp;No nos da lo mismo que pueda haber un quinto mandato kirchnerista a que pueda haber una expresi\u00f3n que, a la luz de los resultados, fue m\u00e1s cambio que&nbsp;<strong>Juntos por el Cambio<\/strong>&#8220;, argument\u00f3 el mendocino para justificar la decisi\u00f3n que sembr\u00f3 la duda sobre qu\u00e9 pasara con el partido.&nbsp;<\/p>\n\n\n\n<p>Luego de las idas y vueltas y de los agravios que Milei y Bullrich se dijeron en la campa\u00f1a hacia las generales, ayer se mostraron juntos en el programa de TN &#8220;A Dos Voces&#8221; y ambos publicaron en sus redes que se perdonaron y que se unen por una causa en com\u00fan: no dejar que el kirchnerismo- en este caso representado por Massa- se perpetre en el poder.\u00a0<\/p>\n\n\n\n<p>Morales y Lousteau no fueron los \u00fanicos que salieron a declarar p\u00fablicamente su desacuerdo con la medida, otro dirigente que se mostr\u00f3 sumamente en contra fue Luis Juez, senador por C\u00f3rdoba. Adem\u00e1s, El Movimiento Nacional de la Militancia Radical lanz\u00f3 un comunicado titulado &#8220;Con Milei, ni a la esquina&#8221;.\u00a0Por otro lado,\u00a0\u00a0la vicepresidenta del Comit\u00e9 Nacional de la\u00a0<strong>UCR<\/strong>,\u00a0Mar\u00eda Luisa Storani, dio\u00a0gui\u00f1os\u00a0a Sergio Massa.<\/p>\n\n\n\n<p>FUENTE: Mdzonline.<\/p>\n","protected":false},"excerpt":{"rendered":"<p>El excandidato a vicepresidente de Juntos por el Cambio lanz\u00f3 cr\u00edticas hacia Morales y Lousteau por el pedido de expulsi\u00f3n inmediata del mendocino de la UCR. Qu\u00e9 respondi\u00f3. Luis Petri,\u00a0excandidato a vicepresidente de\u00a0Juntos por el Cambio, lanz\u00f3 cr\u00edticas hacia sus compa\u00f1eros de la\u00a0UCR\u00a0como Gerardo Morales y Mart\u00edn Lousteau, quienes pidieron la expulsi\u00f3n inmediata del mendocino [&hellip;]<\/p>\n","protected":false},"author":2,"featured_media":2548,"comment_status":"open","ping_status":"open","sticky":true,"template":"","format":"standard","meta":[],"categories":[47],"tags":[],"_links":{"self":[{"href":"https:\/\/pasaenmendoza.com\/index.php?rest_route=\/wp\/v2\/posts\/2546"}],"collection":[{"href":"https:\/\/pasaenmendoza.com\/index.php?rest_route=\/wp\/v2\/posts"}],"about":[{"href":"https:\/\/pasaenmendoza.com\/index.php?rest_route=\/wp\/v2\/types\/post"}],"author":[{"embeddable":true,"href":"https:\/\/pasaenmendoza.com\/index.php?rest_route=\/wp\/v2\/users\/2"}],"replies":[{"embeddable":true,"href":"https:\/\/pasaenmendoza.com\/index.php?rest_route=%2Fwp%2Fv2%2Fcomments&post=2546"}],"version-history":[{"count":1,"href":"https:\/\/pasaenmendoza.com\/index.php?rest_route=\/wp\/v2\/posts\/2546\/revisions"}],"predecessor-version":[{"id":2549,"href":"https:\/\/pasaenmendoza.com\/index.php?rest_route=\/wp\/v2\/posts\/2546\/revisions\/2549"}],"wp:featuredmedia":[{"embeddable":true,"href":"https:\/\/pasaenmendoza.com\/index.php?rest_route=\/wp\/v2\/media\/2548"}],"wp:attachment":[{"href":"https:\/\/pasaenmendoza.com\/index.php?rest_route=%2Fwp%2Fv2%2Fmedia&parent=2546"}],"wp:term":[{"taxonomy":"category","embeddable":true,"href":"https:\/\/pasaenmendoza.com\/index.php?rest_route=%2Fwp%2Fv2%2Fcategories&post=2546"},{"taxonomy":"post_tag","embeddable":true,"href":"https:\/\/pasaenmendoza.com\/index.php?rest_route=%2Fwp%2Fv2%2Ftags&post=2546"}],"curies":[{"name":"wp","href":"https:\/\/api.w.org\/{rel}","templated":true}]}}