{"id":2550,"date":"2023-10-27T14:09:18","date_gmt":"2023-10-27T12:09:18","guid":{"rendered":"https:\/\/pasaenmendoza.com\/?p=2550"},"modified":"2023-10-27T14:09:19","modified_gmt":"2023-10-27T12:09:19","slug":"los-mendocinos-viven-una-odisea-para-cargar-nafta-super-en-las-estaciones-de-servicio-ypf","status":"publish","type":"post","link":"https:\/\/pasaenmendoza.com\/?p=2550","title":{"rendered":"Los mendocinos viven una odisea para cargar nafta s\u00faper en las estaciones de servicio YPF"},"content":{"rendered":"\n<p><strong>Los automovilistas mendocinos tienen dificultades para abastecerse de nafta s\u00faper por faltantes en las estaciones de servicio de YPF<\/strong>\u00a0y deben recorrer varias para poder cargar el tanque, o bien resignarse y comprar Infinia, que es m\u00e1s cara.<\/p>\n\n\n\n<p>La problem\u00e1tica se ven\u00eda dando hace algunas semanas con el&nbsp;<strong>gasoil<\/strong>, que tambi\u00e9n es m\u00e1s conveniente en las expendedoras de la l\u00ednea de bandera por el programa de Precios Cuidados.<\/p>\n\n\n\n<p>Por tener un&nbsp;<strong>precio diferencial<\/strong>, m\u00e1s conveniente que el resto de las empresas, desde hace alg\u00fan tiempo&nbsp;<strong>se ven colas en las inmediaciones de los surtidores de YPF<\/strong>&nbsp;para poder llenar camiones y veh\u00edculos.<\/p>\n\n\n\n<p>En las \u00faltimas horas, esta problem\u00e1tica<strong>&nbsp;se volvi\u00f3 notoria y en el caso de Gran Mendoza se complic\u00f3 para muchos consumidores lograr abastecerse de nafta s\u00faper<\/strong>. A primera hora del viernes, por ejemplo, el periodista Pablo Gamba (radio Nihuil) inform\u00f3 que en la estaci\u00f3n de Pascual Segura y Acceso Norte (Las Heras)&nbsp;<strong>directamente no hab\u00eda combustible<\/strong>.<\/p>\n\n\n\n<p>Por esta raz\u00f3n, desde la\u00a0<strong>Asociaci\u00f3n Mendocina de Expendedores de Naftas y Afines (Amena)<\/strong>\u00a0se reunieron a nivel nacional para hacer un planteo unificado. El principal reclamo que llevar\u00e1n a las autoridades es que e<strong>l retraso en los precios de YPF con respecto a las otras petroleras hace crecer la demanda por encima del promedio de ventas y de su capacidad para dar respuesta.<\/strong><\/p>\n\n\n\n<h2 class=\"wp-block-heading\">Aument\u00f3 la nafta<\/h2>\n\n\n\n<p>El d\u00eda despu\u00e9s de las elecciones presidenciales generales,<strong>&nbsp;YPF aument\u00f3 sus combustibles y este jueves lo hizo Shell<\/strong>. El incremento fue de entre el 3 y el 4%, pese a que el acuerdo de precios, en teor\u00eda, se mantendr\u00eda hasta fines de octubre.<\/p>\n\n\n\n<p><strong>La nafta s\u00faper pas\u00f3 de $271 a $279; en tanto que la Infinia pas\u00f3 de $343 a $354.<\/strong><\/p>\n\n\n\n<p>Durante la jornada del domingo comenzaron los rumores de una suba no programada y se registraron colas en todo el pa\u00eds.<\/p>\n\n\n\n<p>En tanto, en las expendedoras de Shell\u00a0<strong>la nafta s\u00faper cuesta $302,60, el valor de la V-Power asciende a 381,40. Y el diesel $347,30.<\/strong><\/p>\n\n\n\n<p><strong>Fuente: www.diariouno.com.ar<\/strong><\/p>\n","protected":false},"excerpt":{"rendered":"<p>Los automovilistas mendocinos tienen dificultades para abastecerse de nafta s\u00faper por faltantes en las estaciones de servicio de YPF\u00a0y deben recorrer varias para poder cargar el tanque, o bien resignarse y comprar Infinia, que es m\u00e1s cara. La problem\u00e1tica se ven\u00eda dando hace algunas semanas con el&nbsp;gasoil, que tambi\u00e9n es m\u00e1s conveniente en las expendedoras [&hellip;]<\/p>\n","protected":false},"author":2,"featured_media":2552,"comment_status":"open","ping_status":"open","sticky":false,"template":"","format":"standard","meta":[],"categories":[50],"tags":[],"_links":{"self":[{"href":"https:\/\/pasaenmendoza.com\/index.php?rest_route=\/wp\/v2\/posts\/2550"}],"collection":[{"href":"https:\/\/pasaenmendoza.com\/index.php?rest_route=\/wp\/v2\/posts"}],"about":[{"href":"https:\/\/pasaenmendoza.com\/index.php?rest_route=\/wp\/v2\/types\/post"}],"author":[{"embeddable":true,"href":"https:\/\/pasaenmendoza.com\/index.php?rest_route=\/wp\/v2\/users\/2"}],"replies":[{"embeddable":true,"href":"https:\/\/pasaenmendoza.com\/index.php?rest_route=%2Fwp%2Fv2%2Fcomments&post=2550"}],"version-history":[{"count":1,"href":"https:\/\/pasaenmendoza.com\/index.php?rest_route=\/wp\/v2\/posts\/2550\/revisions"}],"predecessor-version":[{"id":2553,"href":"https:\/\/pasaenmendoza.com\/index.php?rest_route=\/wp\/v2\/posts\/2550\/revisions\/2553"}],"wp:featuredmedia":[{"embeddable":true,"href":"https:\/\/pasaenmendoza.com\/index.php?rest_route=\/wp\/v2\/media\/2552"}],"wp:attachment":[{"href":"https:\/\/pasaenmendoza.com\/index.php?rest_route=%2Fwp%2Fv2%2Fmedia&parent=2550"}],"wp:term":[{"taxonomy":"category","embeddable":true,"href":"https:\/\/pasaenmendoza.com\/index.php?rest_route=%2Fwp%2Fv2%2Fcategories&post=2550"},{"taxonomy":"post_tag","embeddable":true,"href":"https:\/\/pasaenmendoza.com\/index.php?rest_route=%2Fwp%2Fv2%2Ftags&post=2550"}],"curies":[{"name":"wp","href":"https:\/\/api.w.org\/{rel}","templated":true}]}}