{"id":2554,"date":"2023-10-27T14:18:56","date_gmt":"2023-10-27T12:18:56","guid":{"rendered":"https:\/\/pasaenmendoza.com\/?p=2554"},"modified":"2023-10-27T14:18:58","modified_gmt":"2023-10-27T12:18:58","slug":"miles-de-chilenos-viajaron-a-mendoza-a-pesar-del-zonda-y-de-las-largas-filas-en-el-paso-internacional","status":"publish","type":"post","link":"https:\/\/pasaenmendoza.com\/?p=2554","title":{"rendered":"Miles de chilenos viajaron a Mendoza a pesar del Zonda y de las largas filas en el paso internacional"},"content":{"rendered":"\n<p>Largas filas de\u00a0<strong>veh\u00edculos chilenos<\/strong>\u00a0se ve\u00edan durante la tarde de este jueves en el\u00a0<strong>Paso Internacional Cristo Redentor<\/strong>, a la espera de ingresar a Mendoza, en lo que pinta como\u00a0<strong>un concurrido fin de semana en la provincia<\/strong>\u00a0a pesar de los pron\u00f3sticos de un\u00a0<strong>viento Zonda severo<\/strong>\u00a0que comenzar\u00eda a soplar el s\u00e1bado.<\/p>\n\n\n\n<p>Indiferentes ante las\u00a0<strong>advertencias meteorol\u00f3gicas<\/strong>, los vecinos comenzaron a llegar en masa, lo que ocasion\u00f3\u00a0<strong>filas<\/strong>\u00a0que -de acuerdo con algunos usuarios que hablaron de la experiencia en las redes-<strong>\u00a0se extendieron por varias horas<\/strong>.<\/p>\n\n\n\n<h2 class=\"wp-block-heading\">Esperan un fin de semana con muchos chilenos<\/h2>\n\n\n\n<p>Debido a que&nbsp;<strong>en Chile hay un feriado que tendr\u00e1 lugar el viernes<\/strong>, se anticipa que llegar\u00e1n muchos trasandinos a la provincia, impulsados por las ganas de pasar unas mini vacaciones, favorecidos por&nbsp;<strong>un cambio que nunca fue m\u00e1s conveniente para ellos<\/strong>.<\/p>\n\n\n\n<p>Desde las 9 o 10 de la ma\u00f1ana empez\u00f3 a armarse\u00a0<strong>una larga fila que aument\u00f3 con el avance de la jornada<\/strong>, a pesar de que por el horario &#8220;de verano&#8221;\u00a0<strong>la atenci\u00f3n est\u00e1 abierta durante las 24 horas<\/strong>.<\/p>\n\n\n\n<p>Reci\u00e9n en la medianoche habr\u00e1 cifras oficiales de ingresos. No obstante,\u00a0<strong>fuentes de Gendarmer\u00eda calcularon que se registrar\u00e1 una cantidad considerable de visitantes<\/strong>, entre turistas &#8220;cl\u00e1sicos&#8221; y participantes de los\u00a0<strong>tours de compras<\/strong>\u00a0que se est\u00e1n haciendo cada vez m\u00e1s populares al otro lado de la cordillera.<\/p>\n\n\n\n<p>De todos modos, hay que tener en cuenta que\u00a0<strong>para el s\u00e1bado y el domingo se ha pronosticado un viento Zonda cuyas r\u00e1fagas podr\u00edan alcanzar los 100 kil\u00f3metros por otra<\/strong>. Y adem\u00e1s, del lado chileno tambi\u00e9n se prev\u00e9n para el mismo s\u00e1bado\u00a0<strong>vientos de 70 u 80 kil\u00f3metros<\/strong>, de forma que se podr\u00eda\u00a0<strong>complicar la circulaci\u00f3n en la zona de los Caracoles y otros tramos de alta monta\u00f1a<\/strong>.<\/p>\n\n\n\n<p><strong>Fuente: www.diariouno.com.ar<\/strong><\/p>\n","protected":false},"excerpt":{"rendered":"<p>Largas filas de\u00a0veh\u00edculos chilenos\u00a0se ve\u00edan durante la tarde de este jueves en el\u00a0Paso Internacional Cristo Redentor, a la espera de ingresar a Mendoza, en lo que pinta como\u00a0un concurrido fin de semana en la provincia\u00a0a pesar de los pron\u00f3sticos de un\u00a0viento Zonda severo\u00a0que comenzar\u00eda a soplar el s\u00e1bado. Indiferentes ante las\u00a0advertencias meteorol\u00f3gicas, los vecinos comenzaron [&hellip;]<\/p>\n","protected":false},"author":2,"featured_media":2555,"comment_status":"open","ping_status":"open","sticky":false,"template":"","format":"standard","meta":[],"categories":[64],"tags":[],"_links":{"self":[{"href":"https:\/\/pasaenmendoza.com\/index.php?rest_route=\/wp\/v2\/posts\/2554"}],"collection":[{"href":"https:\/\/pasaenmendoza.com\/index.php?rest_route=\/wp\/v2\/posts"}],"about":[{"href":"https:\/\/pasaenmendoza.com\/index.php?rest_route=\/wp\/v2\/types\/post"}],"author":[{"embeddable":true,"href":"https:\/\/pasaenmendoza.com\/index.php?rest_route=\/wp\/v2\/users\/2"}],"replies":[{"embeddable":true,"href":"https:\/\/pasaenmendoza.com\/index.php?rest_route=%2Fwp%2Fv2%2Fcomments&post=2554"}],"version-history":[{"count":1,"href":"https:\/\/pasaenmendoza.com\/index.php?rest_route=\/wp\/v2\/posts\/2554\/revisions"}],"predecessor-version":[{"id":2556,"href":"https:\/\/pasaenmendoza.com\/index.php?rest_route=\/wp\/v2\/posts\/2554\/revisions\/2556"}],"wp:featuredmedia":[{"embeddable":true,"href":"https:\/\/pasaenmendoza.com\/index.php?rest_route=\/wp\/v2\/media\/2555"}],"wp:attachment":[{"href":"https:\/\/pasaenmendoza.com\/index.php?rest_route=%2Fwp%2Fv2%2Fmedia&parent=2554"}],"wp:term":[{"taxonomy":"category","embeddable":true,"href":"https:\/\/pasaenmendoza.com\/index.php?rest_route=%2Fwp%2Fv2%2Fcategories&post=2554"},{"taxonomy":"post_tag","embeddable":true,"href":"https:\/\/pasaenmendoza.com\/index.php?rest_route=%2Fwp%2Fv2%2Ftags&post=2554"}],"curies":[{"name":"wp","href":"https:\/\/api.w.org\/{rel}","templated":true}]}}