{"id":2557,"date":"2023-10-27T14:26:25","date_gmt":"2023-10-27T12:26:25","guid":{"rendered":"https:\/\/pasaenmendoza.com\/?p=2557"},"modified":"2023-10-27T14:26:26","modified_gmt":"2023-10-27T12:26:26","slug":"alerta-naranja-por-zonda-las-zonas-afectadas","status":"publish","type":"post","link":"https:\/\/pasaenmendoza.com\/?p=2557","title":{"rendered":"Alerta naranja por Zonda: las zonas afectadas"},"content":{"rendered":"\n<p>El<strong>&nbsp;viernes&nbsp;<\/strong>arranca inestable con nubosidad variable y poco cambio de la temperatura, vientos leves del noreste. Habr\u00e1 Zonda en precordillera.&nbsp;<mark>La m\u00ednima ser\u00e1 de 13 grados y la m\u00e1xima podr\u00eda llegar a los 30.<\/mark><\/p>\n\n\n\n<p>El&nbsp;<strong>Servicio Meteorol\u00f3gico Nacional (SMN)<\/strong>&nbsp;indica para este<strong>&nbsp;viernes<\/strong>&nbsp;<mark>doble alerta amarillo por tormentas en la zona Este y por Zonda en Malarg\u00fce.<\/mark><\/p>\n\n\n\n<p>Seg\u00fan detall\u00f3 Defensa Civil, este viernes el viento caliente afectar\u00e1 desde el mediod\u00eda a \u201c<strong>Malarg\u00fce<\/strong>, luego podr\u00eda alcanzar<strong>\u00a0San Rafael<\/strong>,\u00a0<strong>General Alvear<\/strong>\u00a0y parte de\u00a0<strong>San Carlos<\/strong>. Tambi\u00e9n con menor intensidad en\u00a0<strong>Uspallata<\/strong>\u201c.<\/p>\n\n\n\n<p>Para el\u00a0<strong>s\u00e1bado<\/strong>, la\u00a0<strong>Direcci\u00f3n de Contingencias Clim\u00e1ticas\u00a0<\/strong>indica: \u201cNubosidad variable con viento Zonda en el llano de intensidad moderada a fuerte. Nevadas en cordillera\u201d.\u00a0<mark>La m\u00ednima ser\u00e1 de 17 grados y la m\u00e1xima de 34.<\/mark><\/p>\n\n\n\n<p><mark>El SMN elev\u00f3 el alerta por Zonda de amarillo a naranja<\/mark>\u00a0y desde Defensa Civil idearon un plan de contingencias para hacerle frente al fen\u00f3meno que se registrar\u00e1 en el llano provincial este s\u00e1bado<\/p>\n\n\n\n<p>El<strong>&nbsp;nivel Naranja<\/strong>&nbsp;implica que&nbsp;<mark>la intensidad del viento podr\u00eda superar los 70 km\/h.&nbsp;<\/mark>Se trata de fen\u00f3menos meteorol\u00f3gicos que se tornan peligrosos para la sociedad, la vida, los bienes y el medio ambiente.<\/p>\n\n\n\n<p>Las&nbsp;<strong>zonas&nbsp;<\/strong>que se ver\u00e1n afectadas por este viento caliente ser\u00e1n: todo el Sur provincial,&nbsp;<strong>Jun\u00edn, Rivadavia, Luj\u00e1n de Cuyo, San Carlos, Tunuy\u00e1n, Tupungato, Las Heras<\/strong>.<\/p>\n\n\n\n<p><mark>En tanto, para Capital, Godoy Cruz, Guaymall\u00e9n y Maip\u00fa rige el&nbsp;<strong>alerta amarillo.<\/strong><\/mark><\/p>\n\n\n\n<p>El\u00a0<strong>domingo<\/strong>\u00a0estar\u00e1 con nubosidad variable,\u00a0<mark>contin\u00faa el viento Zonda en toda la provincia<\/mark>, poco cambio de la temperatura. Inestable en cordillera.\u00a0<mark>La m\u00ednima ser\u00e1 de 15 grados y la m\u00e1xima de 31.<\/mark><\/p>\n\n\n\n<p><strong>La situaci\u00f3n en alta monta\u00f1a<\/strong><\/p>\n\n\n\n<p>El\u00a0<strong>Sistema Integrado Cristo Redentor<\/strong>\u00a0se encuentra\u00a0<mark>habilitado<\/mark>\u00a0para todo tipo de veh\u00edculo durante las 24 horas. Atenci\u00f3n porque durante la madrugada del s\u00e1bado se prev\u00e9 el ingreso de un temporal en alta monta\u00f1a, por lo que se emiti\u00f3 un alerta temprana y\u00a0<mark>se prev\u00e9 un cierre preventivo del corredor.<\/mark><\/p>\n\n\n\n<p>El\u00a0<strong>paso Pehuenche<\/strong>\u00a0est\u00e1 cerrado por tiempo indeterminado.<\/p>\n\n\n\n<p><strong>Fuente: www.elsol.com<\/strong><\/p>\n","protected":false},"excerpt":{"rendered":"<p>El&nbsp;viernes&nbsp;arranca inestable con nubosidad variable y poco cambio de la temperatura, vientos leves del noreste. Habr\u00e1 Zonda en precordillera.&nbsp;La m\u00ednima ser\u00e1 de 13 grados y la m\u00e1xima podr\u00eda llegar a los 30. El&nbsp;Servicio Meteorol\u00f3gico Nacional (SMN)&nbsp;indica para este&nbsp;viernes&nbsp;doble alerta amarillo por tormentas en la zona Este y por Zonda en Malarg\u00fce. Seg\u00fan detall\u00f3 Defensa Civil, [&hellip;]<\/p>\n","protected":false},"author":2,"featured_media":2558,"comment_status":"open","ping_status":"open","sticky":false,"template":"","format":"standard","meta":[],"categories":[46],"tags":[],"_links":{"self":[{"href":"https:\/\/pasaenmendoza.com\/index.php?rest_route=\/wp\/v2\/posts\/2557"}],"collection":[{"href":"https:\/\/pasaenmendoza.com\/index.php?rest_route=\/wp\/v2\/posts"}],"about":[{"href":"https:\/\/pasaenmendoza.com\/index.php?rest_route=\/wp\/v2\/types\/post"}],"author":[{"embeddable":true,"href":"https:\/\/pasaenmendoza.com\/index.php?rest_route=\/wp\/v2\/users\/2"}],"replies":[{"embeddable":true,"href":"https:\/\/pasaenmendoza.com\/index.php?rest_route=%2Fwp%2Fv2%2Fcomments&post=2557"}],"version-history":[{"count":1,"href":"https:\/\/pasaenmendoza.com\/index.php?rest_route=\/wp\/v2\/posts\/2557\/revisions"}],"predecessor-version":[{"id":2559,"href":"https:\/\/pasaenmendoza.com\/index.php?rest_route=\/wp\/v2\/posts\/2557\/revisions\/2559"}],"wp:featuredmedia":[{"embeddable":true,"href":"https:\/\/pasaenmendoza.com\/index.php?rest_route=\/wp\/v2\/media\/2558"}],"wp:attachment":[{"href":"https:\/\/pasaenmendoza.com\/index.php?rest_route=%2Fwp%2Fv2%2Fmedia&parent=2557"}],"wp:term":[{"taxonomy":"category","embeddable":true,"href":"https:\/\/pasaenmendoza.com\/index.php?rest_route=%2Fwp%2Fv2%2Fcategories&post=2557"},{"taxonomy":"post_tag","embeddable":true,"href":"https:\/\/pasaenmendoza.com\/index.php?rest_route=%2Fwp%2Fv2%2Ftags&post=2557"}],"curies":[{"name":"wp","href":"https:\/\/api.w.org\/{rel}","templated":true}]}}