{"id":2564,"date":"2023-10-27T14:44:21","date_gmt":"2023-10-27T12:44:21","guid":{"rendered":"https:\/\/pasaenmendoza.com\/?p=2564"},"modified":"2023-10-27T14:44:23","modified_gmt":"2023-10-27T12:44:23","slug":"importante-aumento-salarial-lograron-los-empleados-de-comercio","status":"publish","type":"post","link":"https:\/\/pasaenmendoza.com\/?p=2564","title":{"rendered":"Importante aumento salarial lograron los empleados de comercio"},"content":{"rendered":"\n<p>El secretario General de la\u00a0<strong>Federaci\u00f3n Argentina de Empleados de Comercio y Servicios<\/strong>\u00a0(FAECYS), Armando Cavalieri, anunci\u00f3 ayer jueves que el gremio consigui\u00f3 un<strong>\u00a0aumento<\/strong>\u00a0<strong>salarial<\/strong>\u00a0del 47% para los empleados del sector durante los \u00faltimos tres meses de 2023. De esta manera, el salario b\u00e1sico alcanza el piso de 397.400 pesos, m\u00e1s los adicionales.<\/p>\n\n\n\n<p>La suba lograda se dividir\u00e1 en tres tramos: 20% en octubre, 13,3% en noviembre y 13,3% en diciembre. Adem\u00e1s, dentro del acuerdo hubo una cl\u00e1usula que estipula una nueva reuni\u00f3n en diciembre, para evaluar la evoluci\u00f3n de la inflaci\u00f3n.<\/p>\n\n\n\n<p>Este incremento es a nivel nacional y, por ende, beneficiar\u00e1 a los empleados de comercio de&nbsp;<strong>Mendoza<\/strong>, nucleados en el&nbsp;<strong>Centro de Empleados de Comercio<\/strong>, entidad que conduce Fernando Ligorria.<\/p>\n\n\n\n<h3 class=\"wp-block-heading\"><strong>\u201cSon para mantener el poder adquisitivo de los empleados\u201d<\/strong><\/h3>\n\n\n\n<p>\u201cEstos acuerdos trimestrales nos permiten estar m\u00e1s en sinton\u00eda con el incremento de los precios, y de esta maneta contribuimos a mantener el poder adquisitivo de los empleados de comercio, garantizar su bienestar econ\u00f3mico en un entorno marcado por la fluctuaci\u00f3n de los costos y la constante evoluci\u00f3n de la econom\u00eda\u201d, se\u00f1al\u00f3 Cavalieri luego de la reuni\u00f3n mantenida este jueves en el Ministerio de Trabajo, Empleo y Seguridad Social.<\/p>\n\n\n\n<p>El acuerdo salarial corresponde a la paritaria de comercio que va de abril de 2023 a marzo de 2024. \u201cEs importante destacar el trabajo de todos los sectores, empresarios, el Ministerio de Trabajo y los trabajadores. Y que, a pesar del complejo contexto, mantengamos un di\u00e1logo constante\u201d, resalt\u00f3 Cavalieri.<\/p>\n\n\n\n<p><strong>Fuente: www.diariomendoza.com.ar<\/strong><\/p>\n","protected":false},"excerpt":{"rendered":"<p>El secretario General de la\u00a0Federaci\u00f3n Argentina de Empleados de Comercio y Servicios\u00a0(FAECYS), Armando Cavalieri, anunci\u00f3 ayer jueves que el gremio consigui\u00f3 un\u00a0aumento\u00a0salarial\u00a0del 47% para los empleados del sector durante los \u00faltimos tres meses de 2023. De esta manera, el salario b\u00e1sico alcanza el piso de 397.400 pesos, m\u00e1s los adicionales. La suba lograda se dividir\u00e1 [&hellip;]<\/p>\n","protected":false},"author":2,"featured_media":2570,"comment_status":"open","ping_status":"open","sticky":false,"template":"","format":"standard","meta":[],"categories":[75],"tags":[],"_links":{"self":[{"href":"https:\/\/pasaenmendoza.com\/index.php?rest_route=\/wp\/v2\/posts\/2564"}],"collection":[{"href":"https:\/\/pasaenmendoza.com\/index.php?rest_route=\/wp\/v2\/posts"}],"about":[{"href":"https:\/\/pasaenmendoza.com\/index.php?rest_route=\/wp\/v2\/types\/post"}],"author":[{"embeddable":true,"href":"https:\/\/pasaenmendoza.com\/index.php?rest_route=\/wp\/v2\/users\/2"}],"replies":[{"embeddable":true,"href":"https:\/\/pasaenmendoza.com\/index.php?rest_route=%2Fwp%2Fv2%2Fcomments&post=2564"}],"version-history":[{"count":1,"href":"https:\/\/pasaenmendoza.com\/index.php?rest_route=\/wp\/v2\/posts\/2564\/revisions"}],"predecessor-version":[{"id":2569,"href":"https:\/\/pasaenmendoza.com\/index.php?rest_route=\/wp\/v2\/posts\/2564\/revisions\/2569"}],"wp:featuredmedia":[{"embeddable":true,"href":"https:\/\/pasaenmendoza.com\/index.php?rest_route=\/wp\/v2\/media\/2570"}],"wp:attachment":[{"href":"https:\/\/pasaenmendoza.com\/index.php?rest_route=%2Fwp%2Fv2%2Fmedia&parent=2564"}],"wp:term":[{"taxonomy":"category","embeddable":true,"href":"https:\/\/pasaenmendoza.com\/index.php?rest_route=%2Fwp%2Fv2%2Fcategories&post=2564"},{"taxonomy":"post_tag","embeddable":true,"href":"https:\/\/pasaenmendoza.com\/index.php?rest_route=%2Fwp%2Fv2%2Ftags&post=2564"}],"curies":[{"name":"wp","href":"https:\/\/api.w.org\/{rel}","templated":true}]}}