{"id":2567,"date":"2023-10-27T14:50:29","date_gmt":"2023-10-27T12:50:29","guid":{"rendered":"https:\/\/pasaenmendoza.com\/?p=2567"},"modified":"2023-10-27T14:50:30","modified_gmt":"2023-10-27T12:50:30","slug":"un-taxista-choco-a-dos-ciclistas-en-las-heras-uno-quedo-en-terapia-intensiva","status":"publish","type":"post","link":"https:\/\/pasaenmendoza.com\/?p=2567","title":{"rendered":"Un taxista choc\u00f3 a dos ciclistas en Las Heras: uno qued\u00f3 en terapia intensiva"},"content":{"rendered":"\n<p>Un grave\u00a0<strong>accidente<\/strong>\u00a0tuvo lugar este jueves en\u00a0<strong>Las Heras<\/strong>, cuando un taxista de 51 a\u00f1os atropell\u00f3 a dos\u00a0<strong>ciclistas<\/strong>. Ambos tienen 18 a\u00f1os y como resultado del choque, fueron trasladados al Hospital Central.\u00a0<\/p>\n\n\n\n<p>Fuentes policiales informaron que el siniestro se produjo cerca de las 12.15 en calles Bah\u00eda Blanca e Ingeniero Balloffet del municipio lasherino (ver mapa a continuaci\u00f3n). Los dos\u00a0<strong>ciclistas<\/strong>\u00a0circulaban por esa zona cuando el conductor del rodado mayor, un hombre cuyas iniciales son D. A. R., los atropell\u00f3.<\/p>\n\n\n\n<p>Mientras la ambulancia trasladaba a los j\u00f3venes al Hospital Central, al conductor del\u00a0<strong>taxi<\/strong>\u00a0le realizaron un test de alcoholemia, que arroj\u00f3 resultado negativo de 0.00%.<\/p>\n\n\n\n<p>El Central inform\u00f3 que el joven de iniciales N. U. V. presenta politraumatismos con fractura en brazo derecho y fractura en f\u00e9mur izquierdo. Fue internado en terapia intensiva. La otra v\u00edctima, J. A. M., fue diagnosticada con politraumatismos.<\/p>\n\n\n\n<p>El caso qued\u00f3 en manos de la Oficina Fiscal N\u00b06.<\/p>\n\n\n\n<p><strong>Fuente: www.mendozapost.com<\/strong><\/p>\n","protected":false},"excerpt":{"rendered":"<p>Un grave\u00a0accidente\u00a0tuvo lugar este jueves en\u00a0Las Heras, cuando un taxista de 51 a\u00f1os atropell\u00f3 a dos\u00a0ciclistas. Ambos tienen 18 a\u00f1os y como resultado del choque, fueron trasladados al Hospital Central.\u00a0 Fuentes policiales informaron que el siniestro se produjo cerca de las 12.15 en calles Bah\u00eda Blanca e Ingeniero Balloffet del municipio lasherino (ver mapa a [&hellip;]<\/p>\n","protected":false},"author":2,"featured_media":2571,"comment_status":"open","ping_status":"open","sticky":false,"template":"","format":"standard","meta":[],"categories":[48],"tags":[],"_links":{"self":[{"href":"https:\/\/pasaenmendoza.com\/index.php?rest_route=\/wp\/v2\/posts\/2567"}],"collection":[{"href":"https:\/\/pasaenmendoza.com\/index.php?rest_route=\/wp\/v2\/posts"}],"about":[{"href":"https:\/\/pasaenmendoza.com\/index.php?rest_route=\/wp\/v2\/types\/post"}],"author":[{"embeddable":true,"href":"https:\/\/pasaenmendoza.com\/index.php?rest_route=\/wp\/v2\/users\/2"}],"replies":[{"embeddable":true,"href":"https:\/\/pasaenmendoza.com\/index.php?rest_route=%2Fwp%2Fv2%2Fcomments&post=2567"}],"version-history":[{"count":1,"href":"https:\/\/pasaenmendoza.com\/index.php?rest_route=\/wp\/v2\/posts\/2567\/revisions"}],"predecessor-version":[{"id":2572,"href":"https:\/\/pasaenmendoza.com\/index.php?rest_route=\/wp\/v2\/posts\/2567\/revisions\/2572"}],"wp:featuredmedia":[{"embeddable":true,"href":"https:\/\/pasaenmendoza.com\/index.php?rest_route=\/wp\/v2\/media\/2571"}],"wp:attachment":[{"href":"https:\/\/pasaenmendoza.com\/index.php?rest_route=%2Fwp%2Fv2%2Fmedia&parent=2567"}],"wp:term":[{"taxonomy":"category","embeddable":true,"href":"https:\/\/pasaenmendoza.com\/index.php?rest_route=%2Fwp%2Fv2%2Fcategories&post=2567"},{"taxonomy":"post_tag","embeddable":true,"href":"https:\/\/pasaenmendoza.com\/index.php?rest_route=%2Fwp%2Fv2%2Ftags&post=2567"}],"curies":[{"name":"wp","href":"https:\/\/api.w.org\/{rel}","templated":true}]}}