{"id":2573,"date":"2023-10-30T12:15:39","date_gmt":"2023-10-30T11:15:39","guid":{"rendered":"https:\/\/pasaenmendoza.com\/?p=2573"},"modified":"2023-10-30T12:15:41","modified_gmt":"2023-10-30T11:15:41","slug":"massa-o-milei-la-pregunta-del-billon-que-ni-alfredo-cornejo-puede-responder","status":"publish","type":"post","link":"https:\/\/pasaenmendoza.com\/?p=2573","title":{"rendered":"Massa o Milei: la pregunta del bill\u00f3n que ni Alfredo Cornejo puede responder"},"content":{"rendered":"\n<p>La pol\u00edtica mendocina siente el impacto por las dudas que genera el balotaje. La dependencia de la Naci\u00f3n inquieta y hay m\u00e1s de un bill\u00f3n de pesos en juego. C\u00f3mo se reordena el tablero pol\u00edtico.<\/p>\n\n\n\n<p><strong>Sergio Massa<\/strong>\u00a0gan\u00f3 las elecciones y\u00a0<strong>Javier Milei<\/strong>\u00a0ser\u00e1 su rival en el balotaje para saber qui\u00e9n ser\u00e1 el presidente de la Naci\u00f3n. El resultado gener\u00f3 extra\u00f1as sensaciones de \u00e9xito en un grupo, de fracaso corporativo en otro y mucha ansiedad.\u00a0<strong>Massa<\/strong>\u00a0logr\u00f3 cautivar al electorado, Milei tambi\u00e9n en su parte y Juntos por el Cambio muerde el polvo. Pero no modific\u00f3 nada de lo que pasa. Inflaci\u00f3n, pobreza, hambre e incertidumbre. Creer lo contrario tras las elecciones est\u00e1 m\u00e1s cerca de la literatura que de la realidad; del realismo m\u00e1gico que de lo que se vive en el d\u00eda a d\u00eda. No fue una elecci\u00f3n de sonrisas, sino de penas. De hecho en lo discursivo gan\u00f3 el miedo, antes que la esperanza; la angustia por cu\u00e1n incierto puede ser el futuro con uno u otro, antes que las propuestas de mejora.<\/p>\n\n\n\n<p>La incertidumbre se potencia en las provincias que, por estructura institucional y configuraci\u00f3n pol\u00edtica, tienen una alta dependencia nacional. En Mendoza las adhesiones a\u00a0<strong>Massa<\/strong>,\u00a0<strong>Milei<\/strong>\u00a0y \u201cla neutralidad\u201d de otros generan un ruido extra en un clima pol\u00edtico que ya era malo. Y nadie se anima a responder a nivel personal, ni institucional qu\u00e9 le conviene a Mendoza.<\/p>\n\n\n\n<p>La provincia transit\u00f3 una de las campa\u00f1as m\u00e1s sucias que se recuerden, con da\u00f1os estructurales en la matriz pol\u00edtica que parecen dif\u00edciles de sanear. El 9 de diciembre asume Alfredo Cornejo y a\u00fan no est\u00e1 claro con qu\u00e9 arquitectura lo enfrentar\u00e1n las tres principales fuerzas pol\u00edticas. La Uni\u00f3n Mendocina explota de incoherencias, como las propias picard\u00edas de De Marchi al gesticular a favor de\u00a0<strong>Milei<\/strong>, pregonar la imparcialidad y recibir gestos de\u00a0<strong>Massa<\/strong>. Cambia Mendoza tiene matices extra\u00f1os tambi\u00e9n, como dirigentes que firman cartas para no apoyar a ninguno, pero luego militan por Milei o, como ocurre en altas esferas de ese sector, cranean puentes con\u00a0<strong>Massa<\/strong>, pero coquetean con la postura de Bullrich. El PJ local vive un veranito, a pesar de estar en el fondo de la tabla, gracias a la uni\u00f3n forzada que lograron detr\u00e1s de\u00a0<strong>Massa<\/strong>.<\/p>\n\n\n\n<p>En la pol\u00edtica vern\u00e1cula siguen las esquirlas de las novedades impulsadas al calor de la campa\u00f1a y que tienen una inercia judicial imparable. Es lo que ocurre con la imputaci\u00f3n de Daniel Orozco y Janina Ortiz. El actual intendente de Las Heras est\u00e1 cada vez m\u00e1s complicado y su pareja, Ortiz, tiene los fueros a la vista. Pero antes deber\u00e1 superar el filtro pol\u00edtico de la comisi\u00f3n de poderes de la Legislatura, que analizar\u00e1 el \u201cpliego\u201d y podr\u00eda proponer que no asuma por su imputaci\u00f3n.<\/p>\n\n\n\n<p>Cornejo espera para armar su gabinete, que ser\u00e1 m\u00e1s \u201ccorto\u201d y austero que el actual. Tambi\u00e9n tiene en pausa otras definiciones. El gobernador electo tom\u00f3 como prioridad recoger los restos y tratar de rearmar lo que queda de Juntos por el Cambio. Cuenta para ello con la misma estructura que ya ten\u00eda en su cabeza: los gobernadores, intendentes y legisladores fieles a esa idea de unidad. No solo hay radicales, sino algunos cuadros del Pro que tienen m\u00e1s impronta pol\u00edtica que los \u201ccapitalinos\u201d, como es el caso de Rogelio Frigerio.<\/p>\n\n\n\n<h2 class=\"wp-block-heading\">La pregunta del bill\u00f3n<\/h2>\n\n\n\n<p>La atenci\u00f3n en la elecci\u00f3n nacional no tiene que ver solamente con las posturas pol\u00edticas, sino tambi\u00e9n con la vida institucional, econ\u00f3mica y financiera de la Provincia. M\u00e1s de la mitad de los recursos de la provincia dependen de las transferencias nacionales, solo contando la coparticipaci\u00f3n. De manera autom\u00e1tica la Naci\u00f3n deber\u00eda transferirle a Mendoza m\u00e1s de un bill\u00f3n de pesos el a\u00f1o que viene (en realidad ser\u00e1 el doble por la inflaci\u00f3n), y quedan fuera de esa cuenta las obras. A\u00fan buscan c\u00f3mo cubrir los agujeros que hoy les dej\u00f3 Massa, como los 90 mil millones menos por el recorte al impuesto a las ganancias y el IVA o la falta de transferencias del subsidio al transporte p\u00fablico.<\/p>\n\n\n\n<p>Esos argumentos le suman al oficialismo mendocino para disimular la forma m\u00e1s c\u00f3moda de recaudar que tiene: los intereses por colocaciones financieras de los \u201cahorros\u201d. El dinero no invertido se acumula y ya suma m\u00e1s de 80 mil millones de pesos, dos n\u00f3minas salariales y el doble de lo que se proyecta recaudar por impuestos patrimoniales. Todo, sin mover nada, sin riesgo y planchando la posible inversi\u00f3n. El \u201cahorro\u201d, explican, es para enfrentar contingencias, como el pago de deudas, atrasos en transferencias y adelantar pago de obras. Es lo que hizo la provincia con el Metrotranv\u00eda: antes de que la empresa mueva una piedra, ya ten\u00eda depositados miles de millones de pesos para comenzar, tambi\u00e9n sin riesgo para ellos.<\/p>\n\n\n\n<p>Los gobiernos de Mendoza han tenido actitudes tibias respecto a la Naci\u00f3n. Incluso salvo Rodolfo Suarez, siempre han sido filo oficialistas, a\u00fan con signos partidarios distintos. Cornejo gobernar\u00e1 por primera vez con un presidente del que ser\u00e1 opositor y con una b\u00fasqueda pol\u00edtica que probablemente lo enfrente m\u00e1s. A\u00fan as\u00ed, en el entorno del gobernador electo creen que con Sergio Massa podr\u00e1n negociar una relaci\u00f3n \u201csensata\u201d, si es elegido presidente. Rodolfo Suarez tuvo, hasta el inicio de la campa\u00f1a, una relaci\u00f3n personal cordial con Massa. Ten\u00eda, adem\u00e1s, quienes hac\u00edan de puente. Cornejo es m\u00e1s duro en ese sentido. Si es Milei, la puerta se la podr\u00eda abrir su aliada Patricia Bullrich, a\u00fan a pesar de las barbaridades que el libertario dijo del mendocino.<\/p>\n\n\n\n<p>FUENTE: Mdzonline.<\/p>\n","protected":false},"excerpt":{"rendered":"<p>La pol\u00edtica mendocina siente el impacto por las dudas que genera el balotaje. La dependencia de la Naci\u00f3n inquieta y hay m\u00e1s de un bill\u00f3n de pesos en juego. C\u00f3mo se reordena el tablero pol\u00edtico. Sergio Massa\u00a0gan\u00f3 las elecciones y\u00a0Javier Milei\u00a0ser\u00e1 su rival en el balotaje para saber qui\u00e9n ser\u00e1 el presidente de la Naci\u00f3n. [&hellip;]<\/p>\n","protected":false},"author":2,"featured_media":2574,"comment_status":"open","ping_status":"open","sticky":true,"template":"","format":"standard","meta":[],"categories":[47],"tags":[],"_links":{"self":[{"href":"https:\/\/pasaenmendoza.com\/index.php?rest_route=\/wp\/v2\/posts\/2573"}],"collection":[{"href":"https:\/\/pasaenmendoza.com\/index.php?rest_route=\/wp\/v2\/posts"}],"about":[{"href":"https:\/\/pasaenmendoza.com\/index.php?rest_route=\/wp\/v2\/types\/post"}],"author":[{"embeddable":true,"href":"https:\/\/pasaenmendoza.com\/index.php?rest_route=\/wp\/v2\/users\/2"}],"replies":[{"embeddable":true,"href":"https:\/\/pasaenmendoza.com\/index.php?rest_route=%2Fwp%2Fv2%2Fcomments&post=2573"}],"version-history":[{"count":1,"href":"https:\/\/pasaenmendoza.com\/index.php?rest_route=\/wp\/v2\/posts\/2573\/revisions"}],"predecessor-version":[{"id":2575,"href":"https:\/\/pasaenmendoza.com\/index.php?rest_route=\/wp\/v2\/posts\/2573\/revisions\/2575"}],"wp:featuredmedia":[{"embeddable":true,"href":"https:\/\/pasaenmendoza.com\/index.php?rest_route=\/wp\/v2\/media\/2574"}],"wp:attachment":[{"href":"https:\/\/pasaenmendoza.com\/index.php?rest_route=%2Fwp%2Fv2%2Fmedia&parent=2573"}],"wp:term":[{"taxonomy":"category","embeddable":true,"href":"https:\/\/pasaenmendoza.com\/index.php?rest_route=%2Fwp%2Fv2%2Fcategories&post=2573"},{"taxonomy":"post_tag","embeddable":true,"href":"https:\/\/pasaenmendoza.com\/index.php?rest_route=%2Fwp%2Fv2%2Ftags&post=2573"}],"curies":[{"name":"wp","href":"https:\/\/api.w.org\/{rel}","templated":true}]}}