{"id":2576,"date":"2023-10-30T12:20:52","date_gmt":"2023-10-30T11:20:52","guid":{"rendered":"https:\/\/pasaenmendoza.com\/?p=2576"},"modified":"2023-10-30T12:20:53","modified_gmt":"2023-10-30T11:20:53","slug":"de-burros-y-patoteros-asi-surgio-el-conflicto-entre-nacion-y-mendoza-por-un-avion-hidrante","status":"publish","type":"post","link":"https:\/\/pasaenmendoza.com\/?p=2576","title":{"rendered":"De \u201cburros\u201d y \u201cpatoteros\u201d: as\u00ed surgi\u00f3 el conflicto entre Naci\u00f3n y Mendoza por un avi\u00f3n hidrante"},"content":{"rendered":"\n<p>La Provincia hab\u00eda reclamado al Gobierno nacional una aeronave en medio del inicio de la temporada de mayor peligrosidad de incendios.<\/p>\n\n\n\n<p>Con capacidad para cargar tres mil litros de agua, dos aviones hidrantes del<strong>&nbsp;Servicio Nacional de Manejo del Fuego&nbsp;<\/strong>(SNMF) comenzaron a combatir el incendio que se extiende sin tregua desde la noche del s\u00e1bado en El Challao.<\/p>\n\n\n\n<p>Las aeronaves, que llegaron durante la siesta de este domingo desde San Luis, hab\u00edan generado un fuerte cruce entre el Gobierno Nacional y Mendoza, en donde una y otra parte se tildaron de \u201cburros\u201d y \u201cpatoteros\u201d.<\/p>\n\n\n\n<p>Todo comenz\u00f3 a mediados de octubre cuando el SNMF alert\u00f3 que el norte y centro de\u00a0<strong>Mendoza\u00a0<\/strong>se encontraban bajo condiciones \u201cextremas\u201d de mayor peligrosidad de ocurrencia de\u00a0<strong>incendios<\/strong>, en medio del inicio de la temporada de este tipo de siniestros que es noviembre.<\/p>\n\n\n\n<p>En esa oportunidad,&nbsp;<strong>Sebasti\u00e1n Melchor<\/strong>, director de Recursos Naturales Renovables&nbsp;&nbsp;afirm\u00f3 en una entrevista con&nbsp;<em>El Sol<\/em>&nbsp;que la provincia no cuenta con un avi\u00f3n hidrante desde hace dos a\u00f1os, un recurso que administra Naci\u00f3n y que se hab\u00edan realizado diversos reclamos.<\/p>\n\n\n\n<p>\u201c<em>La provincia no cuenta con aviones hidrantes, as\u00ed como el helic\u00f3ptero que ten\u00edamos a disposici\u00f3n, los pone el Servicio Nacional de Manejo del Fuego. Hay un fondo que es el que licita las horas de vuelo y la disposici\u00f3n de los aviones<\/em>,&nbsp;<em>pero desde que est\u00e1 el actual Gobierno, desde hace dos a\u00f1os, no contamos con ese recurso<\/em>\u201d, hab\u00eda afirmado Melchor.<\/p>\n\n\n\n<p>Consultado por este medio, el ministro de Ambiente y Desarrollo Sostenible de la Naci\u00f3n,<strong>\u00a0Juan Cabandi\u00e9<\/strong>\u00a0sali\u00f3 a desmentirlo y hasta tild\u00f3 el reclamo de \u201c<strong>burrada<\/strong>\u201c.<\/p>\n\n\n\n<p>\u201c<em>Todos los aviones y helic\u00f3pteros est\u00e1n a disposici\u00f3n de todas las provincias. \u00bfDe qu\u00e9 sirve poner un avi\u00f3n en Mendoza o Bariloche en el invierno? Se ponen en zona a partir de los indicadores de riesgo<\/em>\u201c, analiz\u00f3<\/p>\n\n\n\n<p>Y arremeti\u00f3: \u201c<em>Es una visi\u00f3n muy porte\u00f1a. \u00bfVoy a poner un avi\u00f3n en Buenos Aires para apagar los incendios en los lagos de Palermo? Es una burrada<\/em>\u201c.<\/p>\n\n\n\n<p>Un d\u00eda despu\u00e9s del cruce, el secretario de Ambiente y Ordenamiento Territorial,&nbsp;<strong>Humberto Mingorance<\/strong>&nbsp;us\u00f3 sus redes para responderle a su par de Naci\u00f3n.<\/p>\n\n\n\n<p><em>\u201cNunca m\u00e1s nos faltes el respeto, no nos manejamos ni como ni con patoteros\u201d<\/em>, dispar\u00f3 Mingorance.<\/p>\n\n\n\n<h2 class=\"wp-block-heading\" id=\"h-fuerte-operativo\">Fuerte operativo<\/h2>\n\n\n\n<p>&nbsp;Los dos aviones finalmente pudieron iniciar las operaciones cerca de las 17 en medio de las r\u00e1fagas de 80 kil\u00f3metros por hora. Se encontraban esperando la luz verde en el aer\u00f3dromo de La Puntilla.<\/p>\n\n\n\n<p>\u201cEsto es porque hay una peque\u00f1a ventana que permite que puedan despegar\u201d, explicaron desde la Secretar\u00eda de Ambiente.<\/p>\n\n\n\n<p>\u201cSin embargo, el viento es muy cambiante. A medida que se intensifica tienen que volver a bajar y esperar. Y a medida que hay un bachecito para cubrir, suben y operan. En este momento lo est\u00e1n haciendo los dos aviones hidrantes\u201d, agregaron las autoridades.<\/p>\n\n\n\n<p>Adem\u00e1s de los aviones hidrantes, se ha coordinado el desplazamiento de bomberos voluntarios desde otras provincias para brindar apoyo en tierra.<\/p>\n\n\n\n<p>FUENTE: elsol.com.ar<\/p>\n","protected":false},"excerpt":{"rendered":"<p>La Provincia hab\u00eda reclamado al Gobierno nacional una aeronave en medio del inicio de la temporada de mayor peligrosidad de incendios. Con capacidad para cargar tres mil litros de agua, dos aviones hidrantes del&nbsp;Servicio Nacional de Manejo del Fuego&nbsp;(SNMF) comenzaron a combatir el incendio que se extiende sin tregua desde la noche del s\u00e1bado en [&hellip;]<\/p>\n","protected":false},"author":2,"featured_media":2577,"comment_status":"open","ping_status":"open","sticky":true,"template":"","format":"standard","meta":[],"categories":[47],"tags":[],"_links":{"self":[{"href":"https:\/\/pasaenmendoza.com\/index.php?rest_route=\/wp\/v2\/posts\/2576"}],"collection":[{"href":"https:\/\/pasaenmendoza.com\/index.php?rest_route=\/wp\/v2\/posts"}],"about":[{"href":"https:\/\/pasaenmendoza.com\/index.php?rest_route=\/wp\/v2\/types\/post"}],"author":[{"embeddable":true,"href":"https:\/\/pasaenmendoza.com\/index.php?rest_route=\/wp\/v2\/users\/2"}],"replies":[{"embeddable":true,"href":"https:\/\/pasaenmendoza.com\/index.php?rest_route=%2Fwp%2Fv2%2Fcomments&post=2576"}],"version-history":[{"count":1,"href":"https:\/\/pasaenmendoza.com\/index.php?rest_route=\/wp\/v2\/posts\/2576\/revisions"}],"predecessor-version":[{"id":2578,"href":"https:\/\/pasaenmendoza.com\/index.php?rest_route=\/wp\/v2\/posts\/2576\/revisions\/2578"}],"wp:featuredmedia":[{"embeddable":true,"href":"https:\/\/pasaenmendoza.com\/index.php?rest_route=\/wp\/v2\/media\/2577"}],"wp:attachment":[{"href":"https:\/\/pasaenmendoza.com\/index.php?rest_route=%2Fwp%2Fv2%2Fmedia&parent=2576"}],"wp:term":[{"taxonomy":"category","embeddable":true,"href":"https:\/\/pasaenmendoza.com\/index.php?rest_route=%2Fwp%2Fv2%2Fcategories&post=2576"},{"taxonomy":"post_tag","embeddable":true,"href":"https:\/\/pasaenmendoza.com\/index.php?rest_route=%2Fwp%2Fv2%2Ftags&post=2576"}],"curies":[{"name":"wp","href":"https:\/\/api.w.org\/{rel}","templated":true}]}}