{"id":2579,"date":"2023-10-30T12:26:08","date_gmt":"2023-10-30T11:26:08","guid":{"rendered":"https:\/\/pasaenmendoza.com\/?p=2579"},"modified":"2023-10-30T12:27:50","modified_gmt":"2023-10-30T11:27:50","slug":"mendoza-homenajea-a-los-jueces-que-condenaron-a-los-dictadores","status":"publish","type":"post","link":"https:\/\/pasaenmendoza.com\/?p=2579","title":{"rendered":"Mendoza homenajea a los jueces que condenaron a los dictadores"},"content":{"rendered":"\n<p>Hoy lunes 30 se cumplen cuatro d\u00e9cadas de la elecci\u00f3n que gan\u00f3&nbsp;<strong>Ra\u00fal Alfons\u00edn<\/strong>&nbsp;y que dio por finalizada la \u00faltima dictadura c\u00edvico militar, una de las etapas m\u00e1s cruentas para el pa\u00eds, no solo en lo pol\u00edtico sino tambi\u00e9n en lo econ\u00f3mico porque se contrajo una deuda externa cuantiosa, recuerdan los revisionistas en el actual contexto electoral.<\/p>\n\n\n\n<p>Ahora, a instancias de un consejero de la Facultad de Derecho de la Universidad Nacional de Cuyo (UNCuyo) y en honor a aquel acontecimiento hist\u00f3rico, el Consejo Superior de la casa de Estudios decidi\u00f3 distinguir con el t\u00edtulo de&nbsp;<strong>Doctor Honoris Causa<\/strong>&nbsp;a&nbsp;<strong>Ricardo Gil Lavedra<\/strong>,&nbsp;<strong>Jorge Valerga Ar\u00e1oz<\/strong>,&nbsp;<strong>Guillermo Ledesma<\/strong>y&nbsp;<strong>Le\u00f3n Arslanian<\/strong>,los jueces del trascendente&nbsp;<strong>Juicio a las Junta Militares<\/strong>&nbsp;que cooptaron el poder y sometieron a un r\u00e9gimen dictatorial a la poblaci\u00f3n durante siete a\u00f1os entre 1976 y 1983.<\/p>\n\n\n\n<p>Aquel proceso judicial ocurri\u00f3 en 1985 y fue puesto en valor por la pel\u00edcula&nbsp;<em>Argentina 1985<\/em>&nbsp;hace un a\u00f1o y trajo al presente aquel suceso por el que los jueces ser\u00e1n distinguidos &#8220;por su valiosa e imprescindible contribuci\u00f3n a la consolidaci\u00f3n de la democracia en la Argentina&#8221;.&nbsp;&nbsp;<\/p>\n\n\n\n<p>Eso mismo, el juicio a las Juntas fue un hito en la consolidaci\u00f3n de la democracia, pero m\u00e1s a\u00fan de la rep\u00fablica recientemente recuperada. Fue un acto institucional que ratific\u00f3 la voluntad de aplicar el principio de divisi\u00f3n de poderes (balance de poderes, dir\u00eda Jos\u00e9 Octavio Bord\u00f3n).<\/p>\n\n\n\n<p>Fue un juicio hist\u00f3rico a nivel global porque por primera vez un tribunal civil enjuici\u00f3 a quienes aplicando el terrorismo de Estado cometieron cr\u00edmenes contra los derechos humanos. En ese recordatorio sobresale la figura&nbsp;<strong>Julio C\u00e9sar Strassera&nbsp;<\/strong>como fiscal de la causa. De hecho la historia de la pel\u00edcula gira en torno a los avatares de los fiscales Strassera y su adjunto Luis Moreno Ocampo.<\/p>\n\n\n\n<p>&#8220;Entre los motivos del reconocimiento a los jueces que integraron el hist\u00f3rico Juicio a las Juntas Militares celebrado en nuestro pa\u00eds en 1985, cuyo principal objetivo fue juzgar por primera vez en la historia universal los cr\u00edmenes de Lesa Humanidad ocurridos durante el gobierno de facto que despleg\u00f3 el terrorismo de Estado en Argentina durante la \u00faltima dictadura c\u00edvico-militar-eclesi\u00e1stica (1976 &#8211; 1983), se se\u00f1al\u00f3 el invaluable aporte pol\u00edtico cultural que representa para la democracia moderna y para la historia universal, la concreci\u00f3n de ese juicio&#8221;, destaca el texto oficial universitario.&nbsp;&nbsp;<\/p>\n\n\n\n<p>Los homenajeados&nbsp;<\/p>\n\n\n\n<figure class=\"wp-block-image\"><img decoding=\"async\" src=\"https:\/\/www.mendozapost.com\/files\/image\/524\/524477\/653f04aa6612c_570_339!.jpg?s=577a257ca0327404c21e36753b0d6b5c&amp;d=1698628783\" alt=\"\"\/><\/figure>\n\n\n\n<p><strong>Ricardo Gil Lavedra<\/strong>&nbsp;ingres\u00f3 a la Justicia en 1973 como Secretario Relator de Ministro de la Suprema Corte de Justicia de la Provincia de Buenos Aires, 1973. Y en la actualidad es presidente del Consejo Directivo del Colegio P\u00fablico de Abogac\u00eda de la Capital Federal.<\/p>\n\n\n\n<figure class=\"wp-block-image\"><img decoding=\"async\" src=\"https:\/\/www.mendozapost.com\/files\/image\/524\/524479\/653f04c9e8dbd_570_328!.jpg?s=7e7a538b64682d07776f01688a2138e7&amp;d=1698628813\" alt=\"\"\/><\/figure>\n\n\n\n<p><strong>Jorge Valerga Ar\u00e1oz<\/strong>&nbsp;ingres\u00f3 al el Poder Judicial de la Naci\u00f3n en 1970, en un juzgado en lo Criminal de Instrucci\u00f3n, siendo estudiante de abogac\u00eda, como meritorio sin rentar. Renunci\u00f3 a la Justicia en septiembre de 1987 y desde entonces ejerce libremente la profesi\u00f3n de abogado especialista en Derecho Penal en su propio bufete.&nbsp;<\/p>\n\n\n\n<figure class=\"wp-block-image\"><img decoding=\"async\" src=\"https:\/\/www.mendozapost.com\/files\/image\/524\/524481\/653f04f42bd93_570_777!.jpg?s=68f31006a066795fc84a0919aa660f66&amp;d=1698628856\" alt=\"\"\/><\/figure>\n\n\n\n<p><strong>Gullermo Ledesma<\/strong>&nbsp;ingres\u00f3 a la Justicia Nacional en 1961, como Auxiliar Mayor de S\u00e9ptima, en el Juzgado de Instrucci\u00f3n y lleg\u00f3 a ser Juez de la C\u00e1mara Nacional de Apelaciones en lo Criminal y Correccional Federal de la Capital Federal, en 1984. Desempe\u00f1\u00f3 otros diversos cargos con una importante carrera docente. Se destaca por sus numerosas publicaciones vinculadas al Derecho Penal, al Derecho Procesal Penal y a los Derechos Humanos.<\/p>\n\n\n\n<figure class=\"wp-block-image\"><img decoding=\"async\" src=\"https:\/\/www.mendozapost.com\/files\/image\/524\/524483\/653f05151943b_570_309!.jpg?s=4ca54e102de67d0fcafbc681b970fd50&amp;d=1698628889\" alt=\"\"\/><\/figure>\n\n\n\n<p><strong>Le\u00f3n Arslanian<\/strong>&nbsp;ingres\u00f3 a la Justicia como Prosecretario Electoral, en 1972, pas\u00f3 por diferentes cargos, hasta que en 2015 lo designan Miembro de la Comisi\u00f3n Asesora del Equipo de Diagn\u00f3stico e Implementaci\u00f3n para la Transferencia de la Direcci\u00f3n de Observaciones Judiciales, Procuraci\u00f3n General de la Naci\u00f3n. Tuvo diferentes cargos en la funci\u00f3n p\u00fablica y docentes, entre otras actividades profesionales y legislativas.&nbsp;<\/p>\n\n\n\n<p>El contexto actual<\/p>\n\n\n\n<p>La UNCuyo viene dando gestos institucionales en defensa del di\u00e1logo de los sectores sociales para acrecentar el sentido del debate democr\u00e1tico. Esto es le\u00eddo como una respuesta al avance de Milei con sus ideas privatizadoras de la educaci\u00f3n. La gesti\u00f3n de origen radical universitaria ha plantado bandera en ese sentido. Lo ha hecho en &#8220;defensa propia&#8221;.<\/p>\n\n\n\n<p>La rectora ha sido enf\u00e1tica en los actos de agosto por el aniversario de la Casa de Estudios al d\u00eda siguiente de las elecciones PASO cuando Milei sorprendi\u00f3 siendo el presidenciable m\u00e1s votado.<\/p>\n\n\n\n<p>S\u00e1nchez cerr\u00f3 su discurso as\u00ed ese d\u00eda: &#8220;Una Universidad de alta calidad acad\u00e9mica, p\u00fablica, gratuita, laica, inclusiva, abierta a la sociedad y al mundo, en la convicci\u00f3n de que la educaci\u00f3n es un derecho humano universal y un bien p\u00fablico social. Nos comprometemos en la lucha de estos principios cada d\u00eda con todas nuestras energ\u00edas en una entrega incondicional. \u00a1Universidad p\u00fablica siempre!&#8221;. Todos entendieron el sentido del mensaje pol\u00edtico de la jefa universitaria.<\/p>\n\n\n\n<p>Luego ampli\u00f3 estos espacios de pensamiento pol\u00edtico con el ciclo de\u00a0<strong>Espacio de Di\u00e1logo<\/strong>\u00a0de la Universidad organizado por el vicerrector Fidel como respuesta al ataque de grupos fundamentalistas religiosos a una muestra de arte en la sala contigua al rectorado inspirada en los derechos de las mujeres en conmemoraci\u00f3n del 8M.<\/p>\n\n\n\n<p>FUENTE: mendozapost.<br><\/p>\n\n\n\n<p><\/p>\n","protected":false},"excerpt":{"rendered":"<p>Hoy lunes 30 se cumplen cuatro d\u00e9cadas de la elecci\u00f3n que gan\u00f3&nbsp;Ra\u00fal Alfons\u00edn&nbsp;y que dio por finalizada la \u00faltima dictadura c\u00edvico militar, una de las etapas m\u00e1s cruentas para el pa\u00eds, no solo en lo pol\u00edtico sino tambi\u00e9n en lo econ\u00f3mico porque se contrajo una deuda externa cuantiosa, recuerdan los revisionistas en el actual contexto [&hellip;]<\/p>\n","protected":false},"author":2,"featured_media":2580,"comment_status":"open","ping_status":"open","sticky":true,"template":"","format":"standard","meta":[],"categories":[51],"tags":[],"_links":{"self":[{"href":"https:\/\/pasaenmendoza.com\/index.php?rest_route=\/wp\/v2\/posts\/2579"}],"collection":[{"href":"https:\/\/pasaenmendoza.com\/index.php?rest_route=\/wp\/v2\/posts"}],"about":[{"href":"https:\/\/pasaenmendoza.com\/index.php?rest_route=\/wp\/v2\/types\/post"}],"author":[{"embeddable":true,"href":"https:\/\/pasaenmendoza.com\/index.php?rest_route=\/wp\/v2\/users\/2"}],"replies":[{"embeddable":true,"href":"https:\/\/pasaenmendoza.com\/index.php?rest_route=%2Fwp%2Fv2%2Fcomments&post=2579"}],"version-history":[{"count":2,"href":"https:\/\/pasaenmendoza.com\/index.php?rest_route=\/wp\/v2\/posts\/2579\/revisions"}],"predecessor-version":[{"id":2583,"href":"https:\/\/pasaenmendoza.com\/index.php?rest_route=\/wp\/v2\/posts\/2579\/revisions\/2583"}],"wp:featuredmedia":[{"embeddable":true,"href":"https:\/\/pasaenmendoza.com\/index.php?rest_route=\/wp\/v2\/media\/2580"}],"wp:attachment":[{"href":"https:\/\/pasaenmendoza.com\/index.php?rest_route=%2Fwp%2Fv2%2Fmedia&parent=2579"}],"wp:term":[{"taxonomy":"category","embeddable":true,"href":"https:\/\/pasaenmendoza.com\/index.php?rest_route=%2Fwp%2Fv2%2Fcategories&post=2579"},{"taxonomy":"post_tag","embeddable":true,"href":"https:\/\/pasaenmendoza.com\/index.php?rest_route=%2Fwp%2Fv2%2Ftags&post=2579"}],"curies":[{"name":"wp","href":"https:\/\/api.w.org\/{rel}","templated":true}]}}