{"id":2582,"date":"2023-10-30T12:39:33","date_gmt":"2023-10-30T11:39:33","guid":{"rendered":"https:\/\/pasaenmendoza.com\/?p=2582"},"modified":"2023-10-30T12:39:34","modified_gmt":"2023-10-30T11:39:34","slug":"suarez-prepara-su-demanda-a-nacion-para-este-lunes-y-suma-a-gobernadores-de-juntos-por-el-cambio","status":"publish","type":"post","link":"https:\/\/pasaenmendoza.com\/?p=2582","title":{"rendered":"Suarez prepara su demanda a Naci\u00f3n para este lunes y suma a gobernadores de Juntos por el Cambio"},"content":{"rendered":"\n<p>Iban a ir en soledad, pero ahora esperan que se sumen al menos dos mandatarios m\u00e1s al reclamo. Es por los cambios en Ganancias y se agrega IVA. El Congreso, con mucha rosca. El rol de Cornejo<\/p>\n\n\n\n<p><strong>Rodolfo Suarez\u00a0<\/strong>tiene definido demandar a la\u00a0<strong>Naci\u00f3n\u00a0<\/strong>este mismo lunes\u00a0por los cambios en\u00a0<strong>Ganancias\u00a0<\/strong>y su eventual merma a la coparticipaci\u00f3n -adem\u00e1s de otros impuestos-. El viernes en Casa de Gobierno le dieron los toques finales y aunque hasta hace horas Mendoza impulsaba en soledad el pedido, esperan que se sumen al menos dos mandatarios m\u00e1s de<strong>\u00a0Juntos por el Cambio.<\/strong>\u00a0Justamente, esa nueva<strong>\u00a0Liga de Gobernadores<\/strong>\u00a0entr\u00f3 a jugar de lleno en el tablero pol\u00edtico y podr\u00eda tener su segundo gran golpe gracias al trabajo del sancarlino, de su gabinete y de Alfredo Cornejo. El rol que tendr\u00e1n en el la etapa que comienza y por qu\u00e9 el rosqueo en el Congreso toca de cerca a los mendocinos.<\/p>\n\n\n\n<p><strong>\u201cLa revisaron a fondo y la orden final fue que se llevara este mismo lunes\u201d.&nbsp;<\/strong>El planteo de inconstitucionalidad que vienen trabajando Fiscal\u00eda de Estado, la Asesor\u00eda Legal y el Ministerio de Gobierno ver\u00e1 la luz en breve y finalmente ir\u00eda de la mano con al menos dos provincias m\u00e1s:<strong>&nbsp;Jujuy, con Gerardo Morales a la cabeza y Corrientes, liderada por Gustavo Vald\u00e9s,&nbsp;<\/strong>seg\u00fan confi\u00f3 una alta fuente de la gesti\u00f3n. No es la \u00fanica novedad fuerte: adem\u00e1s de fortalecerse con esos aliados, tampoco ser\u00eda s\u00f3lo por Ganancias.<\/p>\n\n\n\n<p><strong>&#8220;Lo que hemos hecho es agregar IVA,\u00a0<\/strong>que es la otra modificaci\u00f3n que decidieron desde el Ejecutivo nacional. Y una de las cartas importantes que van a jugarse\u00a0<strong>es el fallo de la Corte en 2019. Cuando Mauricio Macri sac\u00f3 el IVA<\/strong>\u00a0a s\u00f3lo 19 productos, no a todos los de la canasta b\u00e1sica como ahora.<strong>\u00a0En ese momento, el tribunal se lo rechaz\u00f3.\u00a0<\/strong>Ese punto va a ser uno de los ejes en la manifestaci\u00f3n que hagamos&#8221;, contaron a<strong>\u00a0Diario UNO.<\/strong>\u00a0El documento podr\u00eda incluso incorporar a m\u00e1s dirigentes de la coalici\u00f3n opositora, que por estas horas a\u00fan deliberan si siguen o no la decisi\u00f3n de<strong>\u00a0Cambia Mendoza.<\/strong><\/p>\n\n\n\n<p>El documento es breve. Los que lo vieron por \u00faltima vez fueron<strong>\u00a0abogados del Ministerio de Gobierno y de la Fiscal\u00eda de Estado.\u00a0<\/strong>Aunque muchas veces son miembros de este \u00faltimo los que redactan la mayor parte, en esta oportunidad todo el armado de la presentaci\u00f3n corri\u00f3 por cuenta de la gente del sancarlino, sobre todo bajo el ala del ministro<strong>\u00a0V\u00edctor Iba\u00f1ez.<\/strong>\u00a0Ambos ya tienen \u201ccancha\u201d en pleitos judiciales contra el Gobierno nacional y tendr\u00e1n\u00a0<strong>su \u00faltimo gran cara a cara<\/strong>.<\/p>\n\n\n\n<p>Como ha contado este medio antes, la intenci\u00f3n es invocar un supuesto incumplimiento constitucional por parte Uni\u00f3n por la Patria a ra\u00edz de haber eliminado la<strong>\u00a0Cuarta Categor\u00eda del Impuesto a las Ganancias.\u00a0<\/strong>Al dejarse de percibir una porci\u00f3n de tal impuesto, y al ser \u00e9ste coparticipable -ahora\u00a0<strong>se sum\u00f3 tambi\u00e9n otro coparticipabl<\/strong>e, que es Valor Agregado- , las provincias ver\u00edan una merma en su recaudaci\u00f3n. Para Mendoza, de acuerdo a datos del Ministerio de Hacienda,\u00a0<strong>esos n\u00fameros podr\u00edan ser cercanos a los 70 mil millones de pesos<\/strong>\u00a0\u2013 a pesar de que una de las cifras m\u00e1s difundidas, casi oficializada pero\u00a0<strong>no por eso acertada, siempre esboz\u00f3 los 45 mil-.<\/strong><\/p>\n\n\n\n<h2 class=\"wp-block-heading\">C\u00f3mo se arm\u00f3 el respaldo y voces en contra a la demanda<\/h2>\n\n\n\n<p><strong>\u201cEl \u2018Rodi\u2019 estuvo en la reuni\u00f3n de los gobernadores de Juntos<\/strong>&nbsp;de esta semana y ah\u00ed se interesaron a\u00fan m\u00e1s en la propuesta. La verdad es que nosotros fuimos los primeros en darnos cuenta de que hab\u00eda una veta por este lado, que no s\u00f3lo se pod\u00eda sino que hab\u00eda que hacer la demanda\u201d, cuanta el entorno de Suarez. Seg\u00fan esas voces oficialistas,&nbsp;<strong>\u201chasta mandatarios del peronismo han llamado para interiorizarse de lo que queremos hacer\u201d.<\/strong><\/p>\n\n\n\n<p>Pero no necesariamente del peronismo que abreva en el ex Frente de Todos<strong>. Hubo charlas que apuntaron a que Juan Schiaretti acompa\u00f1ara a Mendoza en esta cruzada.<\/strong>\u00a0Fue por aquellos \u00faltimos d\u00edas de septiembre en los que el Cornejo pidi\u00f3 demorar la presentaci\u00f3n del Presupuesto 2024<strong>. El asunto de Ganancias y la coparticipaci\u00f3n fue parte del temario<\/strong>\u00a0y, en teor\u00eda, de las causas para el <\/p>\n\n\n\n<p>aplazamiento. Tampoco avanz\u00f3 la posibilidad de ir con el cordob\u00e9s, que por ese entonces a\u00fan ten\u00eda la recta final de su campa\u00f1a presidencial por delante. Hoy&nbsp;<strong>est\u00e1 de viaje por Arabia Saudita junto a su sucesor, Mart\u00edn Llaryora, y una alianza con Mendoza parece casi imposible.<\/strong><\/p>\n\n\n\n<p><strong>\u201cOjo, no est\u00e1 ganado ni mucho menos lo que queremos hacer\u201d, admitieron<\/strong>\u00a0quienes est\u00e1n con los n\u00fameros, el Presupuesto y la\u00a0<strong>Constituci\u00f3n\u00a0<\/strong>sobre el escritorio. \u201cEn algunas ocasiones estado ante demandas contra Naci\u00f3n a las que sabemos que podemos coronar; o sabemos que la Justicia nos tiene que hacer caso. En esta oportunidad existe la chance de que no nos vaya bien,\u00a0<strong>a pesar de que entendemos que el planteo es correcto\u201d<\/strong>, confesaron.  <\/p>\n\n\n\n<p>Precisamente desde el oficialismo nacional, que l\u00f3gicamente defiende los cambios hechos en ambos impuestos, vienen apunt\u00e1ndole al supuesto enojo mendocino con tono cr\u00edtico y desestimando que pueda prosperar. Ya\u00a0<strong>Sergio Massa<\/strong>, dijo que el el intento se quedar\u00eda en la nada. Tambi\u00e9n\u00a0<strong>Agust\u00edn Rossi<\/strong>\u00a0\u2013hablando con<strong>\u00a0Canal 7<\/strong>&#8211; opin\u00f3 que, si los mandatarios locales iban a quejarse,\u00a0<strong>deber\u00edan haberlo hecho cada vez que se subi\u00f3 el piso por decreto, ya que en esas oportunidades tambi\u00e9n se afectaba dinero coparticipable.<\/strong><\/p>\n\n\n\n<p>\u201cAunque en principio\u00a0<strong>tiene sentido lo que dice Rossi;\u00a0<\/strong>la verdad es que no es tan as\u00ed, porque en esas oportunidades los presupuestos se hab\u00edan trabajado pronosticando tales posibles cambios en el piso de Ganancias. Es decir, las provincias ten\u00edamos un paraguas. Ac\u00e1 lo que se hizo es algo distinto: no se subi\u00f3 un a vara, sino que<strong>\u00a0se modifica toda la estructura total de la ley\u201d,\u00a0<\/strong>aclar\u00f3 uno de los redactores del escrito que llegar\u00eda a manos de los\u00a0<strong>jueces supremos<\/strong>\u00a0en algunas horas.<\/p>\n\n\n\n<h2 class=\"wp-block-heading\">Debuta la Liga de Gobernadores: &#8220;Unidad y Paciencia&#8221;<\/h2>\n\n\n\n<p>Con esa uni\u00f3n de mandatarios estren\u00e1ndose&nbsp;<strong>ya no s\u00f3lo en terreno pol\u00edtico, sino -de concretarse- tambi\u00e9n judicial,&nbsp;<\/strong>asoma un gesto claro c\u00f3mo ser\u00e1n los<strong>&nbsp;nuevos tiempos para el frente.&nbsp;<\/strong>La Liga de Gobernadores de Juntos por el Cambio no tiene dudas: ante la alianza de<strong>&nbsp;Patricia Bullrich y Mauricio Macri con Javier Milei<\/strong>, son ellos los encargados de dar un paso adelante y reclamar el liderazgo de la coalici\u00f3n. Dieron el puntapi\u00e9 inicial con su comunicado de neutralidad; justo cuando el tablero pol\u00edtico tambaleaba y la br\u00fajula ideol\u00f3gica de varios ex Cambiemos giraba<strong>&nbsp;buscando un norte.<\/strong><\/p>\n\n\n\n<p><strong>\u201cEs importante respaldarnos en ese faro que aparece.<\/strong>\u00a0Venimos de una elecci\u00f3n en la que muchos de los propios no respaldaron a nuestra candidata; vamos a otra en la qu<strong>e parte de nuestro espacio est\u00e1 queriendo jugar con Milei\u00a0<\/strong>y otra parte con\u00a0<strong>Massa<\/strong>. Encima no tenemos un l\u00edder referenciado en absoluto para los pr\u00f3ximos a\u00f1os: mir\u00e1 lo complejo que es el panorama\u201d, cont\u00f3 desalentado uno de los actores principales del\u00a0<strong>armado local.<\/strong><\/p>\n\n\n\n<p>A su ennegrecido checklist habr\u00eda que sumarle que, incre\u00edblemente para ellos,&nbsp;<strong>ni siquiera estar\u00e1n en la discusi\u00f3n el pr\u00f3ximo 19 de noviembre,<\/strong>&nbsp;y eso que hace dos a\u00f1os la elecci\u00f3n les parec\u00eda completamente ganada. \u201cNadie supo ver venir, ni tampoco supo resistir, la implosi\u00f3n interna que se nos ven\u00eda encima. Ahora est\u00e1 a la vista de todos, cuando&nbsp;<strong>ya es demasiado tarde\u201d<\/strong>, coment\u00f3 a este diario ese interlocutor lleno de pesimismo y desde el bando de la&nbsp;<strong>UCR<\/strong>.<\/p>\n\n\n\n<p>Cerca de Suarez y Cornejo no lo ven as\u00ed, y por eso entienden que es estrat\u00e9gico el nacimiento de ese grupo de los 10.<strong>\u00a0&#8220;Ac\u00e1 hay muchos que creen que hay que votar a Massa para negociar\u00a0<\/strong>y otros que creen que la opci\u00f3n es Milei porque<strong>\u00a0de otra manera van a ser 10 a\u00f1os seguidos de kirchnerismo.<\/strong>\u00a0Bueno, ni una ni la otra: el gobierno que arranca en diciembre va a tener una luna de miel muy corta<strong>, seis meses; porque la situaci\u00f3n es cr\u00edtica.<\/strong>\u00a0Tenemos que mantenernos unidos y siendo oposici\u00f3n y vamos a emerger como la alternativa, indudablemente&#8221;. Las palabras son de una alta fuente del oficialismo. Unidad y paciencia, parecen sintetizar. Y la mirada puesta en las elecciones de\u00a0<strong>medio t\u00e9rmino en 2025.<\/strong><\/p>\n\n\n\n<p>Habr\u00eda que revisar exhaustivamente\u00a0<strong>cu\u00e1ndo hubo 10 gobernadores no peronistas\u00a0<\/strong>al mismo tiempo en la Argentina. Y a\u00fan m\u00e1s exhaustivamente habr\u00eda que preguntarse si a partir de ello pueden hacer una diferencia en los escenarios que vendr\u00e1n. El contacto con los 24 senadores y con los 97 diputados que le quedar\u00e1n al espacio desde diciembre parecen ser su herramienta central. Eso y la capacidad de dar certezas:<strong>\u00a0son los \u00fanicos de todo el espectro pol\u00edtico que no dudan en que el 10 de diciembre ser\u00e1n 100% oposici\u00f3n. El resto a\u00fan no lo sabe.<\/strong><\/p>\n\n\n\n<h2 class=\"wp-block-heading\">El rol de los mendocinos y la rosca en el Congreso<\/h2>\n\n\n\n<p>\u201cObviamente que el Alfredo tiene una importancia particular entre esos nombres. Por su bagaje como gobernador durante cuatro a\u00f1os; porque es el presidente del interbloque en Senadores y por el tiempo que lleva en pol\u00edtica; pero es muy pronto para saber qu\u00e9 cabezas asomar\u00e1n m\u00e1s que otras ah\u00ed. Adem\u00e1s, todas personalidades fuertes y vienen desde distintos lugares: Carlos Sadir es hombre de Gerardo Morales; Gustavo Vald\u00e9s y Rogelio Frigerio son nombres importantes y con su propia espalda; los m\u00e1s nuevos, como Maxi Pullaro y Nacho Torres, tambi\u00e9n son pibes que pisan fuerte. Es interesante ver qu\u00e9 surgir\u00e1 y c\u00f3mo\u201d, analiz\u00f3 un legislador nacional mendocino.<\/p>\n\n\n\n<p>Pero Cornejo, como cuando<strong>\u00a0reclama que no busquen ministros porque s\u00f3lo los sabe \u00e9l,\u00a0<\/strong>o como cuando dijo que no le inventaran candidatos a vice porque iba a sorprender, ya fue claro entre los suyos<strong>: &#8220;Estoy obligado a ser importante ah\u00ed,\u00a0<\/strong>pero no partidariamente, sino por todo lo que hay que pelear para Mendoza. En ese equipo no va a haber liderazgos \u00fanicos y ser\u00eda un error m\u00edo, o de cualquiera <\/p>\n\n\n\n<p>ue lo propusiese, pensar as\u00ed&#8221;, coment\u00f3 por estas horas.<\/p>\n\n\n\n<p>Para ese espacio de mandatarios locales,\u00a0<strong>la jugada de Bullrich, Macri y Milei<\/strong>\u00a0-a la que se sum\u00f3 Luis Petri- le dio la excusa ideal para levantar el perfil. Aparecieron, se mostraron y se declararon neutrales de cara al balotaje -probablemente, pensando en la estrategia esbozada renglones atr\u00e1s-. Ahora, sus aliados naturales son los senadores del frente<strong>, que esta semana ratificaron su unidad ya demostrada en estos a\u00f1os<\/strong>\u00a0-a diferencia de Diputados, nunca se partieron y votaron casi todo de la misma manera-. S\u00f3lo uno hizo algo distinto: a la vez que firm\u00f3 la unidad, tambi\u00e9n decidi\u00f3 apoyar el nuevo entente con Milei: fue\u00a0<strong>Humberto Schiavoni,\u00a0<\/strong>m\u00e1s conocido entre los mendocinos por ser el primer interventor que pusieron\u00a0<strong>en el PRO local, all\u00e1 por abril.<\/strong><\/p>\n\n\n\n<p>Y justamente esa jugada vino a repercutir en el presente, pero en este caso en Diputados. Ah\u00ed no s\u00f3lo no lograron tener a\u00fan se\u00f1ales de unidad, sino que la semana les depara un escenario que podr\u00eda ser opuesto a eso:<strong>&nbsp;Cristian Ritondo, hombre de Bullrich y de Macri desde la primera hora<\/strong>&nbsp;-y presidente del bloque PRO- est\u00e1 buscando nombres para un comunicado conjunto que se pronuncie favorable a la alianza con los libertarios.&nbsp;<strong>Cuentan que tante\u00f3 a un mendocino<\/strong>&nbsp;en su intentona.<\/p>\n\n\n\n<p><strong>\u00c1lvaro Mart\u00ednez<\/strong>. Es hasta ac\u00e1 el \u00fanico diputado nacional que ha admitido\u00a0<strong>respaldar a Milei.\u00a0<\/strong>Y sin embargo tampoco se va a sumar a la movida que arma Ritondo y buena parte de los halcones. Desde las filas amarillas dijeron que ya le avis\u00f3 de su negativa al bonaerense y que &#8220;puede tener que ver&#8221; con que firmar<strong>\u00a0ser\u00eda un banque a Bullrich<\/strong>. Justamente ella es quien les intervino el partido en Mendoza, desplaz\u00e1ndolo ni m\u00e1s ni menos que al propio\u00a0<strong>Mart\u00ednez<\/strong>. En conclusi\u00f3n, no firma.<\/p>\n\n\n\n<p>Idas y vueltas y bastante rosca<strong>. A veinte d\u00edas de las elecciones<\/strong>, los neutrales y la Liga de Gobernadores pusieron primera.<\/p>\n\n\n\n<p>Pero la Argentina a la que arribar\u00e1n es todav\u00eda incierta.<\/p>\n\n\n\n<p>FUENTE: diariouno.com.ar<\/p>\n","protected":false},"excerpt":{"rendered":"<p>Iban a ir en soledad, pero ahora esperan que se sumen al menos dos mandatarios m\u00e1s al reclamo. Es por los cambios en Ganancias y se agrega IVA. El Congreso, con mucha rosca. El rol de Cornejo Rodolfo Suarez\u00a0tiene definido demandar a la\u00a0Naci\u00f3n\u00a0este mismo lunes\u00a0por los cambios en\u00a0Ganancias\u00a0y su eventual merma a la coparticipaci\u00f3n -adem\u00e1s [&hellip;]<\/p>\n","protected":false},"author":2,"featured_media":2584,"comment_status":"open","ping_status":"open","sticky":true,"template":"","format":"standard","meta":[],"categories":[47],"tags":[],"_links":{"self":[{"href":"https:\/\/pasaenmendoza.com\/index.php?rest_route=\/wp\/v2\/posts\/2582"}],"collection":[{"href":"https:\/\/pasaenmendoza.com\/index.php?rest_route=\/wp\/v2\/posts"}],"about":[{"href":"https:\/\/pasaenmendoza.com\/index.php?rest_route=\/wp\/v2\/types\/post"}],"author":[{"embeddable":true,"href":"https:\/\/pasaenmendoza.com\/index.php?rest_route=\/wp\/v2\/users\/2"}],"replies":[{"embeddable":true,"href":"https:\/\/pasaenmendoza.com\/index.php?rest_route=%2Fwp%2Fv2%2Fcomments&post=2582"}],"version-history":[{"count":1,"href":"https:\/\/pasaenmendoza.com\/index.php?rest_route=\/wp\/v2\/posts\/2582\/revisions"}],"predecessor-version":[{"id":2585,"href":"https:\/\/pasaenmendoza.com\/index.php?rest_route=\/wp\/v2\/posts\/2582\/revisions\/2585"}],"wp:featuredmedia":[{"embeddable":true,"href":"https:\/\/pasaenmendoza.com\/index.php?rest_route=\/wp\/v2\/media\/2584"}],"wp:attachment":[{"href":"https:\/\/pasaenmendoza.com\/index.php?rest_route=%2Fwp%2Fv2%2Fmedia&parent=2582"}],"wp:term":[{"taxonomy":"category","embeddable":true,"href":"https:\/\/pasaenmendoza.com\/index.php?rest_route=%2Fwp%2Fv2%2Fcategories&post=2582"},{"taxonomy":"post_tag","embeddable":true,"href":"https:\/\/pasaenmendoza.com\/index.php?rest_route=%2Fwp%2Fv2%2Ftags&post=2582"}],"curies":[{"name":"wp","href":"https:\/\/api.w.org\/{rel}","templated":true}]}}